{"id":5607,"date":"2013-01-24T18:24:53","date_gmt":"2013-01-24T15:24:53","guid":{"rendered":"https:\/\/www.enerjigazetesi.ist\/?p=5607"},"modified":"2013-01-24T18:25:18","modified_gmt":"2013-01-24T15:25:18","slug":"enerji-verimliligi-ve-tasarrufu-saglayan-urunler-wiloda","status":"publish","type":"post","link":"https:\/\/www.enerjigazetesi.ist\/en\/enerji-verimliligi-ve-tasarrufu-saglayan-urunler-wiloda\/","title":{"rendered":"(Turkish) Enerji Verimlili\u011fi Ve Tasarrufu Sa\u011flayan \u00dcr\u00fcnler WILO&#8217;da&#8230;"},"content":{"rendered":"<p class=\"qtranxs-available-languages-message qtranxs-available-languages-message-en\">Sorry, this entry is only available in <a href=\"https:\/\/www.enerjigazetesi.ist\/tr\/wp-json\/wp\/v2\/posts\/5607\" class=\"qtranxs-available-language-link qtranxs-available-language-link-tr\" title=\"Turkish\">Turkish<\/a>. For the sake of viewer convenience, the content is shown below in the alternative language. You may click the link to switch the active language.<\/p><p><\/p>\n<h2>Pompa ve pompa sistemleri sekt\u00f6r\u00fcn\u00fcn dev kurulu\u015fu WILO T\u00fcrkiye, 4. Ulusal Enerji Verimlili\u011fi Forumu ve Fuar\u0131&#8217;na kat\u0131ld\u0131.<\/h2>\n<p>WILO T\u00fcrkiye, y\u00fcksek oranda enerji verimlili\u011fi sa\u011flayan \u00fcr\u00fcnlerini kat\u0131l\u0131mc\u0131larla bulu\u015ftururken, Enerji ve Tabii Kaynaklar Bakan\u0131 Taner Y\u0131ld\u0131z da WILO stand\u0131n\u0131ziyaret ederek\u00fcr\u00fcnler hakk\u0131nda bilgiler ald\u0131. UEVF 2013&#8217;te ayr\u0131ca WILO&#8217;nun yeni logosuilk kez kullan\u0131ld\u0131.<\/p>\n<p><img loading=\"lazy\" class=\"alignright size-medium wp-image-5608\" title=\"wilo-uevf-2013\" src=\"https:\/\/www.enerjigazetesi.ist\/wp-content\/uploads\/2013\/01\/wilo-uevf-2013-300x200.jpg\" alt=\"\" width=\"300\" height=\"200\" srcset=\"https:\/\/www.enerjigazetesi.ist\/wp-content\/uploads\/2013\/01\/wilo-uevf-2013-300x200.jpg 300w, https:\/\/www.enerjigazetesi.ist\/wp-content\/uploads\/2013\/01\/wilo-uevf-2013-500x333.jpg 500w, https:\/\/www.enerjigazetesi.ist\/wp-content\/uploads\/2013\/01\/wilo-uevf-2013-75x50.jpg 75w, https:\/\/www.enerjigazetesi.ist\/wp-content\/uploads\/2013\/01\/wilo-uevf-2013.jpg 900w\" sizes=\"(max-width: 300px) 100vw, 300px\" \/>Y\u00fcksek oranda enerji verimlili\u011fi sa\u011flayan, \u00fcst\u00fcn teknolojiye sahip \u00fcr\u00fcnleriyle sekt\u00f6r\u00fcnde farkl\u0131 bir yer edinen WILO T\u00fcrkiye, 10-11 Ocak 2013 tarihlerinde WOW Convention Center \u0130stanbul&#8217;da d\u00fczenlenen, UEVF 2013 &#8211; 4.Ulusal Enerji Verimlili\u011fi Forum ve Fuar\u0131&#8217;na kat\u0131ld\u0131.<\/p>\n<p>Sekt\u00f6rde pazar lideriolan WILO&#8217;nun enerji tasarruflu \u00fcr\u00fcnleri fuar kat\u0131l\u0131mc\u0131lar\u0131 taraf\u0131ndan ilgiyle kar\u015f\u0131lan\u0131rken, Enerji ve Tabii Kaynaklar Bakan\u0131 Taner Y\u0131ld\u0131z da WILO stand\u0131n\u0131 ziyaret edenler aras\u0131ndayd\u0131. Bakan Taner Y\u0131ld\u0131z stant ziyareti s\u0131ras\u0131nda yetkililerden \u00fcr\u00fcnler ve hizmetler hakk\u0131nda bilgi ald\u0131.<\/p>\n<p>WILO&#8217;nun bu y\u0131l fuar kat\u0131l\u0131mc\u0131lar\u0131na bir de s\u00fcrprizi vard\u0131. WILO&#8217;nun yeni logosu ilk kez UEVF 2013 stand\u0131nda kullan\u0131ld\u0131.<\/p>\n<p>Enerji Verimlili\u011fi Haftas\u0131 kapsam\u0131ndager\u00e7ekle\u015ftirilenUEVF 2013 &#8211; 4.Ulusal Enerji Verimlili\u011fi Forum ve Fuar\u0131&#8217;na, enerji sekt\u00f6r\u00fcnde faaliyet g\u00f6steren d\u00fcnyan\u0131n en b\u00fcy\u00fck markalar\u0131, kamu kurum ve kurulu\u015flar\u0131,\u00f6zelsekt\u00f6rden \u00fcst d\u00fczey y\u00f6neticiler ve akademisyenler kat\u0131ld\u0131. UEVF 2013 bu y\u0131l, &#8220;Verimli Kullan\u0131rsan, Enerji Gelecektir&#8221; temas\u0131 ile ger\u00e7ekle\u015ftirildi.<\/p>\n<p>Kaynak: <a href=\"http:\/\/www.haberler.com\/wilo-nun-enerji-tasarrufu-saglayan-urunler-4272895-haberi\/\" target=\"_blank\">Haberler<\/a><\/p>","protected":false},"excerpt":{"rendered":"<p>Sorry, this entry is only available in Turkish. For the sake of viewer convenience, the content is shown below in the alternative language. You may click the link to switch the active language. Pompa ve pompa sistemleri sekt\u00f6r\u00fcn\u00fcn dev kurulu\u015fu WILO T\u00fcrkiye, 4. Ulusal Enerji Verimlili\u011fi Forumu ve Fuar\u0131&#8217;na kat\u0131ld\u0131. WILO T\u00fcrkiye, y\u00fcksek oranda enerji [&hellip;]<\/p>\n","protected":false},"author":1,"featured_media":5608,"comment_status":"open","ping_status":"open","sticky":false,"template":"","format":"standard","meta":[],"categories":[53,52],"tags":[67,103,12,738,1983,1984],"views":651,"_links":{"self":[{"href":"https:\/\/www.enerjigazetesi.ist\/en\/wp-json\/wp\/v2\/posts\/5607"}],"collection":[{"href":"https:\/\/www.enerjigazetesi.ist\/en\/wp-json\/wp\/v2\/posts"}],"about":[{"href":"https:\/\/www.enerjigazetesi.ist\/en\/wp-json\/wp\/v2\/types\/post"}],"author":[{"embeddable":true,"href":"https:\/\/www.enerjigazetesi.ist\/en\/wp-json\/wp\/v2\/users\/1"}],"replies":[{"embeddable":true,"href":"https:\/\/www.enerjigazetesi.ist\/en\/wp-json\/wp\/v2\/comments?post=5607"}],"version-history":[{"count":3,"href":"https:\/\/www.enerjigazetesi.ist\/en\/wp-json\/wp\/v2\/posts\/5607\/revisions"}],"predecessor-version":[{"id":5611,"href":"https:\/\/www.enerjigazetesi.ist\/en\/wp-json\/wp\/v2\/posts\/5607\/revisions\/5611"}],"wp:featuredmedia":[{"embeddable":true,"href":"https:\/\/www.enerjigazetesi.ist\/en\/wp-json\/wp\/v2\/media\/5608"}],"wp:attachment":[{"href":"https:\/\/www.enerjigazetesi.ist\/en\/wp-json\/wp\/v2\/media?parent=5607"}],"wp:term":[{"taxonomy":"category","embeddable":true,"href":"https:\/\/www.enerjigazetesi.ist\/en\/wp-json\/wp\/v2\/categories?post=5607"},{"taxonomy":"post_tag","embeddable":true,"href":"https:\/\/www.enerjigazetesi.ist\/en\/wp-json\/wp\/v2\/tags?post=5607"}],"curies":[{"name":"wp","href":"https:\/\/api.w.org\/{rel}","templated":true}]}}