{"id":56068,"date":"2016-08-04T14:29:33","date_gmt":"2016-08-04T11:29:33","guid":{"rendered":"https:\/\/www.enerjigazetesi.ist\/?p=56068"},"modified":"2016-08-04T14:37:43","modified_gmt":"2016-08-04T11:37:43","slug":"omv-petrol-ofisine-avrupadan-yogun-bir-ilgi-olmadi","status":"publish","type":"post","link":"https:\/\/www.enerjigazetesi.ist\/en\/omv-petrol-ofisine-avrupadan-yogun-bir-ilgi-olmadi\/","title":{"rendered":"(Turkish) OMV: \u201cPetrol Ofisi\u2019ne Avrupa\u2019dan Yo\u011fun Bir \u0130lgi Olmad\u0131&#8230;\u201d"},"content":{"rendered":"<p class=\"qtranxs-available-languages-message qtranxs-available-languages-message-en\">Sorry, this entry is only available in <a href=\"https:\/\/www.enerjigazetesi.ist\/tr\/wp-json\/wp\/v2\/posts\/56068\" class=\"qtranxs-available-language-link qtranxs-available-language-link-tr\" title=\"Turkish\">Turkish<\/a>. For the sake of viewer convenience, the content is shown below in the alternative language. You may click the link to switch the active language.<\/p><p><\/p>\n<p class=\"selectionShareable\" style=\"color: #0a0a0a;\"><strong>Avusturyal\u0131 enerji \u015firketi OMV\u2019nin CEO\u2019su sat\u0131\u015fa \u00e7\u0131kar\u0131lan Petrol Ofisi\u2019ne Avrupa\u2019dan yo\u011fun bir ilgi gelmedi\u011fini ve sat\u0131\u015f\u0131n 2017\u2019den \u00f6nce tamamlanmas\u0131n\u0131n beklenmedi\u011fini\u00a0s\u00f6yledi.<a href=\"https:\/\/www.enerjigazetesi.ist\/wp-content\/uploads\/2015\/07\/petrol-ofisinin-kamu-ihalelerine-katilma-yasagi-kaldirildi.jpg\"><img loading=\"lazy\" class=\"alignright size-medium wp-image-41064\" src=\"https:\/\/www.enerjigazetesi.ist\/wp-content\/uploads\/2015\/07\/petrol-ofisinin-kamu-ihalelerine-katilma-yasagi-kaldirildi-300x168.jpg\" alt=\"petrol-ofisi\" width=\"300\" height=\"168\" srcset=\"https:\/\/www.enerjigazetesi.ist\/wp-content\/uploads\/2015\/07\/petrol-ofisinin-kamu-ihalelerine-katilma-yasagi-kaldirildi-300x168.jpg 300w, https:\/\/www.enerjigazetesi.ist\/wp-content\/uploads\/2015\/07\/petrol-ofisinin-kamu-ihalelerine-katilma-yasagi-kaldirildi-500x281.jpg 500w, https:\/\/www.enerjigazetesi.ist\/wp-content\/uploads\/2015\/07\/petrol-ofisinin-kamu-ihalelerine-katilma-yasagi-kaldirildi-80x44.jpg 80w, https:\/\/www.enerjigazetesi.ist\/wp-content\/uploads\/2015\/07\/petrol-ofisinin-kamu-ihalelerine-katilma-yasagi-kaldirildi.jpg 649w\" sizes=\"(max-width: 300px) 100vw, 300px\" \/><\/a><\/strong><span id=\"more-82756\"><\/span><\/p>\n<p class=\"selectionShareable\" style=\"color: #0a0a0a;\">Avusturyal\u0131 enerji \u015firketi OMV, 2006 y\u0131l\u0131nda Petrol Ofisi\u2019ni Do\u011fan \u015eirketler Grubu\u2019ndan yakla\u015f\u0131k 3 milyar dolara sat\u0131n alm\u0131\u015f, \u015fubat ay\u0131nda ise \u015firketin \u00e7o\u011funluk hisselerini nakit \u00f6nceli\u011fi nedeniyle sat\u0131\u015fa \u00e7\u0131karaca\u011f\u0131n\u0131\u00a0a\u00e7\u0131klam\u0131\u015ft\u0131.<\/p>\n<p class=\"selectionShareable\" style=\"color: #0a0a0a;\">\u015eirket yetkilileri haziran ay\u0131 sonunda yapt\u0131klar\u0131 a\u00e7\u0131klamada, \u201cPetrol Ofisi ile ilgilenen taraflar var, bunlardan herhangi birinin makul bir fiyat verip veremeyece\u011fi hen\u00fcz belli de\u011fil\u201d demi\u015fti.<\/p>\n<p class=\"selectionShareable\" style=\"color: #0a0a0a;\">Petrol Ofisi\u2019nin \u015fu anda T\u00fcrkiye\u00a0genelinde bin 785 akaryak\u0131t istasyonu\u00a0bulunmaktad\u0131r.<\/p>\n<p><\/p>","protected":false},"excerpt":{"rendered":"<p>Sorry, this entry is only available in Turkish. For the sake of viewer convenience, the content is shown below in the alternative language. You may click the link to switch the active language. Avusturyal\u0131 enerji \u015firketi OMV\u2019nin CEO\u2019su sat\u0131\u015fa \u00e7\u0131kar\u0131lan Petrol Ofisi\u2019ne Avrupa\u2019dan yo\u011fun bir ilgi gelmedi\u011fini ve sat\u0131\u015f\u0131n 2017\u2019den \u00f6nce tamamlanmas\u0131n\u0131n beklenmedi\u011fini\u00a0s\u00f6yledi. Avusturyal\u0131 enerji [&hellip;]<\/p>\n","protected":false},"author":1,"featured_media":41064,"comment_status":"open","ping_status":"open","sticky":false,"template":"","format":"standard","meta":[],"categories":[53,44],"tags":[30940,63,67,1009,2698,165,2818,59,79,2388,10059,30668,887,2522],"views":835,"_links":{"self":[{"href":"https:\/\/www.enerjigazetesi.ist\/en\/wp-json\/wp\/v2\/posts\/56068"}],"collection":[{"href":"https:\/\/www.enerjigazetesi.ist\/en\/wp-json\/wp\/v2\/posts"}],"about":[{"href":"https:\/\/www.enerjigazetesi.ist\/en\/wp-json\/wp\/v2\/types\/post"}],"author":[{"embeddable":true,"href":"https:\/\/www.enerjigazetesi.ist\/en\/wp-json\/wp\/v2\/users\/1"}],"replies":[{"embeddable":true,"href":"https:\/\/www.enerjigazetesi.ist\/en\/wp-json\/wp\/v2\/comments?post=56068"}],"version-history":[{"count":2,"href":"https:\/\/www.enerjigazetesi.ist\/en\/wp-json\/wp\/v2\/posts\/56068\/revisions"}],"predecessor-version":[{"id":56073,"href":"https:\/\/www.enerjigazetesi.ist\/en\/wp-json\/wp\/v2\/posts\/56068\/revisions\/56073"}],"wp:featuredmedia":[{"embeddable":true,"href":"https:\/\/www.enerjigazetesi.ist\/en\/wp-json\/wp\/v2\/media\/41064"}],"wp:attachment":[{"href":"https:\/\/www.enerjigazetesi.ist\/en\/wp-json\/wp\/v2\/media?parent=56068"}],"wp:term":[{"taxonomy":"category","embeddable":true,"href":"https:\/\/www.enerjigazetesi.ist\/en\/wp-json\/wp\/v2\/categories?post=56068"},{"taxonomy":"post_tag","embeddable":true,"href":"https:\/\/www.enerjigazetesi.ist\/en\/wp-json\/wp\/v2\/tags?post=56068"}],"curies":[{"name":"wp","href":"https:\/\/api.w.org\/{rel}","templated":true}]}}