{"id":55995,"date":"2016-08-02T09:46:08","date_gmt":"2016-08-02T06:46:08","guid":{"rendered":"https:\/\/www.enerjigazetesi.ist\/?p=55995"},"modified":"2016-08-02T09:46:25","modified_gmt":"2016-08-02T06:46:25","slug":"gunes-enerjisi-sistem-saglayicisi-solarcityi-tesla-satin-aldi","status":"publish","type":"post","link":"https:\/\/www.enerjigazetesi.ist\/en\/gunes-enerjisi-sistem-saglayicisi-solarcityi-tesla-satin-aldi\/","title":{"rendered":"(Turkish) G\u00fcne\u015f Enerjisi Sistem Sa\u011flay\u0131c\u0131s\u0131 SolarCity\u2019i Tesla Sat\u0131n Ald\u0131!"},"content":{"rendered":"<p class=\"qtranxs-available-languages-message qtranxs-available-languages-message-en\">Sorry, this entry is only available in <a href=\"https:\/\/www.enerjigazetesi.ist\/tr\/wp-json\/wp\/v2\/posts\/55995\" class=\"qtranxs-available-language-link qtranxs-available-language-link-tr\" title=\"Turkish\">Turkish<\/a>. For the sake of viewer convenience, the content is shown below in the alternative language. You may click the link to switch the active language.<\/p><p><\/p>\n<p class=\"selectionShareable\" style=\"color: #0a0a0a;\"><strong>Amerikal\u0131 elektrikli otomobil \u00fcreticisi Tesla, karde\u015f \u015firketi g\u00fcne\u015f enerjisi sistem sa\u011flay\u0131c\u0131<a href=\"https:\/\/www.enerjigazetesi.ist\/wp-content\/uploads\/2016\/06\/tesladan-solarcityye-28-milyar-dolarlik-teklif.jpg\"><img loading=\"lazy\" class=\"alignright size-medium wp-image-54503\" src=\"https:\/\/www.enerjigazetesi.ist\/wp-content\/uploads\/2016\/06\/tesladan-solarcityye-28-milyar-dolarlik-teklif-300x165.jpg\" alt=\"tesladan-solarcityye-28-milyar-dolarlik-teklif\" width=\"300\" height=\"165\" srcset=\"https:\/\/www.enerjigazetesi.ist\/wp-content\/uploads\/2016\/06\/tesladan-solarcityye-28-milyar-dolarlik-teklif-300x165.jpg 300w, https:\/\/www.enerjigazetesi.ist\/wp-content\/uploads\/2016\/06\/tesladan-solarcityye-28-milyar-dolarlik-teklif-500x275.jpg 500w, https:\/\/www.enerjigazetesi.ist\/wp-content\/uploads\/2016\/06\/tesladan-solarcityye-28-milyar-dolarlik-teklif-80x44.jpg 80w, https:\/\/www.enerjigazetesi.ist\/wp-content\/uploads\/2016\/06\/tesladan-solarcityye-28-milyar-dolarlik-teklif.jpg 800w\" sizes=\"(max-width: 300px) 100vw, 300px\" \/><\/a>s\u0131 SolarCity\u2019yi sat\u0131n ald\u0131\u011f\u0131n\u0131n duyurusunu yapt\u0131.<\/strong><span id=\"more-82681\"><\/span><\/p>\n<p class=\"selectionShareable\" style=\"color: #0a0a0a;\">Tesla\u2019dan yap\u0131lan a\u00e7\u0131klamada, SolarCity\u2019inin 2.6 milyar Dolar kar\u015f\u0131l\u0131\u011f\u0131nda sat\u0131n al\u0131nd\u0131\u011f\u0131 ifade edildi. Ayn\u0131 ki\u015filer taraf\u0131ndan kurulan iki \u015firketin tek \u00e7at\u0131 alt\u0131nda toplanmas\u0131n\u0131n ard\u0131ndan, g\u00fcne\u015f enerjisi panelleri ve elektrikli ak\u00fcler bir marka taraf\u0131ndan piyasaya sunulacak. Tesla hisse senetleri anla\u015fman\u0131n ard\u0131ndan y\u00fczde 7 de\u011fer kazanc\u0131 sa\u011flad\u0131.<\/p>\n<p class=\"selectionShareable\" style=\"color: #0a0a0a;\">Anla\u015fmay\u0131 takip eden ilk y\u0131lda Tesla ve SolarCity\u2019nin 150 milyon Dolar tasarruf sa\u011flamas\u0131\u00a0bekleniyor. Temiz enerji alan\u0131nda \u00e7al\u0131\u015fan iki \u015firketin birle\u015fme ile \u00fcretim verimlili\u011finin artaca\u011f\u0131 da\u00a0belirtildi.<\/p>\n<p><\/p>","protected":false},"excerpt":{"rendered":"<p>Sorry, this entry is only available in Turkish. For the sake of viewer convenience, the content is shown below in the alternative language. You may click the link to switch the active language. Amerikal\u0131 elektrikli otomobil \u00fcreticisi Tesla, karde\u015f \u015firketi g\u00fcne\u015f enerjisi sistem sa\u011flay\u0131c\u0131s\u0131 SolarCity\u2019yi sat\u0131n ald\u0131\u011f\u0131n\u0131n duyurusunu yapt\u0131. Tesla\u2019dan yap\u0131lan a\u00e7\u0131klamada, SolarCity\u2019inin 2.6 milyar [&hellip;]<\/p>\n","protected":false},"author":1,"featured_media":54503,"comment_status":"open","ping_status":"open","sticky":false,"template":"","format":"standard","meta":[],"categories":[53,49],"tags":[30901,63,67,1009,2698,165,227,13,30902,23133,22975,4269,5421,842,19437],"views":996,"_links":{"self":[{"href":"https:\/\/www.enerjigazetesi.ist\/en\/wp-json\/wp\/v2\/posts\/55995"}],"collection":[{"href":"https:\/\/www.enerjigazetesi.ist\/en\/wp-json\/wp\/v2\/posts"}],"about":[{"href":"https:\/\/www.enerjigazetesi.ist\/en\/wp-json\/wp\/v2\/types\/post"}],"author":[{"embeddable":true,"href":"https:\/\/www.enerjigazetesi.ist\/en\/wp-json\/wp\/v2\/users\/1"}],"replies":[{"embeddable":true,"href":"https:\/\/www.enerjigazetesi.ist\/en\/wp-json\/wp\/v2\/comments?post=55995"}],"version-history":[{"count":2,"href":"https:\/\/www.enerjigazetesi.ist\/en\/wp-json\/wp\/v2\/posts\/55995\/revisions"}],"predecessor-version":[{"id":55997,"href":"https:\/\/www.enerjigazetesi.ist\/en\/wp-json\/wp\/v2\/posts\/55995\/revisions\/55997"}],"wp:featuredmedia":[{"embeddable":true,"href":"https:\/\/www.enerjigazetesi.ist\/en\/wp-json\/wp\/v2\/media\/54503"}],"wp:attachment":[{"href":"https:\/\/www.enerjigazetesi.ist\/en\/wp-json\/wp\/v2\/media?parent=55995"}],"wp:term":[{"taxonomy":"category","embeddable":true,"href":"https:\/\/www.enerjigazetesi.ist\/en\/wp-json\/wp\/v2\/categories?post=55995"},{"taxonomy":"post_tag","embeddable":true,"href":"https:\/\/www.enerjigazetesi.ist\/en\/wp-json\/wp\/v2\/tags?post=55995"}],"curies":[{"name":"wp","href":"https:\/\/api.w.org\/{rel}","templated":true}]}}