{"id":55935,"date":"2016-07-30T16:09:02","date_gmt":"2016-07-30T13:09:02","guid":{"rendered":"https:\/\/www.enerjigazetesi.ist\/?p=55935"},"modified":"2016-07-30T16:17:55","modified_gmt":"2016-07-30T13:17:55","slug":"ruzgar-sektoru-icin-yarisma-yonetmeliginin-degerlendirilmesi-yapildi","status":"publish","type":"post","link":"https:\/\/www.enerjigazetesi.ist\/en\/ruzgar-sektoru-icin-yarisma-yonetmeliginin-degerlendirilmesi-yapildi\/","title":{"rendered":"(Turkish) R\u00fczgar Sekt\u00f6r\u00fc \u0130\u00e7in Yar\u0131\u015fma Y\u00f6netmeli\u011finin De\u011ferlendirilmesi Yap\u0131ld\u0131&#8230;"},"content":{"rendered":"<p class=\"qtranxs-available-languages-message qtranxs-available-languages-message-en\">Sorry, this entry is only available in <a href=\"https:\/\/www.enerjigazetesi.ist\/tr\/wp-json\/wp\/v2\/posts\/55935\" class=\"qtranxs-available-language-link qtranxs-available-language-link-tr\" title=\"Turkish\">Turkish<\/a>. For the sake of viewer convenience, the content is shown below in the alternative language. You may click the link to switch the active language.<\/p><p><strong>R\u00fczgar sekt\u00f6r\u00fc yar\u0131\u015fma y\u00f6netmeli\u011fini bekliyor.<\/strong> <strong>Sonbahar\u2019da haz\u0131r olaca\u011f\u0131 tahmin edilen y\u00f6netmeli\u011fe ili\u015fkin dile getirilen g\u00f6r\u00fc\u015f ve \u00f6nerilerin, T\u00dcREB b\u00fcnyesinde olu\u015fturulan komisyon taraf\u0131ndan raporlan\u0131p ilgili kurum ve kurulu\u015flara en k\u0131sa zamanda iletilece\u011fi de\u00a0belirtildi.<\/strong><\/p>\n<p>T\u00fcrkiye R\u00fczgar Enerjisi Birli\u011fi\u2019nin (T\u00dcREB) organize etti\u011fi, R\u00fczgar ve G\u00fcne\u015f enerjisine dayal\u0131 \u00fcretim tesisi kurmak \u00fczere yap\u0131lan \u00f6n lisans ba\u015fvurular\u0131na ili\u015fkin yar\u0131\u015fma y\u00f6netmeli\u011fi de\u011ferlendirme toplant\u0131s\u0131, ge\u00e7ti\u011fimiz g\u00fcn Ye<a href=\"https:\/\/www.enerjigazetesi.ist\/wp-content\/uploads\/2016\/07\/ruzgar-sektoru-icin-yarisma-yonetmeliginin-degerlendirilmesi-yapildi-2.jpg\"><img loading=\"lazy\" class=\"alignleft wp-image-55939 size-full\" src=\"https:\/\/www.enerjigazetesi.ist\/wp-content\/uploads\/2016\/07\/ruzgar-sektoru-icin-yarisma-yonetmeliginin-degerlendirilmesi-yapildi-2.jpg\" alt=\"ruzgar-sektoru-icin-yarisma-yonetmeliginin-degerlendirilmesi-yapildi-2\" width=\"300\" height=\"200\" srcset=\"https:\/\/www.enerjigazetesi.ist\/wp-content\/uploads\/2016\/07\/ruzgar-sektoru-icin-yarisma-yonetmeliginin-degerlendirilmesi-yapildi-2.jpg 300w, https:\/\/www.enerjigazetesi.ist\/wp-content\/uploads\/2016\/07\/ruzgar-sektoru-icin-yarisma-yonetmeliginin-degerlendirilmesi-yapildi-2-75x50.jpg 75w\" sizes=\"(max-width: 300px) 100vw, 300px\" \/><\/a>nilenebilir Enerji Genel M\u00fcd\u00fcrl\u00fc\u011f\u00fcn\u00fcn toplant\u0131 salonunda sekt\u00f6r payda\u015flar\u0131n\u0131n kat\u0131l\u0131m\u0131yla\u00a0d\u00fczenlendi.<\/p>\n<p>Toplant\u0131n\u0131n a\u00e7\u0131l\u0131\u015f konu\u015fmalar\u0131n\u0131 Yenilenebilir Enerji Genel M\u00fcd\u00fcr\u00fc Dr. O\u011fuz Can ve Eski Genel M\u00fcd\u00fcr\u00fc M\u00fcnip Karak\u0131l\u0131\u00e7 ger\u00e7ekle\u015ftirdi. Karak\u0131l\u0131\u00e7\u2019a sekt\u00f6re katk\u0131lar\u0131ndan dolay\u0131 T\u00dcREB taraf\u0131ndan te\u015fekk\u00fcr plaketi\u00a0takdim edildi.<\/p>\n<p>Kat\u0131l\u0131m\u0131n yo\u011fun oldu\u011fu g\u00f6zlenen toplant\u0131da EPDK Grup Ba\u015fkan\u0131 Dr. Refik Tiryaki, Teia\u015f Planlama Daire Ba\u015fkanl\u0131\u011f\u0131ndan Kaz\u0131m \u015eenocak ve Yenilenebilir Enerji Daire Ba\u015fkan\u0131 Sebahattin \u00d6z taslak y\u00f6netmelikle ilgili bilgiler payla\u015ft\u0131.<\/p>\n<p>Daha sonra toplant\u0131ya kat\u0131lan Teia\u015f Daire ba\u015fkan\u0131 Erc\u00fcment \u00d6zdemirci ise gelen sorular\u0131 yan\u0131tlad\u0131. Sekt\u00f6r\u00fcn de\u011ferlendirmelerine ihtiya\u00e7 duyduklar\u0131n\u0131 ifade eden yetkililer toplant\u0131n\u0131n ikinci b\u00f6l\u00fcm\u00fcnde, sekt\u00f6r payda\u015flar\u0131n\u0131n iletti\u011fi \u00f6nerileri dikkatle dinledi.<\/p>\n<p><strong>R\u00fczgar sekt\u00f6r\u00fc yar\u0131\u015fma y\u00f6netmeli\u011fini beklemektedir<\/strong><\/p>\n<p>T\u00fcreb Ba\u015fkan\u0131 Mustafa Serdar Ataseven de\u011ferlendirme toplant\u0131s\u0131n\u0131n verimli ge\u00e7ti\u011fini s\u00f6yledi. Teia\u015f\u2019\u0131n 2014 y\u0131l\u0131nda a\u00e7\u0131klad\u0131\u011f\u0131 3.000 MW\u2019l\u0131k kapasite i\u00e7in ge\u00e7en y\u0131l nisan ay\u0131nda al\u0131nan ba\u015fvurular nedeniyle yat\u0131r\u0131mc\u0131n\u0131n g\u00f6z\u00fcn\u00fcn yar\u0131\u015fma y\u00f6netmeli\u011finde oldu\u011funu kaydeden Ataseven, geriye d\u00f6n\u00fck uygulamalar\u0131n olmamas\u0131 ve sekt\u00f6r\u00fcn ileriye gitmesi i\u00e7in titiz haz\u0131rlanm\u0131\u015f bir y\u00f6netmelik beklediklerini\u00a0s\u00f6yledi.<\/p>\n<p>Sonbahar\u2019da haz\u0131r olaca\u011f\u0131 tahmin edilen y\u00f6netmeli\u011fe ili\u015fkin dile getirilen g\u00f6r\u00fc\u015f ve \u00f6nerilerin, T\u00dcREB b\u00fcnyesinde olu\u015fturulan komisyon taraf\u0131ndan raporlan\u0131p ilgili kurum ve kurulu\u015flara en k\u0131sa zamanda iletilece\u011fi bildirildi.<\/p>\n<p><strong>Toplant\u0131ya ait video kay\u0131tlar\u0131<\/strong> <a href=\"http:\/\/www.tureb.tv%27den\/\">www.tureb.tv\u2019den<\/a> izlenebilir.<\/p>","protected":false},"excerpt":{"rendered":"<p>Sorry, this entry is only available in Turkish. For the sake of viewer convenience, the content is shown below in the alternative language. You may click the link to switch the active language.R\u00fczgar sekt\u00f6r\u00fc yar\u0131\u015fma y\u00f6netmeli\u011fini bekliyor. Sonbahar\u2019da haz\u0131r olaca\u011f\u0131 tahmin edilen y\u00f6netmeli\u011fe ili\u015fkin dile getirilen g\u00f6r\u00fc\u015f ve \u00f6nerilerin, T\u00dcREB b\u00fcnyesinde olu\u015fturulan komisyon taraf\u0131ndan raporlan\u0131p [&hellip;]<\/p>\n","protected":false},"author":1,"featured_media":55939,"comment_status":"open","ping_status":"open","sticky":false,"template":"","format":"standard","meta":[],"categories":[53,50],"tags":[63,67,1009,2698,165,3388,69,16,23318,22615,4784,30875,30874,1682,3390],"views":1065,"_links":{"self":[{"href":"https:\/\/www.enerjigazetesi.ist\/en\/wp-json\/wp\/v2\/posts\/55935"}],"collection":[{"href":"https:\/\/www.enerjigazetesi.ist\/en\/wp-json\/wp\/v2\/posts"}],"about":[{"href":"https:\/\/www.enerjigazetesi.ist\/en\/wp-json\/wp\/v2\/types\/post"}],"author":[{"embeddable":true,"href":"https:\/\/www.enerjigazetesi.ist\/en\/wp-json\/wp\/v2\/users\/1"}],"replies":[{"embeddable":true,"href":"https:\/\/www.enerjigazetesi.ist\/en\/wp-json\/wp\/v2\/comments?post=55935"}],"version-history":[{"count":5,"href":"https:\/\/www.enerjigazetesi.ist\/en\/wp-json\/wp\/v2\/posts\/55935\/revisions"}],"predecessor-version":[{"id":55942,"href":"https:\/\/www.enerjigazetesi.ist\/en\/wp-json\/wp\/v2\/posts\/55935\/revisions\/55942"}],"wp:featuredmedia":[{"embeddable":true,"href":"https:\/\/www.enerjigazetesi.ist\/en\/wp-json\/wp\/v2\/media\/55939"}],"wp:attachment":[{"href":"https:\/\/www.enerjigazetesi.ist\/en\/wp-json\/wp\/v2\/media?parent=55935"}],"wp:term":[{"taxonomy":"category","embeddable":true,"href":"https:\/\/www.enerjigazetesi.ist\/en\/wp-json\/wp\/v2\/categories?post=55935"},{"taxonomy":"post_tag","embeddable":true,"href":"https:\/\/www.enerjigazetesi.ist\/en\/wp-json\/wp\/v2\/tags?post=55935"}],"curies":[{"name":"wp","href":"https:\/\/api.w.org\/{rel}","templated":true}]}}