{"id":5593,"date":"2013-01-24T15:27:28","date_gmt":"2013-01-24T12:27:28","guid":{"rendered":"https:\/\/www.enerjigazetesi.ist\/?p=5593"},"modified":"2013-01-24T15:27:28","modified_gmt":"2013-01-24T12:27:28","slug":"almanyada-nukleer-enerji-tarih-oluyor","status":"publish","type":"post","link":"https:\/\/www.enerjigazetesi.ist\/en\/almanyada-nukleer-enerji-tarih-oluyor\/","title":{"rendered":"(Turkish) Almanya&#8217;da N\u00fckleer Enerji Tarih Oluyor!"},"content":{"rendered":"<p class=\"qtranxs-available-languages-message qtranxs-available-languages-message-en\">Sorry, this entry is only available in <a href=\"https:\/\/www.enerjigazetesi.ist\/tr\/wp-json\/wp\/v2\/posts\/5593\" class=\"qtranxs-available-language-link qtranxs-available-language-link-tr\" title=\"Turkish\">Turkish<\/a>. For the sake of viewer convenience, the content is shown below in the alternative language. You may click the link to switch the active language.<\/p><p><strong>Almanya \u00c7evre Bakan\u0131 Peter Altmaier, bir daha d\u00f6n\u00fclmemek \u00fczere n\u00fckleer enerjiden vazge\u00e7eceklerini s\u00f6yledi. Almanya, yenilenebilir enerjide &#8220;Made in Germany&#8221; markas\u0131n\u0131 olu\u015fturup d\u00fcnyaya yeni teknolojiyi ihra\u00e7 etmeyi hedefliyor.<\/strong><br \/>\nAvrupa&#8217;n\u0131n end\u00fcstri ve sanayi devi Almanya&#8217;da n\u00fckleer enerji tarihe kar\u0131\u015facak. T\u00fcrkiye&#8217;nin n\u00fckleer enerjiye y\u00f6neldi\u011fi bir zaman diliminde enerji ihtiyac\u0131n\u0131n b\u00fcy\u00fck k\u0131sm\u0131n\u0131 n\u00fckleer santrallerden elde eden Almanya&#8217;da Federal \u00c7evre Bakan\u0131 Peter Altmaier bir daha d\u00f6n\u00fclmemek \u00fczere n\u00fckleer enerjiden vazge\u00e7ilece\u011fini s\u00f6yledi.<br \/>\n<img loading=\"lazy\" class=\"alignright size-full wp-image-5594\" title=\"almanya-nukleer-enerji-tarih-oluyor\" src=\"https:\/\/www.enerjigazetesi.ist\/wp-content\/uploads\/2013\/01\/almanya-nukleer-enerji-tarih-oluyor.jpg\" alt=\"\" width=\"282\" height=\"203\" srcset=\"https:\/\/www.enerjigazetesi.ist\/wp-content\/uploads\/2013\/01\/almanya-nukleer-enerji-tarih-oluyor.jpg 282w, https:\/\/www.enerjigazetesi.ist\/wp-content\/uploads\/2013\/01\/almanya-nukleer-enerji-tarih-oluyor-69x50.jpg 69w\" sizes=\"(max-width: 282px) 100vw, 282px\" \/>Japonya&#8217;da daha \u00f6nce meydana gelen atom santrali kazas\u0131ndan sonra Ba\u015fbakan Angela Merkel&#8217;in i\u015fletimde olan atom santrallerinin a\u015famal\u0131 olarak kapat\u0131laca\u011f\u0131n\u0131 duyurmu\u015ftu.<br \/>\nAtom enerjisi yerine \u00e7evre dostu yenilenebilir enerji kaynaklar\u0131na y\u00f6nelen Almanya \u00f6n\u00fcm\u00fczdeki y\u0131llarda &#8220;Made in Germany&#8221; markas\u0131yla d\u00fcnyaya yenilenebilir enerji teknolojisini ihra\u00e7 etmeye haz\u0131rlan\u0131yor.<br \/>\nAlmanya&#8217;da atom enerjisinin siyasi destek bulamayaca\u011f\u0131n\u0131 kaydeden Federal \u00c7evre Bakan\u0131 Altmaier, n\u00fckleer enerji i\u00e7in siyasi iradenin olmad\u0131\u011f\u0131n\u0131 ifade ederek &#8220;N\u00fckleer enerjinin devaml\u0131l\u0131\u011f\u0131 i\u00e7in herhangi bir siyasi anlay\u0131\u015f ve birliktelik g\u00f6remiyorum&#8221; dedi.<br \/>\nFederal h\u00fck\u00fcmet \u00f6n\u00fcm\u00fczdeki 10 y\u0131l boyunca yenilenebilir enerji yat\u0131r\u0131mlar\u0131n\u0131 s\u00fcbvanse edecek. R\u00fczgar ve solar enerji yat\u0131r\u0131mlar\u0131na b\u00fct\u00e7e art\u0131\u015f\u0131na giden Almanya&#8217;da 2022 y\u0131l\u0131na kadar Kuzey Almanya&#8217;da r\u00fczgardan elde edilen enerjinin depolanmas\u0131 ve g\u00fcney Almanya&#8217;ya ta\u015f\u0131nmas\u0131 i\u00e7in alt yap\u0131 \u00e7al\u0131\u015fmalar\u0131 tamamlanacak.<br \/>\n\u00d6zellikle ta\u015f\u0131ma alt yap\u0131s\u0131 i\u00e7in harcanacak paran\u0131n 20 milyar Euro&#8217;yu bulmas\u0131 bekleniyor. 2014 y\u0131l\u0131ndan itibaren yenilenebilir enerji yat\u0131r\u0131mlar\u0131n\u0131n artmas\u0131 bekleniyor.<\/p>\n<p>Kaynak: <a href=\"http:\/\/www.energyworld.com.tr\/root.vol?title=nukleer-enerji-tarih-oluyor&amp;exec=page&amp;nid=492581\" target=\"_blank\">Energy World<\/a><\/p>","protected":false},"excerpt":{"rendered":"<p>Sorry, this entry is only available in Turkish. For the sake of viewer convenience, the content is shown below in the alternative language. You may click the link to switch the active language.Almanya \u00c7evre Bakan\u0131 Peter Altmaier, bir daha d\u00f6n\u00fclmemek \u00fczere n\u00fckleer enerjiden vazge\u00e7eceklerini s\u00f6yledi. Almanya, yenilenebilir enerjide &#8220;Made in Germany&#8221; markas\u0131n\u0131 olu\u015fturup d\u00fcnyaya yeni [&hellip;]<\/p>\n","protected":false},"author":1,"featured_media":5594,"comment_status":"open","ping_status":"open","sticky":false,"template":"","format":"standard","meta":[],"categories":[53,43],"tags":[929,67,21],"views":816,"_links":{"self":[{"href":"https:\/\/www.enerjigazetesi.ist\/en\/wp-json\/wp\/v2\/posts\/5593"}],"collection":[{"href":"https:\/\/www.enerjigazetesi.ist\/en\/wp-json\/wp\/v2\/posts"}],"about":[{"href":"https:\/\/www.enerjigazetesi.ist\/en\/wp-json\/wp\/v2\/types\/post"}],"author":[{"embeddable":true,"href":"https:\/\/www.enerjigazetesi.ist\/en\/wp-json\/wp\/v2\/users\/1"}],"replies":[{"embeddable":true,"href":"https:\/\/www.enerjigazetesi.ist\/en\/wp-json\/wp\/v2\/comments?post=5593"}],"version-history":[{"count":1,"href":"https:\/\/www.enerjigazetesi.ist\/en\/wp-json\/wp\/v2\/posts\/5593\/revisions"}],"predecessor-version":[{"id":5595,"href":"https:\/\/www.enerjigazetesi.ist\/en\/wp-json\/wp\/v2\/posts\/5593\/revisions\/5595"}],"wp:featuredmedia":[{"embeddable":true,"href":"https:\/\/www.enerjigazetesi.ist\/en\/wp-json\/wp\/v2\/media\/5594"}],"wp:attachment":[{"href":"https:\/\/www.enerjigazetesi.ist\/en\/wp-json\/wp\/v2\/media?parent=5593"}],"wp:term":[{"taxonomy":"category","embeddable":true,"href":"https:\/\/www.enerjigazetesi.ist\/en\/wp-json\/wp\/v2\/categories?post=5593"},{"taxonomy":"post_tag","embeddable":true,"href":"https:\/\/www.enerjigazetesi.ist\/en\/wp-json\/wp\/v2\/tags?post=5593"}],"curies":[{"name":"wp","href":"https:\/\/api.w.org\/{rel}","templated":true}]}}