{"id":55872,"date":"2016-07-29T13:57:58","date_gmt":"2016-07-29T10:57:58","guid":{"rendered":"https:\/\/www.enerjigazetesi.ist\/?p=55872"},"modified":"2016-07-29T13:58:27","modified_gmt":"2016-07-29T10:58:27","slug":"ingilterede-kurulacak-olan-nukleer-santral-in-karari-ertelendi","status":"publish","type":"post","link":"https:\/\/www.enerjigazetesi.ist\/en\/ingilterede-kurulacak-olan-nukleer-santral-in-karari-ertelendi\/","title":{"rendered":"(Turkish) \u0130ngiltere&#8217;de Kurulacak Olan N\u00fckleer Santralin Karar\u0131 Ertelendi&#8230;"},"content":{"rendered":"<p class=\"qtranxs-available-languages-message qtranxs-available-languages-message-en\">Sorry, this entry is only available in <a href=\"https:\/\/www.enerjigazetesi.ist\/tr\/wp-json\/wp\/v2\/posts\/55872\" class=\"qtranxs-available-language-link qtranxs-available-language-link-tr\" title=\"Turkish\">Turkish<\/a>. For the sake of viewer convenience, the content is shown below in the alternative language. You may click the link to switch the active language.<\/p><p><\/p>\n<p class=\"selectionShareable\" style=\"color: #0a0a0a;\"><strong>\u0130ngiltere&#8217;de\u00a020 y\u0131l sonra in\u015fa edilecek ilk n\u00fckleer santralle ilgili anla\u015fman\u0131n imzalanmas\u0131 son anda ertelendi. \u0130\u015f d\u00fcnyas\u0131ndan sorumlu bakan\u0131 Greg Clark, projeyi dikkatlice incelemesi gerekti\u011fini\u00a0ifade etti.<img loading=\"lazy\" class=\"alignright size-medium wp-image-45217\" src=\"https:\/\/www.enerjigazetesi.ist\/wp-content\/uploads\/2015\/10\/n\u00fckleer-santral-nss-23798329-696x385-300x165.jpg\" alt=\"n\u00fckleer-santral-nss-23798329-696x385\" width=\"300\" height=\"165\" srcset=\"https:\/\/www.enerjigazetesi.ist\/wp-content\/uploads\/2015\/10\/n\u00fckleer-santral-nss-23798329-696x385-300x165.jpg 300w, https:\/\/www.enerjigazetesi.ist\/wp-content\/uploads\/2015\/10\/n\u00fckleer-santral-nss-23798329-696x385-500x276.jpg 500w, https:\/\/www.enerjigazetesi.ist\/wp-content\/uploads\/2015\/10\/n\u00fckleer-santral-nss-23798329-696x385-80x44.jpg 80w, https:\/\/www.enerjigazetesi.ist\/wp-content\/uploads\/2015\/10\/n\u00fckleer-santral-nss-23798329-696x385.jpg 696w\" sizes=\"(max-width: 300px) 100vw, 300px\" \/><\/strong><span id=\"more-82635\"><\/span><\/p>\n<p class=\"selectionShareable\" style=\"color: #0a0a0a;\">Somerset\u2019te in\u015faas\u0131 yap\u0131lacak\u00a018 milyar sterlinlik (yakla\u015f\u0131k 23,5 milyar dolar) Hinkley Point n\u00fckleer enerji santrali ile ilgili anla\u015fmas\u0131 bug\u00fcn\u00a0yap\u0131lacakt\u0131.<\/p>\n<p class=\"selectionShareable\" style=\"color: #0a0a0a;\">Fakat\u00a0\u0130ngiltere\u2019nin i\u015f d\u00fcnyas\u0131ndan sorumlu yeni bakan\u0131 Greg Clark d\u00fcn gece santralle ilgili nihai karar\u0131n sonbahara b\u0131rak\u0131ld\u0131\u011f\u0131n\u0131\u00a0s\u00f6yledi. Greg Clark, projeyi desteklemekten \u00f6nce dikkatlice incelemek istedi.<\/p>\n<p class=\"selectionShareable\" style=\"color: #0a0a0a;\">\u0130ngiltere H\u00fck\u00fcmet S\u00f6zc\u00fcs\u00fc ise bakanlar\u0131n proje ile ilgili teredd\u00fctleri oldu\u011fu y\u00f6n\u00fcndeki haberleri ise yalanlad\u0131.\u00a0Daha \u00f6nce, bu santralin \u00fclkeyi d\u00fc\u015f\u00fck karbonlu enerji \u00fcretimine ta\u015f\u0131yarak\u00a0gelecek ku\u015faklar\u0131n daha ucuz enerji kullanmas\u0131n\u0131 sa\u011flayaca\u011f\u0131n\u0131 savunulmu\u015ftu.<\/p>\n<p><\/p>","protected":false},"excerpt":{"rendered":"<p>Sorry, this entry is only available in Turkish. For the sake of viewer convenience, the content is shown below in the alternative language. You may click the link to switch the active language. \u0130ngiltere&#8217;de\u00a020 y\u0131l sonra in\u015fa edilecek ilk n\u00fckleer santralle ilgili anla\u015fman\u0131n imzalanmas\u0131 son anda ertelendi. \u0130\u015f d\u00fcnyas\u0131ndan sorumlu bakan\u0131 Greg Clark, projeyi dikkatlice [&hellip;]<\/p>\n","protected":false},"author":1,"featured_media":45217,"comment_status":"open","ping_status":"open","sticky":false,"template":"","format":"standard","meta":[],"categories":[53,43],"tags":[63,67,1009,2698,165,18,30851,1092,71,21,25480,23614,88,30852,2973],"views":1167,"_links":{"self":[{"href":"https:\/\/www.enerjigazetesi.ist\/en\/wp-json\/wp\/v2\/posts\/55872"}],"collection":[{"href":"https:\/\/www.enerjigazetesi.ist\/en\/wp-json\/wp\/v2\/posts"}],"about":[{"href":"https:\/\/www.enerjigazetesi.ist\/en\/wp-json\/wp\/v2\/types\/post"}],"author":[{"embeddable":true,"href":"https:\/\/www.enerjigazetesi.ist\/en\/wp-json\/wp\/v2\/users\/1"}],"replies":[{"embeddable":true,"href":"https:\/\/www.enerjigazetesi.ist\/en\/wp-json\/wp\/v2\/comments?post=55872"}],"version-history":[{"count":2,"href":"https:\/\/www.enerjigazetesi.ist\/en\/wp-json\/wp\/v2\/posts\/55872\/revisions"}],"predecessor-version":[{"id":55874,"href":"https:\/\/www.enerjigazetesi.ist\/en\/wp-json\/wp\/v2\/posts\/55872\/revisions\/55874"}],"wp:featuredmedia":[{"embeddable":true,"href":"https:\/\/www.enerjigazetesi.ist\/en\/wp-json\/wp\/v2\/media\/45217"}],"wp:attachment":[{"href":"https:\/\/www.enerjigazetesi.ist\/en\/wp-json\/wp\/v2\/media?parent=55872"}],"wp:term":[{"taxonomy":"category","embeddable":true,"href":"https:\/\/www.enerjigazetesi.ist\/en\/wp-json\/wp\/v2\/categories?post=55872"},{"taxonomy":"post_tag","embeddable":true,"href":"https:\/\/www.enerjigazetesi.ist\/en\/wp-json\/wp\/v2\/tags?post=55872"}],"curies":[{"name":"wp","href":"https:\/\/api.w.org\/{rel}","templated":true}]}}