{"id":55865,"date":"2016-07-29T12:34:03","date_gmt":"2016-07-29T09:34:03","guid":{"rendered":"https:\/\/www.enerjigazetesi.ist\/?p=55865"},"modified":"2016-07-29T12:35:09","modified_gmt":"2016-07-29T09:35:09","slug":"petkim-de-yeni-ceo-belirlendi-ve-saadettin-korkut-gozaltinda","status":"publish","type":"post","link":"https:\/\/www.enerjigazetesi.ist\/en\/petkim-de-yeni-ceo-belirlendi-ve-saadettin-korkut-gozaltinda\/","title":{"rendered":"(Turkish) Petkim\u2019de Yeni CEO Belirlendi ve Saadettin Korkut \u0130se G\u00f6zalt\u0131nda&#8230;"},"content":{"rendered":"<p class=\"qtranxs-available-languages-message qtranxs-available-languages-message-en\">Sorry, this entry is only available in <a href=\"https:\/\/www.enerjigazetesi.ist\/tr\/wp-json\/wp\/v2\/posts\/55865\" class=\"qtranxs-available-language-link qtranxs-available-language-link-tr\" title=\"Turkish\">Turkish<\/a>. For the sake of viewer convenience, the content is shown below in the alternative language. You may click the link to switch the active language.<\/p><p><\/p>\n<p class=\"selectionShareable\" style=\"color: #0a0a0a;\"><strong>Petkim Genel M\u00fcd\u00fcr\u00fc Korkut ve baz\u0131 \u00fcst d\u00fczey y\u00f6neticiler istifalar\u0131n\u0131 sundu. Saadettin Korkut\u2019tan bo\u015falan genel m\u00fcd\u00fcrl\u00fc\u011f\u00fc g\u00f6revine ise Anar Mammadov\u00a0getirildi.<\/strong><span id=\"more-82617\"><\/span><\/p>\n<p class=\"selectionShareable\" style=\"color: #0a0a0a;\">Petrokimya Holding A\u015e (PETK\u0130M) Genel M\u00fcd\u00fcr\u00fc Saadettin Korkut evinde g\u00f6zalt\u0131na al\u0131nd\u0131.<a href=\"https:\/\/www.enerjigazetesi.ist\/wp-content\/uploads\/2015\/01\/petkimde-cevreci-palet-donemi.jpg\"><img loading=\"lazy\" class=\"alignright  wp-image-35267\" src=\"https:\/\/www.enerjigazetesi.ist\/wp-content\/uploads\/2015\/01\/petkimde-cevreci-palet-donemi.jpg\" alt=\"petkimde-cevreci-palet-donemi\" width=\"300\" height=\"196\" \/><\/a><\/p>\n<p class=\"selectionShareable\" style=\"color: #0a0a0a;\">Emniyet&#8217;ten yap\u0131lan a\u00e7\u0131klamada, ak\u015fam saatlerinde \u00e7al\u0131\u015fanlar\u0131na mesaj\u0131 ile\u00a0istifas\u0131n\u0131 duyuran Petkim\u2019in Genel M\u00fcd\u00fcr\u00fc Korkut&#8217;un Kar\u015f\u0131yaka il\u00e7esindeki evine Ter\u00f6rle M\u00fccadele \u015eubesi ekipleri taraf\u0131ndan operasyon\u00a0yap\u0131ld\u0131.<\/p>\n<p class=\"selectionShareable\" style=\"color: #0a0a0a;\">Ayn\u0131 saatlerde Korkut\u2019un Petkim yerle\u015fkesindeki makam odas\u0131na da bask\u0131n yap\u0131ld\u0131. G\u00f6zalt\u0131na al\u0131nan Korkut\u2019un, evinde ve makam odas\u0131nda yap\u0131lan aramalarda baz\u0131 bilgi ve belgelere ula\u015f\u0131ld\u0131\u011f\u0131\u00a0belirtildi.<\/p>\n<p class=\"selectionShareable\" style=\"color: #0a0a0a;\">El konulan t\u00fcm bilgi, belge ve dijital materyaller ile birlikte \u0130zmir Emniyet M\u00fcd\u00fcrl\u00fc\u011f\u00fc Ter\u00f6rle M\u00fccadele \u015eubesine getirilen Korkut\u2019un, sorgu i\u015flemlerine ba\u015fland\u0131.<\/p>\n<p class=\"selectionShareable\" style=\"color: #0a0a0a;\">Saadettin Korkut\u2019tan bo\u015falan Petkim Genel M\u00fcd\u00fcrl\u00fc\u011f\u00fc g\u00f6revine ise Anar Mammadov\u00a0getirildi.<\/p>\n<p class=\"selectionShareable\" style=\"color: #0a0a0a;\">Petkim\u2019in Kamuyu Ayd\u0131nlatma Platformu\u2019nda ki (KAP) a\u00e7\u0131klamas\u0131nda, \u201c\u015eirketimiz Genel M\u00fcd\u00fcr\u00fc ve Y\u00f6netim Kurulu \u00dcyesi Say\u0131n Sadettin Korkut istifa ederek bu g\u00f6revlerinden ayr\u0131lm\u0131\u015ft\u0131r. \u015eirketimize Genel M\u00fcd\u00fcr olarak Say\u0131n Anar Mammadov atanm\u0131\u015ft\u0131r.\u201d ifadeleri kullan\u0131ld\u0131.<\/p>\n<p><\/p>","protected":false},"excerpt":{"rendered":"<p>Sorry, this entry is only available in Turkish. For the sake of viewer convenience, the content is shown below in the alternative language. You may click the link to switch the active language. Petkim Genel M\u00fcd\u00fcr\u00fc Korkut ve baz\u0131 \u00fcst d\u00fczey y\u00f6neticiler istifalar\u0131n\u0131 sundu. Saadettin Korkut\u2019tan bo\u015falan genel m\u00fcd\u00fcrl\u00fc\u011f\u00fc g\u00f6revine ise Anar Mammadov\u00a0getirildi. Petrokimya Holding [&hellip;]<\/p>\n","protected":false},"author":1,"featured_media":35267,"comment_status":"open","ping_status":"open","sticky":false,"template":"","format":"standard","meta":[],"categories":[53],"tags":[30849,63,67,1009,2698,165,16538,5436,1568,3250,30850,30848,30833],"views":753,"_links":{"self":[{"href":"https:\/\/www.enerjigazetesi.ist\/en\/wp-json\/wp\/v2\/posts\/55865"}],"collection":[{"href":"https:\/\/www.enerjigazetesi.ist\/en\/wp-json\/wp\/v2\/posts"}],"about":[{"href":"https:\/\/www.enerjigazetesi.ist\/en\/wp-json\/wp\/v2\/types\/post"}],"author":[{"embeddable":true,"href":"https:\/\/www.enerjigazetesi.ist\/en\/wp-json\/wp\/v2\/users\/1"}],"replies":[{"embeddable":true,"href":"https:\/\/www.enerjigazetesi.ist\/en\/wp-json\/wp\/v2\/comments?post=55865"}],"version-history":[{"count":2,"href":"https:\/\/www.enerjigazetesi.ist\/en\/wp-json\/wp\/v2\/posts\/55865\/revisions"}],"predecessor-version":[{"id":55867,"href":"https:\/\/www.enerjigazetesi.ist\/en\/wp-json\/wp\/v2\/posts\/55865\/revisions\/55867"}],"wp:featuredmedia":[{"embeddable":true,"href":"https:\/\/www.enerjigazetesi.ist\/en\/wp-json\/wp\/v2\/media\/35267"}],"wp:attachment":[{"href":"https:\/\/www.enerjigazetesi.ist\/en\/wp-json\/wp\/v2\/media?parent=55865"}],"wp:term":[{"taxonomy":"category","embeddable":true,"href":"https:\/\/www.enerjigazetesi.ist\/en\/wp-json\/wp\/v2\/categories?post=55865"},{"taxonomy":"post_tag","embeddable":true,"href":"https:\/\/www.enerjigazetesi.ist\/en\/wp-json\/wp\/v2\/tags?post=55865"}],"curies":[{"name":"wp","href":"https:\/\/api.w.org\/{rel}","templated":true}]}}