{"id":55836,"date":"2016-07-28T17:42:11","date_gmt":"2016-07-28T14:42:11","guid":{"rendered":"https:\/\/www.enerjigazetesi.ist\/?p=55836"},"modified":"2016-07-28T17:46:01","modified_gmt":"2016-07-28T14:46:01","slug":"zorlu-enerji-ruzgar-santralin-de-5985-mwlik-fazlari-devreye-aldi","status":"publish","type":"post","link":"https:\/\/www.enerjigazetesi.ist\/en\/zorlu-enerji-ruzgar-santralin-de-5985-mwlik-fazlari-devreye-aldi\/","title":{"rendered":"(Turkish) Zorlu Enerji, R\u00fczgar Santralinde 59,85 MW\u2019l\u0131k \u0130lk \u0130ki Faz\u0131 Devreye Ald\u0131!"},"content":{"rendered":"<p class=\"qtranxs-available-languages-message qtranxs-available-languages-message-en\">Sorry, this entry is only available in <a href=\"https:\/\/www.enerjigazetesi.ist\/tr\/wp-json\/wp\/v2\/posts\/55836\" class=\"qtranxs-available-language-link qtranxs-available-language-link-tr\" title=\"Turkish\">Turkish<\/a>. For the sake of viewer convenience, the content is shown below in the alternative language. You may click the link to switch the active language.<\/p><p><\/p>\n<p class=\"selectionShareable\" style=\"color: #0a0a0a;\"><strong>Zorlu Enerji, G\u00f6k\u00e7eda\u011f RES\u2019den hemen sonra T\u00fcrkiye\u2019deki ikinci r\u00fczgar santral projesi olan Sar\u0131tepe-Demirciler RES\u2019inin 59,85 MW kurulu g\u00fcc\u00fcn\u00fcn ilk iki faz\u0131 devreye al\u0131nd\u0131.<\/strong><span id=\"more-82605\"><\/span><\/p>\n<p class=\"selectionShareable\" style=\"color: #0a0a0a;\">100 milyon Euroluk yat\u0131r\u0131mla toplamda 80,3 MW kurulu g\u00fc\u00e7te planlanan projenin yak\u0131n zamanda tam kapasite de \u00e7al\u0131\u015fmaya ba\u015flamas\u0131 hedeflenmektedir.<a href=\"https:\/\/www.enerjigazetesi.ist\/wp-content\/uploads\/2015\/01\/r\u00fczgar-santrali-2398733.jpg\"><img loading=\"lazy\" class=\"alignright size-medium wp-image-35853\" src=\"https:\/\/www.enerjigazetesi.ist\/wp-content\/uploads\/2015\/01\/r\u00fczgar-santrali-2398733-300x168.jpg\" alt=\"r\u00fczgar-santrali-2398733\" width=\"300\" height=\"168\" srcset=\"https:\/\/www.enerjigazetesi.ist\/wp-content\/uploads\/2015\/01\/r\u00fczgar-santrali-2398733-300x168.jpg 300w, https:\/\/www.enerjigazetesi.ist\/wp-content\/uploads\/2015\/01\/r\u00fczgar-santrali-2398733-500x281.jpg 500w, https:\/\/www.enerjigazetesi.ist\/wp-content\/uploads\/2015\/01\/r\u00fczgar-santrali-2398733-80x44.jpg 80w, https:\/\/www.enerjigazetesi.ist\/wp-content\/uploads\/2015\/01\/r\u00fczgar-santrali-2398733.jpg 795w\" sizes=\"(max-width: 300px) 100vw, 300px\" \/><\/a><\/p>\n<p class=\"selectionShareable\" style=\"color: #0a0a0a;\">T\u00fcrkiye\u2019nin yerli ve yenilenebilir enerji kaynaklar\u0131n\u0131 ekonomiye kazand\u0131rmak \u00fczere yat\u0131r\u0131mlar\u0131n\u0131 aral\u0131ks\u0131z s\u00fcrd\u00fcren Zorlu Enerji, Osmaniye\u2019nin Bah\u00e7e il\u00e7esinde kurulumuna devam etti\u011fi, Rotor II projesi kapsam\u0131ndaki Sar\u0131tepe \u2013 Demirciler R\u00fczgar Enerjisi Santrallerinin (RES) ilk iki faz\u0131n\u0131 ba\u015far\u0131yla devreye ald\u0131. Toplam 80,3 MW g\u00fc\u00e7te planlanan Sar\u0131tepe \u2013 Demirciler RES projesinin haziran ay\u0131nda tamamlanan 39,9 MW\u2019l\u0131k ilk 14 t\u00fcrbininin ard\u0131ndan, 19,95 MW kapasiteli 7 t\u00fcrbinin de kabulleri tamamlanarak elektrik \u00fcretimine de ba\u015fland\u0131. Sar\u0131tepe-Demirciler R\u00fczgar Enerjisi Santrallerinin 2016 y\u0131l sonuna kadar tam kapasite elektrik \u00fcretimine ba\u015flama hedefi bulunmaktad\u0131r.<\/p>\n<p class=\"selectionShareable\" style=\"color: #0a0a0a;\"><strong>100 M\u0130LYON EURO\u2019LUK RES YATIRIMI<\/strong><\/p>\n<p class=\"selectionShareable\" style=\"color: #0a0a0a;\">T\u00fcrkiye\u2019de ve Pakistan\u2019da hayata ge\u00e7irdikleri r\u00fczgar enerjisi projeleriyle sekt\u00f6r\u00fcn en deneyimli oyuncular\u0131ndan biri haline geldiklerini ifade eden Zorlu Enerji Genel M\u00fcd\u00fcr\u00fc Sinan Ak, \u201cOsmaniye\u2019nin Bah\u00e7e il\u00e7esinde 100 milyon Euro yat\u0131r\u0131m ile toplam 80,3 MWm kurulu g\u00fc\u00e7te planlad\u0131\u011f\u0131m\u0131z Sar\u0131tepe \u2013 Demirciler RES projemiz kapsam\u0131nda, ilk iki faz\u0131 ba\u015far\u0131 ile tamamlayarak devreye girdi. Santralimizin geri kalan 19,8 MW\u2019lik kapasitesinin 2016 y\u0131l sonuna kadar devreye girmesiyle T\u00fcrkiye\u2019de 215.3, Pakistan yat\u0131r\u0131m\u0131m\u0131zla birlikte ise toplam 271.7 MW\u2019l\u0131k r\u00fczgar g\u00fcc\u00fcne sahip olaca\u011f\u0131z\u201d diye\u00a0belirtti.<\/p>\n<p class=\"selectionShareable\" style=\"color: #0a0a0a;\">Hayata ge\u00e7irdikleri t\u00fcm r\u00fczgar projelerinde g\u00f6n\u00fcll\u00fc karbon piyasas\u0131nda i\u015flem g\u00f6ren enerji projelerini derecelendiren standartlar aras\u0131nda en itibarl\u0131s\u0131 olan \u201cGold Standard\u201d sertifikas\u0131na sahip olduklar\u0131n\u0131 da hat\u0131rlatan Sinan Ak, \u201cYat\u0131r\u0131mlar\u0131m\u0131zda ekonomik s\u00fcrd\u00fcr\u00fclebilirlik kadar, toplumsal ve \u00e7evresel s\u00fcrd\u00fcr\u00fclebilirli\u011fi \u00f6nemsiyor ve bunun gereklerini yerine getirmekteyiz. Sekt\u00f6r\u00fcm\u00fcz a\u00e7\u0131s\u0131ndan da ilham verici oldu\u011funa inand\u0131\u011f\u0131m\u0131z projeleri hayata ge\u00e7irmeyi s\u00fcrd\u00fcrece\u011fiz\u201d\u00a0dedi.<\/p>\n<p><\/p>","protected":false},"excerpt":{"rendered":"<p>Sorry, this entry is only available in Turkish. For the sake of viewer convenience, the content is shown below in the alternative language. You may click the link to switch the active language. Zorlu Enerji, G\u00f6k\u00e7eda\u011f RES\u2019den hemen sonra T\u00fcrkiye\u2019deki ikinci r\u00fczgar santral projesi olan Sar\u0131tepe-Demirciler RES\u2019inin 59,85 MW kurulu g\u00fcc\u00fcn\u00fcn ilk iki faz\u0131 devreye [&hellip;]<\/p>\n","protected":false},"author":1,"featured_media":35853,"comment_status":"open","ping_status":"open","sticky":false,"template":"","format":"standard","meta":[],"categories":[53,50],"tags":[19,63,67,1009,2698,165,27366,69,16,23318,22615,4784,30837,2582,30838,344],"views":823,"_links":{"self":[{"href":"https:\/\/www.enerjigazetesi.ist\/en\/wp-json\/wp\/v2\/posts\/55836"}],"collection":[{"href":"https:\/\/www.enerjigazetesi.ist\/en\/wp-json\/wp\/v2\/posts"}],"about":[{"href":"https:\/\/www.enerjigazetesi.ist\/en\/wp-json\/wp\/v2\/types\/post"}],"author":[{"embeddable":true,"href":"https:\/\/www.enerjigazetesi.ist\/en\/wp-json\/wp\/v2\/users\/1"}],"replies":[{"embeddable":true,"href":"https:\/\/www.enerjigazetesi.ist\/en\/wp-json\/wp\/v2\/comments?post=55836"}],"version-history":[{"count":6,"href":"https:\/\/www.enerjigazetesi.ist\/en\/wp-json\/wp\/v2\/posts\/55836\/revisions"}],"predecessor-version":[{"id":55842,"href":"https:\/\/www.enerjigazetesi.ist\/en\/wp-json\/wp\/v2\/posts\/55836\/revisions\/55842"}],"wp:featuredmedia":[{"embeddable":true,"href":"https:\/\/www.enerjigazetesi.ist\/en\/wp-json\/wp\/v2\/media\/35853"}],"wp:attachment":[{"href":"https:\/\/www.enerjigazetesi.ist\/en\/wp-json\/wp\/v2\/media?parent=55836"}],"wp:term":[{"taxonomy":"category","embeddable":true,"href":"https:\/\/www.enerjigazetesi.ist\/en\/wp-json\/wp\/v2\/categories?post=55836"},{"taxonomy":"post_tag","embeddable":true,"href":"https:\/\/www.enerjigazetesi.ist\/en\/wp-json\/wp\/v2\/tags?post=55836"}],"curies":[{"name":"wp","href":"https:\/\/api.w.org\/{rel}","templated":true}]}}