{"id":55699,"date":"2016-07-25T08:42:41","date_gmt":"2016-07-25T05:42:41","guid":{"rendered":"https:\/\/www.enerjigazetesi.ist\/?p=55699"},"modified":"2016-07-25T08:42:41","modified_gmt":"2016-07-25T05:42:41","slug":"kadir-has-unv-nden-enerji-ve-surdurulebilir-kalkinma-yuksek-lisans-programi","status":"publish","type":"post","link":"https:\/\/www.enerjigazetesi.ist\/en\/kadir-has-unv-nden-enerji-ve-surdurulebilir-kalkinma-yuksek-lisans-programi\/","title":{"rendered":"(Turkish) Kadir Has \u00dcnv.\u2019nden Enerji ve S\u00fcrd\u00fcr\u00fclebilir Kalk\u0131nma Y\u00fcksek Lisans Program\u0131"},"content":{"rendered":"<p class=\"qtranxs-available-languages-message qtranxs-available-languages-message-en\">Sorry, this entry is only available in <a href=\"https:\/\/www.enerjigazetesi.ist\/tr\/wp-json\/wp\/v2\/posts\/55699\" class=\"qtranxs-available-language-link qtranxs-available-language-link-tr\" title=\"Turkish\">Turkish<\/a>. For the sake of viewer convenience, the content is shown below in the alternative language. You may click the link to switch the active language.<\/p><p><strong>Kadir Has \u00dcniversitesi tezli ve tezsiz y\u00fcksek lisans programlar\u0131na bir yenisini daha ekledi: Enerji ve S\u00fcrd\u00fcr\u00fclebilir Kalk\u0131nma Y\u00fcksek Lisans Program\u0131&#8230;<\/strong><\/p>\n<p>T\u00fcrkiye\u2019de enerji sekt\u00f6r\u00fcnde \u00f6nemli geli\u015fmeler ya\u015fan\u0131yor. Bununla birlikte, sekt\u00f6rde kalifiye personel sorunu kendini g\u00f6steriyor. \u00d6zellikle enerji e\u011fi<img loading=\"lazy\" class=\"alignleft  wp-image-55700\" src=\"https:\/\/www.enerjigazetesi.ist\/wp-content\/uploads\/2016\/07\/kadir-has-universitesinde-enerji-ve-surdurulebilir-kalkinma-yuksek-lisans-programi-300x110.jpg\" alt=\"kadir-has-universitesinde-enerji-ve-surdurulebilir-kalkinma-yuksek-lisans-programi\" width=\"300\" height=\"148\" \/>timi alm\u0131\u015f m\u00fchendis kadrosunun a\u00e7\u0131\u011f\u0131 sekt\u00f6rde \u00f6nemli bir bo\u015fluk olu\u015fturuyor.<\/p>\n<p>Bu a\u00e7\u0131dan akademik kur<br \/>\nulu\u015flarda enerji lisans ve y\u00fcksek lisans programlar\u0131n\u0131n a\u00e7\u0131lmas\u0131 son derece \u00f6nemli. Enerji sekt\u00f6r\u00fcn\u00fcn nitelikleri ve ko\u015fullar\u0131na haiz m\u00fchendis kadrosunun olu\u015fmas\u0131 i\u00e7in bu konu elzem g\u00f6r\u00fcn\u00fcyor.<\/p>\n<p>Enerji, T\u00fcrkiye\u2019deki yat\u0131r\u0131mlar i\u00e7in en cazip sekt\u00f6rlerin ba\u015f\u0131nda geliyor. Gerek enerji gerekse in\u015faat \u015firketleri, hem teknoloji hem de yeti\u015fmi\u015f insan g\u00fcc\u00fc a\u00e7\u0131s\u0131ndan ciddi sorunlar ya\u015f\u0131yorlar. Enerji \u015firketlerinin genellikle \u0130stanbul ve yak\u0131n \u00e7evresinde yo\u011funla\u015ft\u0131\u011f\u0131 d\u00fc\u015f\u00fcn\u00fcld\u00fc\u011f\u00fcnde, \u0130stanbul\u2019da enerji konusunda e\u011fitim veren daha fazla y\u00fcksek\u00f6\u011fretim program\u0131na ihtiya\u00e7 oldu\u011fu g\u00f6zlemleniyor.<\/p>\n<p>Bu do\u011frultuda, Kadir Has \u00dcniversitesi tezli ve tezsiz y\u00fcksek lisans programlar\u0131na bir yenisini daha ekledi. Enerji \u015firketlerinin \u00e7o\u011funlukla \u0130stanbul ve \u00e7evresinde yo\u011funla\u015fmas\u0131ndan dolay\u0131, ilgili alanda daha fazla y\u00fcksek\u00f6\u011fretim program\u0131na ihtiya\u00e7 duyuluyor. Program, bu ba\u011flamda \u00f6nemli bir a\u00e7\u0131\u011f\u0131 kapatm\u0131\u015f olacak.<\/p>\n<p>Kadir Has \u00dcniversitesi Enerji ve S\u00fcrd\u00fcr\u00fclebilir Kalk\u0131nma Y\u00fcksek Lisans Program Direkt\u00f6r\u00fc Prof. Dr. Volkan \u015e. Ediger, \u201c\u00dclkemizde son y\u0131llarda enerji konusunda baz\u0131 y\u00fcksek lisans programlar\u0131 a\u00e7\u0131lm\u0131\u015f olsa da, bu programlar i\u00e7erik ve yap\u0131sal \u00f6zellikleri itibar\u0131yla ihtiyac\u0131 kar\u015f\u0131layamamaktad\u0131r. S\u00f6z konusu programlar genellikle enerjinin baz\u0131 alanlar\u0131na yo\u011funla\u015fm\u0131\u015f olup, enerjinin disiplinleraras\u0131 bir konu oldu\u011fu ger\u00e7e\u011fi g\u00f6zden uzak tutulmu\u015ftur. Kadir Has\u2019ta 2016-2017 ders y\u0131l\u0131nda a\u00e7\u0131lan Enerji ve S\u00fcrd\u00fcr\u00fclebilir Kalk\u0131nma Tezli\/Tezsiz Y\u00fcksek Lisans Program\u0131n\u0131n, sosyal bilimler ve fen bilimleri ile m\u00fchendislik alanlar\u0131nda birbirinden farkl\u0131 disiplinleri i\u00e7ermesi a\u00e7\u0131s\u0131ndan \u00f6nemli bir a\u00e7\u0131\u011f\u0131 kapataca\u011f\u0131 d\u00fc\u015f\u00fcn\u00fclmektedir. Program\u0131n Kadir Has \u00dcniversitesi CESD- Enerji ve S\u00fcrd\u00fcr\u00fclebilir Kalk\u0131nma Merkezi\u2019yle koordineli y\u00fcr\u00fct\u00fclmesi de disiplinleraras\u0131 ara\u015ft\u0131rma ve uygulama ile g\u00fc\u00e7l\u00fc ba\u011flar\u0131n kurulmas\u0131 a\u00e7\u0131s\u0131ndan \u00f6nemlidir\u201d a\u00e7\u0131klamas\u0131nda bulundu.<\/p>\n<p>Kadir Has \u00dcniversitesi Enerji ve S\u00fcrd\u00fcr\u00fclebilir Kalk\u0131nma Program\u0131nda, temel enerji bilimi ve m\u00fchendisli\u011fi, enerji ekonomisi ve piyasalar\u0131, s\u00fcrd\u00fcr\u00fclebilir enerji y\u00f6netimi ve enerji politikalar\u0131 ve jeopoliti\u011fi gibi d\u00f6rt ana konuda zorunlu e\u011fitim verildikten sonra, program i\u00e7inden ve d\u0131\u015f\u0131ndan al\u0131nacak se\u00e7meli dersler sayesinde \u00f6\u011frencilerin farkl\u0131 enerji konular\u0131nda uzmanla\u015fmalar\u0131 ama\u00e7lan\u0131yor. Dersler teorik bilgilerin yan\u0131 s\u0131ra ger\u00e7ek hayat pratiklerinden \u00f6rnekler ile zenginle\u015ftirilerek, ger\u00e7ek \u00f6rnekler konunun uzman\u0131 ki\u015filer taraf\u0131ndan seminerler ile destekleniyor. Program\u0131n farkl\u0131 alanlarda lisans derecesine sahip \u00f6\u011frenciler i\u00e7in sunaca\u011f\u0131 en \u00f6nemli avantaj, \u00fclkemizde benzerinin bulunmamas\u0131 ve \u00f6nemi giderek artan s\u00fcrd\u00fcr\u00fclebilir enerji konusunda uzmanla\u015fma imk\u00e2n\u0131n\u0131 sa\u011flamas\u0131. Program tamamen \u0130ngilizce olup, bu sayede mezunlar\u0131n T\u00fcrkiye veya yurtd\u0131\u015f\u0131nda s\u00fcrd\u00fcrecekleri kariyerlerinde rekabet g\u00fc\u00e7lerinin art\u0131r\u0131lmas\u0131 sa\u011flan\u0131yor. Tezli ve tezsiz olarak verilmekte olan program, \u00f6\u011frencilerin de\u011fi\u015fik kariyer ihtiya\u00e7lar\u0131na cevap verecek \u015fekilde planland\u0131.<\/p>","protected":false},"excerpt":{"rendered":"<p>Sorry, this entry is only available in Turkish. For the sake of viewer convenience, the content is shown below in the alternative language. You may click the link to switch the active language.Kadir Has \u00dcniversitesi tezli ve tezsiz y\u00fcksek lisans programlar\u0131na bir yenisini daha ekledi: Enerji ve S\u00fcrd\u00fcr\u00fclebilir Kalk\u0131nma Y\u00fcksek Lisans Program\u0131&#8230; T\u00fcrkiye\u2019de enerji sekt\u00f6r\u00fcnde [&hellip;]<\/p>\n","protected":false},"author":1,"featured_media":55700,"comment_status":"open","ping_status":"open","sticky":false,"template":"","format":"standard","meta":[],"categories":[53],"tags":[63,67,1009,2698,165,30793,1203,1698],"views":860,"_links":{"self":[{"href":"https:\/\/www.enerjigazetesi.ist\/en\/wp-json\/wp\/v2\/posts\/55699"}],"collection":[{"href":"https:\/\/www.enerjigazetesi.ist\/en\/wp-json\/wp\/v2\/posts"}],"about":[{"href":"https:\/\/www.enerjigazetesi.ist\/en\/wp-json\/wp\/v2\/types\/post"}],"author":[{"embeddable":true,"href":"https:\/\/www.enerjigazetesi.ist\/en\/wp-json\/wp\/v2\/users\/1"}],"replies":[{"embeddable":true,"href":"https:\/\/www.enerjigazetesi.ist\/en\/wp-json\/wp\/v2\/comments?post=55699"}],"version-history":[{"count":1,"href":"https:\/\/www.enerjigazetesi.ist\/en\/wp-json\/wp\/v2\/posts\/55699\/revisions"}],"predecessor-version":[{"id":55701,"href":"https:\/\/www.enerjigazetesi.ist\/en\/wp-json\/wp\/v2\/posts\/55699\/revisions\/55701"}],"wp:featuredmedia":[{"embeddable":true,"href":"https:\/\/www.enerjigazetesi.ist\/en\/wp-json\/wp\/v2\/media\/55700"}],"wp:attachment":[{"href":"https:\/\/www.enerjigazetesi.ist\/en\/wp-json\/wp\/v2\/media?parent=55699"}],"wp:term":[{"taxonomy":"category","embeddable":true,"href":"https:\/\/www.enerjigazetesi.ist\/en\/wp-json\/wp\/v2\/categories?post=55699"},{"taxonomy":"post_tag","embeddable":true,"href":"https:\/\/www.enerjigazetesi.ist\/en\/wp-json\/wp\/v2\/tags?post=55699"}],"curies":[{"name":"wp","href":"https:\/\/api.w.org\/{rel}","templated":true}]}}