{"id":55691,"date":"2016-07-24T23:59:16","date_gmt":"2016-07-24T20:59:16","guid":{"rendered":"https:\/\/www.enerjigazetesi.ist\/?p=55691"},"modified":"2016-07-24T23:59:49","modified_gmt":"2016-07-24T20:59:49","slug":"cin-in-gunes-enerjisinde-60-gw-sinirini-asti","status":"publish","type":"post","link":"https:\/\/www.enerjigazetesi.ist\/en\/cin-in-gunes-enerjisinde-60-gw-sinirini-asti\/","title":{"rendered":"(Turkish) \u00c7in&#8217;in G\u00fcne\u015f Enerjisi 60 GW S\u0131n\u0131r\u0131n\u0131 A\u015ft\u0131&#8230;"},"content":{"rendered":"<p class=\"qtranxs-available-languages-message qtranxs-available-languages-message-en\">Sorry, this entry is only available in <a href=\"https:\/\/www.enerjigazetesi.ist\/tr\/wp-json\/wp\/v2\/posts\/55691\" class=\"qtranxs-available-language-link qtranxs-available-language-link-tr\" title=\"Turkish\">Turkish<\/a>. For the sake of viewer convenience, the content is shown below in the alternative language. You may click the link to switch the active language.<\/p><p><strong>\u00c7in\u2019in g\u00fcne\u015f elektri\u011fi \u00fcretim kapasitesinin 2016\u2019n\u0131n ilk yar\u0131s\u0131nda 20 GW d\u00fczeyinde artt\u0131\u011f\u0131 bildirildi.<\/strong><\/p>\n<p style=\"color: #222222;\">\u00dclkenin resmi haber ajans\u0131 \u015einhua taraf\u0131ndan \u00c7in Fotovoltaik Sanayi Birli\u011fi (CPIA) kaynaklar\u0131na dayand\u0131r\u0131lan habere g\u00f6re yaln\u0131zca ikinci \u00e7eyrekteki art\u0131\u015f 13 GW d\u00fczeyinde ger\u00e7ekle\u015fti.<\/p>\n<p style=\"color: #222222;\">Habere g\u00f6re bu rekor art\u0131\u015ft<a href=\"https:\/\/www.enerjigazetesi.ist\/wp-content\/uploads\/2016\/07\/cin-gunes-enerjisinde-60-gw-sinirini-asti.jpg\"><img loading=\"lazy\" class=\"alignleft  wp-image-55692\" src=\"https:\/\/www.enerjigazetesi.ist\/wp-content\/uploads\/2016\/07\/cin-gunes-enerjisinde-60-gw-sinirini-asti-300x150.jpg\" alt=\"cin-gunes-enerjisinde-60-gw-sinirini-asti\" width=\"300\" height=\"201\" \/><\/a>a 30 Haziran 2016 tarihinden sonra devreye girecek santraller i\u00e7in daha d\u00fc\u015f\u00fck al\u0131m fiyatlar\u0131 uygulanacak olmas\u0131 etkili oldu.<\/p>\n<p style=\"color: #222222;\">\u00c7in bu tarihten \u00f6nce devreye girecek olan santrallere kilovat-saat ba\u015f\u0131na 1,15 y\u00fcen ile 1 y\u00fcen aras\u0131nda de\u011fi\u015fen oranlarda al\u0131m garantisi uyguluyordu. Uygulanacak bu fiyatlar\u0131n 30 Haziran sonras\u0131nda ortalama olarak y\u00fczde 11 oran\u0131nda d\u00fc\u015f\u00fcr\u00fclmesi \u00f6ng\u00f6r\u00fcl\u00fcyordu.<\/p>\n<p style=\"color: #222222;\">\u00c7in Ulusal Enerji \u0130daresi taraf\u0131ndan konu hakk\u0131nda hen\u00fcz resmi veriler a\u00e7\u0131klanm\u0131\u015f de\u011fil. Birli\u011fin verilerine g\u00f6re ise bu art\u0131\u015f sonras\u0131 \u00c7in Temmuz ay\u0131nda 63 GW\u2019l\u0131k g\u00fcne\u015f elektri\u011fi g\u00fcc\u00fcne ula\u015fm\u0131\u015f durumda.<\/p>\n<p style=\"color: #222222;\">\u00dclkede 2015\u2019in tamam\u0131nda 18,6 GW\u2019l\u0131k g\u00fcne\u015f elektri\u011fi sistemi devreye al\u0131nm\u0131\u015f, 4,5 GW\u2019\u0131n d\u00fczeyindeki projenin de kurulumu yap\u0131lmas\u0131na ra\u011fmen \u015febeke sorunlar\u0131 nedeni ile devreye al\u0131namam\u0131\u015ft\u0131.<\/p>\n<p style=\"color: #222222;\"><span style=\"font-weight: bold;\">Bir y\u0131ll\u0131k hedef 6 aydan \u00f6nce a\u015f\u0131ld\u0131<\/span><\/p>\n<p style=\"color: #222222;\">Bu ba\u015far\u0131 \u00c7in\u2019in g\u00fcne\u015f elektri\u011fi g\u00fc\u00e7 art\u0131\u015f\u0131nda 2016 y\u0131l\u0131 hedefinin tamam\u0131n\u0131 ilk alt\u0131 ayda a\u015fmas\u0131 anlam\u0131na da geldi. Zira \u00c7in Ulusal Enerji \u0130daresi y\u0131l ba\u015f\u0131nda 2016 i\u00e7in 18,1 GW\u2019l\u0131k kurulu g\u00fc\u00e7 art\u0131\u015f\u0131 hedeflendi\u011fini a\u00e7\u0131klam\u0131\u015ft\u0131.<\/p>\n<p style=\"color: #222222;\">Bu g\u00fc\u00e7 \u00fclkenin 2016\u2019n\u0131n ilk yar\u0131s\u0131nda toplam elektrik \u00fcretiminin y\u00fczde 0,7\u2019sini g\u00fcne\u015f enerjisinden sa\u011flamas\u0131n\u0131 da m\u00fcmk\u00fcn k\u0131ld\u0131.<br \/>\n<span style=\"font-weight: bold;\">\u00dcreticilerin karl\u0131l\u0131\u011f\u0131 art\u0131yor<\/span><\/p>\n<p style=\"color: #222222;\">Bununla birlikte \u00fclkede g\u00fcne\u015f mod\u00fcl\u00fc \u00fcretiminde de \u00f6nemli art\u0131\u015f ya\u015fand\u0131. CPIA verilerine g\u00f6re sekt\u00f6rde ge\u00e7en y\u0131l\u0131n ayn\u0131 d\u00f6nemine g\u00f6re y\u00fczde 37,8 oran\u0131nda art\u0131\u015f ya\u015fand\u0131 ve toplam \u00fcretim 27 GW\u2019a y\u00fckseldi. Bu d\u00f6nemde mod\u00fcl \u00fcreticilerin ortalama karl\u0131l\u0131\u011f\u0131 ge\u00e7en senenin ayn\u0131 d\u00f6nemindeki y\u00fczde 4,85\u2019lik oranda y\u00fczde 5\u2019e y\u00fckselmi\u015f durumda.<\/p>\n<p style=\"color: #222222;\"><span style=\"font-weight: bold;\">1 Y\u00fcen = 0,15 ABD Dolar\u0131<\/span><\/p>\n<p style=\"color: #222222;\">Kaynak: Solar.ist<\/p>\n<p><\/p>","protected":false},"excerpt":{"rendered":"<p>Sorry, this entry is only available in Turkish. For the sake of viewer convenience, the content is shown below in the alternative language. You may click the link to switch the active language.\u00c7in\u2019in g\u00fcne\u015f elektri\u011fi \u00fcretim kapasitesinin 2016\u2019n\u0131n ilk yar\u0131s\u0131nda 20 GW d\u00fczeyinde artt\u0131\u011f\u0131 bildirildi. \u00dclkenin resmi haber ajans\u0131 \u015einhua taraf\u0131ndan \u00c7in Fotovoltaik Sanayi Birli\u011fi [&hellip;]<\/p>\n","protected":false},"author":1,"featured_media":55692,"comment_status":"open","ping_status":"open","sticky":false,"template":"","format":"standard","meta":[],"categories":[53,49],"tags":[886,63,67,1009,2698,165,227,13,23133,22975,4269],"views":880,"_links":{"self":[{"href":"https:\/\/www.enerjigazetesi.ist\/en\/wp-json\/wp\/v2\/posts\/55691"}],"collection":[{"href":"https:\/\/www.enerjigazetesi.ist\/en\/wp-json\/wp\/v2\/posts"}],"about":[{"href":"https:\/\/www.enerjigazetesi.ist\/en\/wp-json\/wp\/v2\/types\/post"}],"author":[{"embeddable":true,"href":"https:\/\/www.enerjigazetesi.ist\/en\/wp-json\/wp\/v2\/users\/1"}],"replies":[{"embeddable":true,"href":"https:\/\/www.enerjigazetesi.ist\/en\/wp-json\/wp\/v2\/comments?post=55691"}],"version-history":[{"count":2,"href":"https:\/\/www.enerjigazetesi.ist\/en\/wp-json\/wp\/v2\/posts\/55691\/revisions"}],"predecessor-version":[{"id":55694,"href":"https:\/\/www.enerjigazetesi.ist\/en\/wp-json\/wp\/v2\/posts\/55691\/revisions\/55694"}],"wp:featuredmedia":[{"embeddable":true,"href":"https:\/\/www.enerjigazetesi.ist\/en\/wp-json\/wp\/v2\/media\/55692"}],"wp:attachment":[{"href":"https:\/\/www.enerjigazetesi.ist\/en\/wp-json\/wp\/v2\/media?parent=55691"}],"wp:term":[{"taxonomy":"category","embeddable":true,"href":"https:\/\/www.enerjigazetesi.ist\/en\/wp-json\/wp\/v2\/categories?post=55691"},{"taxonomy":"post_tag","embeddable":true,"href":"https:\/\/www.enerjigazetesi.ist\/en\/wp-json\/wp\/v2\/tags?post=55691"}],"curies":[{"name":"wp","href":"https:\/\/api.w.org\/{rel}","templated":true}]}}