{"id":55673,"date":"2016-07-24T23:25:32","date_gmt":"2016-07-24T20:25:32","guid":{"rendered":"https:\/\/www.enerjigazetesi.ist\/?p=55673"},"modified":"2016-07-24T23:25:58","modified_gmt":"2016-07-24T20:25:58","slug":"iranin-yenilenebilir-enerjiye-ilgisi-artiyor","status":"publish","type":"post","link":"https:\/\/www.enerjigazetesi.ist\/en\/iranin-yenilenebilir-enerjiye-ilgisi-artiyor\/","title":{"rendered":"(Turkish) \u0130ran&#8217;\u0131n Yenilenebilir Enerjiye \u0130lgisi Art\u0131yor!"},"content":{"rendered":"<p class=\"qtranxs-available-languages-message qtranxs-available-languages-message-en\">Sorry, this entry is only available in <a href=\"https:\/\/www.enerjigazetesi.ist\/tr\/wp-json\/wp\/v2\/posts\/55673\" class=\"qtranxs-available-language-link qtranxs-available-language-link-tr\" title=\"Turkish\">Turkish<\/a>. For the sake of viewer convenience, the content is shown below in the alternative language. You may click the link to switch the active language.<\/p><p><\/p>\n<p style=\"color: #666666;\"><span style=\"font-weight: bold; color: #222222;\">\u0130ran Enerji Bakanl\u0131\u011f\u0131\u2019na ba\u011fl\u0131, \u0130ran Yenilenebilir Enerji Ajans\u0131\u2019n\u0131n (SUNA) \u0130ngiltere Fotovoltaik Birli\u011fi (BPVA) ile g\u00fcne\u015f enerjisi alan\u0131nda i\u015fbirli\u011fi yapaca\u011f\u0131 bildirildi.<\/span><\/p>\n<p style=\"color: #666666;\">\u0130ran\u00a0<span style=\"font-weight: bold; color: #222222;\">yenilenebilir enerji<\/span>\u00a0alan\u0131na y\u00f6nelik yat\u0131r\u0131mlara haz\u0131rl\u0131k a\u015famas\u0131nda \u00f6nemli \u00e7al\u0131\u015fmalar ger\u00e7ekle\u015ftiriyor. \u00d6zellikle \u00fclkeye ambargolar\u0131n kalkmas\u0131n\u0131n ard\u0131ndan\u00a0<span style=\"font-weight: bold; color: #222222;\">yenilenebilir enerji\u00a0<\/span>alan\u0131na y\u00f6nelik hareketlilik dikka<img loading=\"lazy\" class=\"alignright  wp-image-55674\" src=\"https:\/\/www.enerjigazetesi.ist\/wp-content\/uploads\/2016\/07\/iranin-yenilenebilir-enerjiye-ilgisi-artiyor-300x150.jpg\" alt=\"iranin-yenilenebilir-enerjiye-ilgisi-artiyor\" width=\"300\" height=\"170\" \/>t \u00e7ekiyor.<\/p>\n<p style=\"color: #666666;\">\u0130ran\u2019\u0131n\u00a0<span style=\"font-weight: bold; color: #222222;\">yenilenebilir enerji alan\u0131ndaki<\/span>\u00a0faaliyetleri bir\u00e7ok \u00fclkenin bu alanda ortak i\u015fbirli\u011fi yapma ko\u015fullar\u0131n\u0131 da art\u0131r\u0131yor. T\u00fcrkiye i\u00e7in de bu \u00fclkeyle\u00a0<span style=\"font-weight: bold; color: #222222;\">yenilenebilir enerji yat\u0131r\u0131mlar\u0131<\/span>\u00a0a\u00e7\u0131s\u0131ndan \u00f6nemli f\u0131rsatlar ortaya \u00e7\u0131kabilir.<\/p>\n<p style=\"color: #666666;\">Bu do\u011frultuda, \u0130ran Enerji Bakanl\u0131\u011f\u0131\u2019na ba\u011fl\u0131, \u0130ran Yenilenebilir Enerji Ajans\u0131\u2019n\u0131n (SUNA) \u0130ngiltere Fotovoltaik Birli\u011fi (BPVA) ile<span style=\"font-weight: bold; color: #222222;\">\u00a0g\u00fcne\u015f enerjisi alan\u0131nda<\/span>\u00a0i\u015fbirli\u011fi yapaca\u011f\u0131 bildirildi.<\/p>\n<p style=\"color: #666666;\">BPVA taraf\u0131ndan yap\u0131lan a\u00e7\u0131klamaya g\u00f6re 14 Temmuz 2016 tarihinde Birle\u015fik Krall\u0131k Parlamentosu\u2019nda bir araya gelen taraflar bu ama\u00e7 do\u011frultusunda bir mutabakat anla\u015fmas\u0131 imzalad\u0131.<\/p>\n<p style=\"color: #666666;\">\u0130mza t\u00f6reninde \u0130ran Enerji Bakan\u0131 Hamid \u00c7it\u00e7iyan ba\u015fta olmak \u00fczere,\u00a0<span style=\"font-weight: bold; color: #222222;\">\u0130ran enerji y\u00f6netiminden\u00a0<\/span>\u00fcst d\u00fczey yetkililer, Birle\u015fik Krall\u0131k yetkilileri ve BPVA Y\u00f6netim Kurulu Ba\u015fkan\u0131 Reza Shaybani haz\u0131r bulundu.<\/p>\n<p style=\"color: #666666;\">Birli\u011fin a\u00e7\u0131klamas\u0131na g\u00f6re BPVA \u0130ran\u2019da toplamda 1 GW g\u00fcce sahip olacak zemine monte\u00a0<span style=\"font-weight: bold; color: #222222;\">g\u00fcne\u015f enerjisi projelerinin<\/span>\u00a0geli\u015ftirilmesini destekleyecek ve ger\u00e7ekle\u015ftirilmesini koordine edecek.<\/p>\n<p style=\"color: #666666;\">Birlik \u0130ran\u2019\u0131n \u00e7at\u0131 \u00fcst\u00fc\u00a0<span style=\"font-weight: bold; color: #222222;\">g\u00fcne\u015f enerjisine<\/span>\u00a0y\u00f6nelik bir program geli\u015ftirmesine de katk\u0131 sunacak. Bu katk\u0131 \u00e7at\u0131 \u00fcst\u00fc kurulumlarda kullan\u0131lacak \u00fcr\u00fcnler ve kurulum i\u015fleri i\u00e7in sertifikasyon ve standardizasyon geli\u015ftirilmesine y\u00f6nelik bilgi transferini de kapsayacak.<\/p>\n<p style=\"color: #666666;\">\u0130ran\u2019da yerli\u00a0<span style=\"font-weight: bold; color: #222222;\">g\u00fcne\u015f paneli \u00fcretimi<\/span>\u00a0hedefi de anla\u015fman\u0131n dikkat \u00e7ekici maddelerinden oldu.<\/p>\n<p style=\"color: #666666;\">Haberin Devam\u0131 \u0130\u00e7in\u00a0<a style=\"color: #fc8d8d;\" href=\"http:\/\/solar.ist\/iran-ingiltere-gunes-birligi-ile-isbirligi-yapacak\/\" target=\"_blank\">T\u0131klay\u0131n\u0131z&gt;&gt;&gt;<\/a><\/p>\n<p style=\"color: #666666;\">Kaynak: Solar.ist<\/p>\n<p><\/p>","protected":false},"excerpt":{"rendered":"<p>Sorry, this entry is only available in Turkish. For the sake of viewer convenience, the content is shown below in the alternative language. You may click the link to switch the active language. \u0130ran Enerji Bakanl\u0131\u011f\u0131\u2019na ba\u011fl\u0131, \u0130ran Yenilenebilir Enerji Ajans\u0131\u2019n\u0131n (SUNA) \u0130ngiltere Fotovoltaik Birli\u011fi (BPVA) ile g\u00fcne\u015f enerjisi alan\u0131nda i\u015fbirli\u011fi yapaca\u011f\u0131 bildirildi. \u0130ran\u00a0yenilenebilir enerji\u00a0alan\u0131na [&hellip;]<\/p>\n","protected":false},"author":1,"featured_media":55674,"comment_status":"open","ping_status":"open","sticky":false,"template":"","format":"standard","meta":[],"categories":[53,49],"tags":[30790,63,67,1009,2698,165,227,13,23133,22975,4269,1333,30791,105],"views":593,"_links":{"self":[{"href":"https:\/\/www.enerjigazetesi.ist\/en\/wp-json\/wp\/v2\/posts\/55673"}],"collection":[{"href":"https:\/\/www.enerjigazetesi.ist\/en\/wp-json\/wp\/v2\/posts"}],"about":[{"href":"https:\/\/www.enerjigazetesi.ist\/en\/wp-json\/wp\/v2\/types\/post"}],"author":[{"embeddable":true,"href":"https:\/\/www.enerjigazetesi.ist\/en\/wp-json\/wp\/v2\/users\/1"}],"replies":[{"embeddable":true,"href":"https:\/\/www.enerjigazetesi.ist\/en\/wp-json\/wp\/v2\/comments?post=55673"}],"version-history":[{"count":2,"href":"https:\/\/www.enerjigazetesi.ist\/en\/wp-json\/wp\/v2\/posts\/55673\/revisions"}],"predecessor-version":[{"id":55676,"href":"https:\/\/www.enerjigazetesi.ist\/en\/wp-json\/wp\/v2\/posts\/55673\/revisions\/55676"}],"wp:featuredmedia":[{"embeddable":true,"href":"https:\/\/www.enerjigazetesi.ist\/en\/wp-json\/wp\/v2\/media\/55674"}],"wp:attachment":[{"href":"https:\/\/www.enerjigazetesi.ist\/en\/wp-json\/wp\/v2\/media?parent=55673"}],"wp:term":[{"taxonomy":"category","embeddable":true,"href":"https:\/\/www.enerjigazetesi.ist\/en\/wp-json\/wp\/v2\/categories?post=55673"},{"taxonomy":"post_tag","embeddable":true,"href":"https:\/\/www.enerjigazetesi.ist\/en\/wp-json\/wp\/v2\/tags?post=55673"}],"curies":[{"name":"wp","href":"https:\/\/api.w.org\/{rel}","templated":true}]}}