{"id":55666,"date":"2016-07-23T18:17:53","date_gmt":"2016-07-23T15:17:53","guid":{"rendered":"https:\/\/www.enerjigazetesi.ist\/?p=55666"},"modified":"2016-07-23T18:19:58","modified_gmt":"2016-07-23T15:19:58","slug":"tesladan-gunes-enerjisini-odagina-alma-plani","status":"publish","type":"post","link":"https:\/\/www.enerjigazetesi.ist\/en\/tesladan-gunes-enerjisini-odagina-alma-plani\/","title":{"rendered":"(Turkish) Tesla&#8217;dan G\u00fcne\u015f Enerjisini Oda\u011f\u0131na Alma Plan\u0131&#8230;"},"content":{"rendered":"<p class=\"qtranxs-available-languages-message qtranxs-available-languages-message-en\">Sorry, this entry is only available in <a href=\"https:\/\/www.enerjigazetesi.ist\/tr\/wp-json\/wp\/v2\/posts\/55666\" class=\"qtranxs-available-language-link qtranxs-available-language-link-tr\" title=\"Turkish\">Turkish<\/a>. For the sake of viewer convenience, the content is shown below in the alternative language. You may click the link to switch the active language.<\/p><p><\/p>\n<p style=\"color: #666666;\"><span style=\"font-weight: bold; color: #222222;\">Elon Musk, Tesla otomobillerine y\u00f6nelik plan\u0131n\u0131 belirgin bir bi\u00e7imde ortaya koydu. Tesla, otomobillerine \u00e7ok farkl\u0131 g\u00f6revler \u00fcstleme haz\u0131rl\u0131klar\u0131 yap\u0131yor.<\/span><\/p>\n<p style=\"color: #666666;\">D\u00fcnyan\u0131n en \u00fcnl\u00fc i\u015f insanlar\u0131ndan birisi ku\u015fkusuz Tesla Motors CEO\u2019su Elon Musk. Musk, bir\u00e7ok platformda yaln\u0131zca bir i\u015f insan\u0131 olarak de\u011fil ayn\u0131 zamanda \u00e7a\u011f\u0131m\u0131z\u0131n \u00f6nde gelen mucitlerinden biri olarak tan\u0131mlan\u0131yor.<\/p>\n<p style=\"color: #666666;\">Musk\u2019\u0131n kuruculu\u011funu ger\u00e7ek<a href=\"https:\/\/www.enerjigazetesi.ist\/wp-content\/uploads\/2016\/07\/tesladan-gunes-enerjisini-odagina-alma-plani.jpg\"><img loading=\"lazy\" class=\"alignleft size-medium wp-image-55667\" src=\"https:\/\/www.enerjigazetesi.ist\/wp-content\/uploads\/2016\/07\/tesladan-gunes-enerjisini-odagina-alma-plani-300x170.jpg\" alt=\"tesladan-gunes-enerjisini-odagina-alma-plani\" width=\"300\" height=\"170\" srcset=\"https:\/\/www.enerjigazetesi.ist\/wp-content\/uploads\/2016\/07\/tesladan-gunes-enerjisini-odagina-alma-plani-300x170.jpg 300w, https:\/\/www.enerjigazetesi.ist\/wp-content\/uploads\/2016\/07\/tesladan-gunes-enerjisini-odagina-alma-plani-500x284.jpg 500w, https:\/\/www.enerjigazetesi.ist\/wp-content\/uploads\/2016\/07\/tesladan-gunes-enerjisini-odagina-alma-plani-80x45.jpg 80w, https:\/\/www.enerjigazetesi.ist\/wp-content\/uploads\/2016\/07\/tesladan-gunes-enerjisini-odagina-alma-plani.jpg 580w\" sizes=\"(max-width: 300px) 100vw, 300px\" \/><\/a>le\u015ftirdi\u011fi Tesla Motors\u2019un da en az Musk kadar pop\u00fcler bir marka haline geldi\u011fi otomotiv sekt\u00f6r\u00fcyle ilgili herkesin bildi\u011fi bir olgu. Musk ve kurucusu Tesla, markala\u015fman\u0131n \u00e7ok \u00f6tesinde bir fenomen haline gelmi\u015f durumda.<\/p>\n<p style=\"color: #666666;\">Tesla Motors bug\u00fcnlerde\u00a0<span style=\"font-weight: bold; color: #222222;\">elektrikli ara\u00e7lar<\/span>\u00a0i\u00e7in de devrim say\u0131labilecek yenilikler geli\u015ftirme pe\u015finde. Tesla\u2019n\u0131n\u00a0<span style=\"font-weight: bold; color: #222222;\">elektrikli ara\u00e7lar\u00a0<\/span>\u00fczerindeki liderli\u011fi uzun y\u0131llar s\u00fcrece\u011fe benziyor.<\/p>\n<p style=\"color: #666666;\">Bu do\u011frultuda, Elon Musk, Tesla otomobillerine y\u00f6nelik plan\u0131n\u0131 belirgin bir bi\u00e7imde ortaya koydu. Tesla, otomobillerine \u00e7ok farkl\u0131 g\u00f6revler \u00fcstlemeye haz\u0131rlan\u0131yor.<\/p>\n<p style=\"color: #666666;\">Tesla Motors CEO\u2019su Elon Musk, yakla\u015f\u0131k bir y\u0131l \u00f6ncesinde Tesla otomobillerine ili\u015fkin \u201cMaster Plan\u201d ad\u0131 alt\u0131ndaki hedeflerini a\u00e7\u0131klam\u0131\u015ft\u0131.<\/p>\n<p style=\"color: #666666;\">Tesla Roadster \u00e7\u00f6z\u00fcm\u00fcn\u00fcn ba\u015flat\u0131lmas\u0131n\u0131n ard\u0131ndan, bu arac\u0131 Model S Sedan ve Model X SUV takip etmi\u015fti.<\/p>\n<p style=\"color: #666666;\">Ge\u00e7ti\u011fimiz Nisan ay\u0131nda Model 3 adl\u0131 arac\u0131n\u0131 da duyuran Tesla\u2019n\u0131n, benzin enerjisini kullanmayarak y\u00fcksek performansl\u0131 spor otomobiller yaratma odakl\u0131 planlar\u0131, \u015fimdiki s\u00fcre\u00e7te daha belirginle\u015fmi\u015f durumda.<\/p>\n<p style=\"color: #666666;\"><span style=\"font-weight: bold; color: #222222;\">Tesla\u2019n\u0131n Master Plan\u0131!<\/span><\/p>\n<p style=\"color: #666666;\">Halihaz\u0131rda\u00a0<span style=\"font-weight: bold; color: #222222;\">elektrik otomobil\u00a0<\/span>sekt\u00f6r\u00fcn\u00fcn \u00f6nce oyuncular\u0131ndan biri olan Tesla,\u00a0<span style=\"font-weight: bold; color: #222222;\">elektrikli otomobillerin<\/span>\u00a0g\u00f6sterdi\u011fi performans\u0131 geni\u015fletmek ad\u0131na, otomobillerin \u015fehir<span style=\"font-weight: bold; color: #222222;\">\u00a0elektrik \u015febekesine<\/span>\u00a0olan ba\u011f\u0131ml\u0131l\u0131klar\u0131n\u0131 azaltmaya \u00e7al\u0131\u015facak.<\/p>\n<p style=\"color: #666666;\">Bu u\u011furda\u00a0<span style=\"font-weight: bold; color: #222222;\">g\u00fcne\u015f enerjisini<\/span>\u00a0oda\u011f\u0131na almay\u0131 planlayan Tesla,\u00a0<span style=\"font-weight: bold; color: #222222;\">\u00f6zel pil deste\u011fi ile bu enerjiyi otomobil b\u00fcnyesinde depolama yoluna\u00a0<\/span>gidecek.<\/p>\n<p style=\"color: #666666;\">Mevcut\u00a0<span style=\"font-weight: bold; color: #222222;\">g\u00fcne\u015f enerjili otomobillerden<\/span>\u00a0\u00e7ok daha y\u00fcksek bir performans sunaca\u011f\u0131 ifade edilen otomobiller, benzinin ard\u0131ndan\u00a0<span style=\"font-weight: bold; color: #222222;\">elektrik enerjisine<\/span>\u00a0duyulan ba\u011f\u0131ml\u0131l\u0131\u011f\u0131 da en az indirgemeye \u00e7al\u0131\u015facak.<\/p>\n<p style=\"color: #666666;\">Tesla\u2019n\u0131n<span style=\"font-weight: bold; color: #222222;\">\u00a0g\u00fcne\u015f enerjisi panel deste\u011fi<\/span>\u00a0kapsam\u0131nda SolarCity ve di\u011fer ilgili kurulu\u015flarla i\u015fbirli\u011fi yapabilece\u011fininde alt\u0131n\u0131 \u00e7izmektedir.<\/p>\n<p style=\"color: #666666;\">Haberin Devam\u0131\u00a0\u0130\u00e7in\u00a0<a style=\"color: #fc8d8d;\" href=\"http:\/\/shiftdelete.net\/tesla-gunes-enerjisine-mi-yoneliyor-73595\" target=\"_blank\">T\u0131klay\u0131n\u0131z&gt;&gt;&gt;<\/a><\/p>\n<p style=\"color: #666666;\">Kaynak: Shift Delete<\/p>\n<p><\/p>","protected":false},"excerpt":{"rendered":"<p>Sorry, this entry is only available in Turkish. For the sake of viewer convenience, the content is shown below in the alternative language. You may click the link to switch the active language. Elon Musk, Tesla otomobillerine y\u00f6nelik plan\u0131n\u0131 belirgin bir bi\u00e7imde ortaya koydu. Tesla, otomobillerine \u00e7ok farkl\u0131 g\u00f6revler \u00fcstleme haz\u0131rl\u0131klar\u0131 yap\u0131yor. D\u00fcnyan\u0131n en \u00fcnl\u00fc [&hellip;]<\/p>\n","protected":false},"author":1,"featured_media":55667,"comment_status":"open","ping_status":"open","sticky":false,"template":"","format":"standard","meta":[],"categories":[51,53,49,157],"tags":[1311,63,67,1009,2698,165,227,13,23133,22975,4269],"views":993,"_links":{"self":[{"href":"https:\/\/www.enerjigazetesi.ist\/en\/wp-json\/wp\/v2\/posts\/55666"}],"collection":[{"href":"https:\/\/www.enerjigazetesi.ist\/en\/wp-json\/wp\/v2\/posts"}],"about":[{"href":"https:\/\/www.enerjigazetesi.ist\/en\/wp-json\/wp\/v2\/types\/post"}],"author":[{"embeddable":true,"href":"https:\/\/www.enerjigazetesi.ist\/en\/wp-json\/wp\/v2\/users\/1"}],"replies":[{"embeddable":true,"href":"https:\/\/www.enerjigazetesi.ist\/en\/wp-json\/wp\/v2\/comments?post=55666"}],"version-history":[{"count":3,"href":"https:\/\/www.enerjigazetesi.ist\/en\/wp-json\/wp\/v2\/posts\/55666\/revisions"}],"predecessor-version":[{"id":55670,"href":"https:\/\/www.enerjigazetesi.ist\/en\/wp-json\/wp\/v2\/posts\/55666\/revisions\/55670"}],"wp:featuredmedia":[{"embeddable":true,"href":"https:\/\/www.enerjigazetesi.ist\/en\/wp-json\/wp\/v2\/media\/55667"}],"wp:attachment":[{"href":"https:\/\/www.enerjigazetesi.ist\/en\/wp-json\/wp\/v2\/media?parent=55666"}],"wp:term":[{"taxonomy":"category","embeddable":true,"href":"https:\/\/www.enerjigazetesi.ist\/en\/wp-json\/wp\/v2\/categories?post=55666"},{"taxonomy":"post_tag","embeddable":true,"href":"https:\/\/www.enerjigazetesi.ist\/en\/wp-json\/wp\/v2\/tags?post=55666"}],"curies":[{"name":"wp","href":"https:\/\/api.w.org\/{rel}","templated":true}]}}