{"id":55637,"date":"2016-07-22T19:48:31","date_gmt":"2016-07-22T16:48:31","guid":{"rendered":"https:\/\/www.enerjigazetesi.ist\/?p=55637"},"modified":"2016-07-22T19:51:18","modified_gmt":"2016-07-22T16:51:18","slug":"abnin-alacagi-pozisyon-turk-akiminin-uygulanmasina-engel-olabilir","status":"publish","type":"post","link":"https:\/\/www.enerjigazetesi.ist\/en\/abnin-alacagi-pozisyon-turk-akiminin-uygulanmasina-engel-olabilir\/","title":{"rendered":"(Turkish) AB\u2019nin Pozisyonu T\u00fcrk Ak\u0131m\u0131\u2019n\u0131n Uygulanmas\u0131na Engel Olabilir&#8230;"},"content":{"rendered":"<p class=\"qtranxs-available-languages-message qtranxs-available-languages-message-en\">Sorry, this entry is only available in <a href=\"https:\/\/www.enerjigazetesi.ist\/tr\/wp-json\/wp\/v2\/posts\/55637\" class=\"qtranxs-available-language-link qtranxs-available-language-link-tr\" title=\"Turkish\">Turkish<\/a>. For the sake of viewer convenience, the content is shown below in the alternative language. You may click the link to switch the active language.<\/p><p><\/p>\n<p class=\"selectionShareable\" style=\"color: #0a0a0a;\"><strong>Rusya ve T\u00fcrkiye \u201cT\u00fcrk Ak\u0131m\u0131\u201d projesine ilgi\u00a0duymalar\u0131na\u00a0ra\u011fmen, AB\u2019nin pozisyonu bu projenin uygulanmas\u0131na engel olabilecektir.\u00a0<\/strong><strong>Azeri Trend ajans\u0131na g\u00f6re, enerji sekt\u00f6r\u00fcnde yat\u0131r\u0131m dan\u0131\u015fman\u0131 Siril Viddershoven Rusya ve T\u00fcrkiye\u2019nin \u201cT\u00fcrk Ak\u0131m\u0131\u201d projesine ilgisine ra\u011fmen, AB\u2019nin pozisyonu bu projenin uygulanmas\u0131na engel olabilece\u011fi g\u00f6r\u00fc\u015f\u00fcndedir.<\/strong><\/p>\n<p class=\"selectionShareable\" style=\"color: #0a0a0a;\">Siril Viddershoven Trend ajans\u0131 ile online m\u00fclakat\u0131nda, \u201c\u015eu anda Rusya projeyi yeniden ba\u015flatmak iste\u011finde. Bu konu tart\u0131\u015f\u0131ld\u0131, ama sonu\u00e7 hala bili<a href=\"https:\/\/www.enerjigazetesi.ist\/wp-content\/uploads\/2015\/11\/turk-akimi-projesi-bir-veya-iki-hat-olarak-mutlaka-hayata-gecirilecek.jpg\"><img loading=\"lazy\" class=\"alignleft size-medium wp-image-46793\" src=\"https:\/\/www.enerjigazetesi.ist\/wp-content\/uploads\/2015\/11\/turk-akimi-projesi-bir-veya-iki-hat-olarak-mutlaka-hayata-gecirilecek-300x165.jpg\" alt=\"turk-akimi-projesi-bir-veya-iki-hat-olarak-mutlaka-hayata-gecirilecek\" width=\"300\" height=\"165\" srcset=\"https:\/\/www.enerjigazetesi.ist\/wp-content\/uploads\/2015\/11\/turk-akimi-projesi-bir-veya-iki-hat-olarak-mutlaka-hayata-gecirilecek-300x165.jpg 300w, https:\/\/www.enerjigazetesi.ist\/wp-content\/uploads\/2015\/11\/turk-akimi-projesi-bir-veya-iki-hat-olarak-mutlaka-hayata-gecirilecek-500x276.jpg 500w, https:\/\/www.enerjigazetesi.ist\/wp-content\/uploads\/2015\/11\/turk-akimi-projesi-bir-veya-iki-hat-olarak-mutlaka-hayata-gecirilecek-80x44.jpg 80w, https:\/\/www.enerjigazetesi.ist\/wp-content\/uploads\/2015\/11\/turk-akimi-projesi-bir-veya-iki-hat-olarak-mutlaka-hayata-gecirilecek.jpg 696w\" sizes=\"(max-width: 300px) 100vw, 300px\" \/><\/a>nmemekte. M\u00fczakerelerin t\u00fcm s\u00fcreci hen\u00fcz anla\u015f\u0131lamad\u0131, ancak her iki taraf da projenin yeniden ba\u015flat\u0131lmas\u0131n\u0131 istiyor.\u201d dedi.<\/p>\n<p class=\"selectionShareable\" style=\"color: #0a0a0a;\">T\u00fcrk pazar\u0131n\u0131n ek do\u011fal gaz ak\u0131m\u0131na ihtiyac\u0131 var. Ancak projenin ba\u015far\u0131s\u0131 ve fiyat\u0131 yine de gaz\u0131n Avrupa \u00fclkelerine ta\u015f\u0131nma m\u00fczakerelere ba\u011fl\u0131 fakat\u00a0bu konuda en b\u00fcy\u00fck engel AB&#8217;nin pozisyonudur.<\/p>\n<p class=\"selectionShareable\" style=\"color: #0a0a0a;\">\u201cT\u00fcrk Ak\u0131m\u0131\u201d projesi 2015 y\u0131l Kas\u0131m ay\u0131nda T\u00fcrk-Suriye s\u0131n\u0131r\u0131nda Rus sava\u015f u\u00e7a\u011f\u0131n\u0131n d\u00fc\u015f\u00fcr\u00fclmesinden dolay\u0131 Moskova ve Ankara aras\u0131nda ili\u015fkilerin bozulmas\u0131 sonucunda rafa kalkm\u0131\u015ft\u0131.\u00a0\u0130ki \u00fclke aras\u0131ndaki ili\u015fkilerin normalle\u015ftirilmesi sonra, Rus \u201cGazprom\u201d \u015firketi resmi temsilcisi Sergey Kupriyanov \u201cT\u00fcrk ak\u0131m\u0131\u201d projesinin diyalo\u011fa a\u00e7\u0131k oldu\u011funu\u00a0belirtmi\u015fti.<\/p>\n<p class=\"selectionShareable\" style=\"color: #0a0a0a;\">Viddershovena g\u00f6re, 15 Temmuzda ya\u015fanan darbe giri\u015fiminden sonra olu\u015fan T\u00fcrkiye\u2019deki mevcut durum da projeyi olumsuz\u00a0etkileyebilir.<\/p>\n<p><\/p>","protected":false},"excerpt":{"rendered":"<p>Sorry, this entry is only available in Turkish. For the sake of viewer convenience, the content is shown below in the alternative language. You may click the link to switch the active language. Rusya ve T\u00fcrkiye \u201cT\u00fcrk Ak\u0131m\u0131\u201d projesine ilgi\u00a0duymalar\u0131na\u00a0ra\u011fmen, AB\u2019nin pozisyonu bu projenin uygulanmas\u0131na engel olabilecektir.\u00a0Azeri Trend ajans\u0131na g\u00f6re, enerji sekt\u00f6r\u00fcnde yat\u0131r\u0131m dan\u0131\u015fman\u0131 Siril [&hellip;]<\/p>\n","protected":false},"author":1,"featured_media":46793,"comment_status":"open","ping_status":"open","sticky":false,"template":"","format":"standard","meta":[],"categories":[46,53],"tags":[30778,92,876,226,19761,2092,2677,63,67,1009,2698,165,885,20076,846],"views":891,"_links":{"self":[{"href":"https:\/\/www.enerjigazetesi.ist\/en\/wp-json\/wp\/v2\/posts\/55637"}],"collection":[{"href":"https:\/\/www.enerjigazetesi.ist\/en\/wp-json\/wp\/v2\/posts"}],"about":[{"href":"https:\/\/www.enerjigazetesi.ist\/en\/wp-json\/wp\/v2\/types\/post"}],"author":[{"embeddable":true,"href":"https:\/\/www.enerjigazetesi.ist\/en\/wp-json\/wp\/v2\/users\/1"}],"replies":[{"embeddable":true,"href":"https:\/\/www.enerjigazetesi.ist\/en\/wp-json\/wp\/v2\/comments?post=55637"}],"version-history":[{"count":3,"href":"https:\/\/www.enerjigazetesi.ist\/en\/wp-json\/wp\/v2\/posts\/55637\/revisions"}],"predecessor-version":[{"id":55640,"href":"https:\/\/www.enerjigazetesi.ist\/en\/wp-json\/wp\/v2\/posts\/55637\/revisions\/55640"}],"wp:featuredmedia":[{"embeddable":true,"href":"https:\/\/www.enerjigazetesi.ist\/en\/wp-json\/wp\/v2\/media\/46793"}],"wp:attachment":[{"href":"https:\/\/www.enerjigazetesi.ist\/en\/wp-json\/wp\/v2\/media?parent=55637"}],"wp:term":[{"taxonomy":"category","embeddable":true,"href":"https:\/\/www.enerjigazetesi.ist\/en\/wp-json\/wp\/v2\/categories?post=55637"},{"taxonomy":"post_tag","embeddable":true,"href":"https:\/\/www.enerjigazetesi.ist\/en\/wp-json\/wp\/v2\/tags?post=55637"}],"curies":[{"name":"wp","href":"https:\/\/api.w.org\/{rel}","templated":true}]}}