{"id":55632,"date":"2016-07-22T14:24:28","date_gmt":"2016-07-22T11:24:28","guid":{"rendered":"https:\/\/www.enerjigazetesi.ist\/?p=55632"},"modified":"2016-07-22T14:27:27","modified_gmt":"2016-07-22T11:27:27","slug":"nissan-in-karbon-emisyonunu-yuzde-224-oraninda-dustu","status":"publish","type":"post","link":"https:\/\/www.enerjigazetesi.ist\/en\/nissan-in-karbon-emisyonunu-yuzde-224-oraninda-dustu\/","title":{"rendered":"(Turkish) Nissan&#8217;\u0131n Karbon Emisyonunu Y\u00fczde 22,4 Oran\u0131nda D\u00fc\u015ft\u00fc!"},"content":{"rendered":"<p class=\"qtranxs-available-languages-message qtranxs-available-languages-message-en\">Sorry, this entry is only available in <a href=\"https:\/\/www.enerjigazetesi.ist\/tr\/wp-json\/wp\/v2\/posts\/55632\" class=\"qtranxs-available-language-link qtranxs-available-language-link-tr\" title=\"Turkish\">Turkish<\/a>. For the sake of viewer convenience, the content is shown below in the alternative language. You may click the link to switch the active language.<\/p><p><\/p>\n<p class=\"selectionShareable\" style=\"color: #0a0a0a;\"><strong>Nissan, yeni modellerinde ve yayg\u0131nla\u015fan elektrikli ara\u00e7lar\u0131nda yenilenebilir enerji ve geri d\u00f6n\u00fc\u015f\u00fcml\u00fc malzeme kullan\u0131m\u0131n\u0131 art\u0131rmaya s\u00fcrd\u00fcrmektedir. Son 10 y\u0131lda karbondioksit (CO2) emisyonlar\u0131n\u0131 y\u00fczde 22,4 oran\u0131nda d\u00fc\u015f\u00fcrerek\u00a0en y\u00fcksek performans sergileyen otomotiv markas\u0131\u00a0\u00fcnvan\u0131n\u0131 ald\u0131.<\/strong><span id=\"more-82492\"><\/span><\/p>\n<p class=\"selectionShareable\" style=\"color: #0a0a0a;\">Nissan taraf\u0131ndan yay\u0131nlanan y\u0131ll\u0131k s\u00fcrd\u00fcr\u00fclebilirlik raporuna g\u00f6re, karbondioksit emisyonlar\u0131 son 10 y\u0131lda y\u00fczde 22,4 oran\u0131nda d\u00fc\u015ft\u00fc. \u0130klim de\u011fi\u015fikli\u011fi ile m\u00fccadele eden binlerce marka ile i\u015fbirli\u011fi yapan Carbon Disclosure Project\u2019e g\u00f6r<a href=\"https:\/\/www.enerjigazetesi.ist\/wp-content\/uploads\/2016\/07\/nissan-in-karbon-emisyonunu-yuzde-224-oraninda-dustu.jpg\"><img loading=\"lazy\" class=\"alignright size-medium wp-image-55634\" src=\"https:\/\/www.enerjigazetesi.ist\/wp-content\/uploads\/2016\/07\/nissan-in-karbon-emisyonunu-yuzde-224-oraninda-dustu-300x168.jpg\" alt=\"nissan-in-karbon-emisyonunu-yuzde-224-oraninda-dustu\" width=\"300\" height=\"168\" srcset=\"https:\/\/www.enerjigazetesi.ist\/wp-content\/uploads\/2016\/07\/nissan-in-karbon-emisyonunu-yuzde-224-oraninda-dustu-300x168.jpg 300w, https:\/\/www.enerjigazetesi.ist\/wp-content\/uploads\/2016\/07\/nissan-in-karbon-emisyonunu-yuzde-224-oraninda-dustu-500x281.jpg 500w, https:\/\/www.enerjigazetesi.ist\/wp-content\/uploads\/2016\/07\/nissan-in-karbon-emisyonunu-yuzde-224-oraninda-dustu-80x45.jpg 80w, https:\/\/www.enerjigazetesi.ist\/wp-content\/uploads\/2016\/07\/nissan-in-karbon-emisyonunu-yuzde-224-oraninda-dustu.jpg 696w\" sizes=\"(max-width: 300px) 100vw, 300px\" \/><\/a>e, s\u0131f\u0131r emisyonlu ara\u00e7lar\u0131n yayg\u0131nla\u015fmas\u0131na y\u00f6nelik \u00f6nemli \u00e7al\u0131\u015fmalara imza atan ve \u00fcretim tesislerinde enerji tasarrufuna y\u00f6nelik uygulamalar hayata ge\u00e7iren Nissan, bu alanda performans sergileyen otomotiv markas\u0131\u00a0konumuna geldi.<\/p>\n<p class=\"selectionShareable\" style=\"color: #0a0a0a;\">\u0130lk kez 2002 y\u0131l\u0131nda devreye al\u0131nan Nissan Green Program sayesinde Nissan s\u00fcrd\u00fcr\u00fclebilirlik alan\u0131nda \u00e7ok \u00f6nemli geli\u015fmeler kaydetti. En g\u00fcncel versiyonu olan NGP2016, 2016 y\u0131l\u0131 i\u00e7inde \u00e7evresel etkileri ve kaynak kullan\u0131m\u0131n\u0131 d\u00fc\u015f\u00fcrmek \u00fczere \u00e7ok ciddi hedefler i\u00e7ermektedir.<\/p>\n<p class=\"selectionShareable\" style=\"color: #0a0a0a;\">Nissan&#8217;\u0131n \u00fcretim tesislerindeki enerji kay\u0131plar\u0131n\u0131 \u00f6l\u00e7\u00fcmleyen Nissan Energy Saving\u00a0Japon otomotiv devinin g\u00fcncel s\u00fcrd\u00fcr\u00fclebilirlik raporu, Nissan \u00fcretim tesislerinin karbondioksit sal\u0131n\u0131m oran\u0131n\u0131n 2005 y\u0131l\u0131ndan bu yana y\u00fczde 22,4 oran\u0131nda d\u00fc\u015ft\u00fc\u011f\u00fcn\u00fc g\u00f6stermektedir. \u015eirket anavatan\u0131 Japonya\u2019da ise geli\u015ftirdi\u011fi yeni metodojilerle y\u00fcksek kapasiteli enerji t\u00fcketimine sahip Teknik Merkez, Tochigi Fabrikas\u0131, Oppama Fabrikas\u0131, Yokohama Fabrikas\u0131 ve Zama Operasyon Merkezi\u2019nde temiz enerji kullan\u0131m\u0131nda y\u00fczde 8 ile\u00a016 aras\u0131nda da bir art\u0131\u015f\u00a0g\u00f6sterdi.<\/p>\n<p class=\"selectionShareable\" style=\"color: #0a0a0a;\">Kaynak: Enerji Enstit\u00fcs\u00fc<\/p>\n<p><\/p>","protected":false},"excerpt":{"rendered":"<p>Sorry, this entry is only available in Turkish. For the sake of viewer convenience, the content is shown below in the alternative language. You may click the link to switch the active language. Nissan, yeni modellerinde ve yayg\u0131nla\u015fan elektrikli ara\u00e7lar\u0131nda yenilenebilir enerji ve geri d\u00f6n\u00fc\u015f\u00fcml\u00fc malzeme kullan\u0131m\u0131n\u0131 art\u0131rmaya s\u00fcrd\u00fcrmektedir. Son 10 y\u0131lda karbondioksit (CO2) emisyonlar\u0131n\u0131 [&hellip;]<\/p>\n","protected":false},"author":1,"featured_media":55634,"comment_status":"open","ping_status":"open","sticky":false,"template":"","format":"standard","meta":[],"categories":[53,52],"tags":[15532,63,67,1009,2698,165,30777,3344,6843,6302,105],"views":1138,"_links":{"self":[{"href":"https:\/\/www.enerjigazetesi.ist\/en\/wp-json\/wp\/v2\/posts\/55632"}],"collection":[{"href":"https:\/\/www.enerjigazetesi.ist\/en\/wp-json\/wp\/v2\/posts"}],"about":[{"href":"https:\/\/www.enerjigazetesi.ist\/en\/wp-json\/wp\/v2\/types\/post"}],"author":[{"embeddable":true,"href":"https:\/\/www.enerjigazetesi.ist\/en\/wp-json\/wp\/v2\/users\/1"}],"replies":[{"embeddable":true,"href":"https:\/\/www.enerjigazetesi.ist\/en\/wp-json\/wp\/v2\/comments?post=55632"}],"version-history":[{"count":3,"href":"https:\/\/www.enerjigazetesi.ist\/en\/wp-json\/wp\/v2\/posts\/55632\/revisions"}],"predecessor-version":[{"id":55636,"href":"https:\/\/www.enerjigazetesi.ist\/en\/wp-json\/wp\/v2\/posts\/55632\/revisions\/55636"}],"wp:featuredmedia":[{"embeddable":true,"href":"https:\/\/www.enerjigazetesi.ist\/en\/wp-json\/wp\/v2\/media\/55634"}],"wp:attachment":[{"href":"https:\/\/www.enerjigazetesi.ist\/en\/wp-json\/wp\/v2\/media?parent=55632"}],"wp:term":[{"taxonomy":"category","embeddable":true,"href":"https:\/\/www.enerjigazetesi.ist\/en\/wp-json\/wp\/v2\/categories?post=55632"},{"taxonomy":"post_tag","embeddable":true,"href":"https:\/\/www.enerjigazetesi.ist\/en\/wp-json\/wp\/v2\/tags?post=55632"}],"curies":[{"name":"wp","href":"https:\/\/api.w.org\/{rel}","templated":true}]}}