{"id":55570,"date":"2016-07-21T10:53:42","date_gmt":"2016-07-21T07:53:42","guid":{"rendered":"https:\/\/www.enerjigazetesi.ist\/?p=55570"},"modified":"2016-07-21T10:55:37","modified_gmt":"2016-07-21T07:55:37","slug":"iklim-degisikliginin-su-kaynaklarina-etkisi-projesi-toplantisi-yapildi","status":"publish","type":"post","link":"https:\/\/www.enerjigazetesi.ist\/en\/iklim-degisikliginin-su-kaynaklarina-etkisi-projesi-toplantisi-yapildi\/","title":{"rendered":"(Turkish) \u0130klim De\u011fi\u015fikli\u011finin Su Kaynaklar\u0131na Etkisi Projesi Toplant\u0131s\u0131 D\u00fczenlendi!"},"content":{"rendered":"<p class=\"qtranxs-available-languages-message qtranxs-available-languages-message-en\">Sorry, this entry is only available in <a href=\"https:\/\/www.enerjigazetesi.ist\/tr\/wp-json\/wp\/v2\/posts\/55570\" class=\"qtranxs-available-language-link qtranxs-available-language-link-tr\" title=\"Turkish\">Turkish<\/a>. For the sake of viewer convenience, the content is shown below in the alternative language. You may click the link to switch the active language.<\/p><p><\/p>\n<p class=\"selectionShareable\" style=\"color: #0a0a0a;\"><strong>Orman ve Su \u0130\u015fleri Bakan\u0131 Veysel Ero\u011flu, Orman ve Su \u0130\u015fleri Bakanl\u0131\u011f\u0131 Su Y\u00f6netimi Genel M\u00fcd\u00fcrl\u00fc\u011f\u00fcnce bir otelde d\u00fczenlenen \u201c\u0130klim De\u011fi\u015fikli\u011finin Su Kaynaklar\u0131na Etkisi Projesi\u201d kapan\u0131\u015f toplant\u0131s\u0131na kat\u0131l\u0131md\u0131.<\/strong><span id=\"more-82443\"><\/span><\/p>\n<p class=\"selectionShareable\" style=\"color: #0a0a0a;\">Konu\u015fmas\u0131nda iklim de\u011fi\u015fikli\u011fi ile ilgili y\u00fcr\u00fct\u00fclen \u00e7al\u0131\u015fmalara da de\u011finen Ero\u011flu, k\u00fcresel iklim de\u011fi\u015fikli\u011finin en b\u00fcy\u00fck etkisinin su kaynaklar\u0131 \u00fczerinde oldu\u011funa dikkati \u00e7ekti.<img loading=\"lazy\" class=\"alignright size-medium wp-image-50122\" src=\"https:\/\/www.enerjigazetesi.ist\/wp-content\/uploads\/2016\/02\/yerli-hes-ve-gunes-santralleri-geliyor-300x165.jpg\" alt=\"hes- santralleri\" width=\"300\" height=\"165\" srcset=\"https:\/\/www.enerjigazetesi.ist\/wp-content\/uploads\/2016\/02\/yerli-hes-ve-gunes-santralleri-geliyor-300x165.jpg 300w, https:\/\/www.enerjigazetesi.ist\/wp-content\/uploads\/2016\/02\/yerli-hes-ve-gunes-santralleri-geliyor-500x276.jpg 500w, https:\/\/www.enerjigazetesi.ist\/wp-content\/uploads\/2016\/02\/yerli-hes-ve-gunes-santralleri-geliyor-80x44.jpg 80w, https:\/\/www.enerjigazetesi.ist\/wp-content\/uploads\/2016\/02\/yerli-hes-ve-gunes-santralleri-geliyor.jpg 696w\" sizes=\"(max-width: 300px) 100vw, 300px\" \/><\/p>\n<p class=\"selectionShareable\" style=\"color: #0a0a0a;\">\u00c7al\u0131\u015fmalar \u00e7er\u00e7evesinde temiz, yenilenebilir enerji kaynaklar\u0131n\u0131n hemen devreye sokuldu\u011funu\u00a0ve en b\u00fcy\u00fck pay\u0131n da hidroelektrik enerji oldu\u011funu ifade eden Ero\u011flu, s\u00f6zlerini \u015f\u00f6yle s\u00fcrd\u00fcrd\u00fc:<\/p>\n<p class=\"selectionShareable\" style=\"color: #0a0a0a;\">\u201cHidroelektrik enerjiye baz\u0131lar\u0131 kar\u015f\u0131 \u00e7\u0131k\u0131yor ama oturup bir d\u00fc\u015f\u00fcnmeleri laz\u0131m. Ezbere de\u011fil de bunu ger\u00e7ekten inceleyerek kararlar\u0131n\u0131 vermeleri laz\u0131m. Gaza gelmemeleri laz\u0131m. Baz\u0131 \u00fclkelerin \u2018T\u00fcrkiye enerjiye s\u00fcrekli ba\u011f\u0131ml\u0131 olsun\u2019 \u015feklinde onlar\u0131n verdi\u011fi gaza ba\u011fl\u0131 kalmayarak, bunu serbest bir \u015fekilde d\u00fc\u015f\u00fcn\u00fcrlerse, hidroelektrik enerji yenilenebilir, temiz bir enerji kayna\u011f\u0131d\u0131r. Tabiat\u0131 tahrip etmiyor.<\/p>\n<p class=\"selectionShareable\" style=\"color: #0a0a0a;\">Yenilenebilir enerji kayna\u011f\u0131 olmas\u0131 dolay\u0131s\u0131yla biz de ger\u00e7ekten bu konuya \u00e7ok b\u00fcy\u00fck \u00f6nem verdik. 2003\u2019te ben DS\u0130 genel m\u00fcd\u00fcr\u00fcyken, 26 milyar kilovatsaatlik y\u0131lda bir \u00fcretim potansiyeli varken biz bunu y\u0131lda 91 milyar kilovatsaate \u00e7\u0131kard\u0131k. Yani \u015fu anda ya\u011f\u0131\u015fl\u0131 zamanlarda bu yanan \u00fc\u00e7 ampul\u00fcn bir tanesinin enerjisi hidroelektrik enerjiden sa\u011flan\u0131yor. Kurak veya ortalama ya\u011f\u0131\u015f\u0131n oldu\u011fu d\u00f6nemlerde 4 tane amp\u00fclden bir tanesi hidroelektrik enerji kaynaklar\u0131ndan sa\u011flan\u0131yor. Y\u0131lda en az 11 milyar dolar do\u011falgaz ihracat\u0131n\u0131 bu \u015fekilde \u00f6nlemi\u015f oluyoruz.\u201d<\/p>\n<p class=\"selectionShareable\" style=\"color: #0a0a0a;\">Bakan Ero\u011flu, ormanlarda Hidroelektrik Santralleri (HES) i\u00e7in verilen alan\u0131n koca bir okyanusta bir damla gibi oldu\u011funu ama bir a\u011fa\u00e7 kesildi\u011finde de 5 a\u011fac\u0131n dikildi\u011fini, HES\u2019lerin ayn\u0131 zamanda ta\u015fk\u0131nlar\u0131n \u00f6nlenmesine de \u00e7ok b\u00fcy\u00fck katk\u0131lar sa\u011flad\u0131\u011f\u0131n\u0131 belirtti.<\/p>\n<p class=\"selectionShareable\" style=\"color: #0a0a0a;\">Su kaynaklar\u0131n\u0131 korumak i\u00e7in \u015fimdiden tedbir al\u0131nmas\u0131 gerekti\u011fine dikkati \u00e7eken Ero\u011flu, bu \u00e7er\u00e7evede b\u00fct\u00fcn 81 ilde mevcut su kaynaklar\u0131n\u0131n ve gelecekteki durumlar\u0131n\u0131 g\u00f6steren bir eylem plan\u0131n\u0131n haz\u0131rland\u0131\u011f\u0131n\u0131 ifade etti.<\/p>\n<p class=\"selectionShareable\" style=\"color: #0a0a0a;\">\u015eehirlerin i\u00e7me suyu ihtiyac\u0131n\u0131 kar\u015f\u0131lamak i\u00e7in de \u00e7al\u0131\u015fmalar yap\u0131ld\u0131\u011f\u0131n\u0131 dile getiren Ero\u011flu, Ankara i\u00e7in Gerede projesinin oldu\u011funu, tek ba\u015f\u0131na 32 kilometrelik d\u00fcnyan\u0131n en uzun i\u00e7me suyu t\u00fcnelinin de \u00f6n\u00fcm\u00fczdeki y\u0131l bitece\u011fini bildirdi. Ero\u011flu, b\u00f6ylelikle 2060 y\u0131l\u0131na kadar Ankara\u2019ya kal\u0131c\u0131 bir \u00e7\u00f6z\u00fcm\u00fcn bulunmu\u015f olaca\u011f\u0131n\u0131 belirtti.<\/p>\n<p class=\"selectionShareable\" style=\"color: #0a0a0a;\">Sulamalarla ilgili yap\u0131lan 320 baraj oldu\u011funa, baraj ve g\u00f6letlerde suyu biriktirmek i\u00e7in uygulamalar yap\u0131ld\u0131\u011f\u0131na de\u011finen Ero\u011flu, bu konuda yeni bir \u00e7al\u0131\u015fman\u0131n ba\u015flat\u0131ld\u0131\u011f\u0131n\u0131 bildirdi. Ero\u011flu, \u015funlar\u0131 s\u00f6yledi:<\/p>\n<p class=\"selectionShareable\" style=\"color: #0a0a0a;\">\u201cM\u00fcmk\u00fcn olan yerlerde yeralt\u0131 barajlar yaparak, bu biriktirmeyi sadece y\u00fczeydeki baraj ve g\u00f6letlerle de\u011fil yer alt\u0131nda da biriktirmek, yeralt\u0131 sular\u0131n\u0131 da beslemek. At\u0131k su ar\u0131tma tesisinden \u00e7\u0131kan sular\u0131n tekrar ikinci bir ar\u0131tmadan ge\u00e7irmek suretiyle bunu sulamada kullanmak. Ona ba\u015flad\u0131k nitekim. Hatta b\u00fcy\u00fck oteller gibi yerlerde \u00e7ift \u015febeke kullanmak suretiyle banyo sular\u0131n\u0131 vesaire bunlar\u0131 bir yerde toplay\u0131p, ar\u0131tarak rezervuarlarda kullanmaya var\u0131ncaya kadar bunlar\u0131 \u015fimdiden d\u00fc\u015f\u00fcnmemiz gerekti\u011fi kanaatindeyim. \u0130\u015fte bu projeyle bunlar da yap\u0131ld\u0131. Yak\u0131n bir gelecekte otellerdeki bina i\u00e7i tesisatlar\u0131n\u0131 iki \u015febeke olarak yapaca\u011f\u0131z. \u00c7ok su kullanan yerlerde bunu yapmak mecburiyetindeyiz. \u00c7\u00fcnk\u00fc suyun pek \u00e7o\u011fu banyolardan kaynaklanan nispeten temiz sular. Rezervuarlar en \u00e7ok su kullanan tesisatlard\u0131r. Bunu buralarda kullanmak ger\u00e7ekten su tasarrufu konusunda b\u00fcy\u00fck bir mesafe kat edilmesine vesile olacakt\u0131r.\u201d ifadelerine yer verdi.<\/p>\n<p class=\"selectionShareable\" style=\"color: #0a0a0a;\">Ero\u011flu, yeni d\u00f6nemde bin 71 baraj g\u00f6let ve sulama tesisini 31 Aral\u0131k 2019 saat 16.59\u2019a kadar bitirmek i\u00e7in hedefe kitlendiklerini, ger\u00e7ekle\u015fti\u011finde bunun bir d\u00fcnya rekoru olaca\u011f\u0131n\u0131 s\u00f6yledi.<\/p>\n<p class=\"selectionShareable\" style=\"color: #0a0a0a;\">Kaynak: Enerji Enstit\u00fcs\u00fc<\/p>\n<p><\/p>","protected":false},"excerpt":{"rendered":"<p>Sorry, this entry is only available in Turkish. For the sake of viewer convenience, the content is shown below in the alternative language. You may click the link to switch the active language. Orman ve Su \u0130\u015fleri Bakan\u0131 Veysel Ero\u011flu, Orman ve Su \u0130\u015fleri Bakanl\u0131\u011f\u0131 Su Y\u00f6netimi Genel M\u00fcd\u00fcrl\u00fc\u011f\u00fcnce bir otelde d\u00fczenlenen \u201c\u0130klim De\u011fi\u015fikli\u011finin Su [&hellip;]<\/p>\n","protected":false},"author":1,"featured_media":50122,"comment_status":"open","ping_status":"open","sticky":false,"template":"","format":"standard","meta":[],"categories":[53,47],"tags":[13018,63,67,1009,2698,165,35370,1210,1090,3239,4724,1999,7548,3398,3278,1211],"views":979,"_links":{"self":[{"href":"https:\/\/www.enerjigazetesi.ist\/en\/wp-json\/wp\/v2\/posts\/55570"}],"collection":[{"href":"https:\/\/www.enerjigazetesi.ist\/en\/wp-json\/wp\/v2\/posts"}],"about":[{"href":"https:\/\/www.enerjigazetesi.ist\/en\/wp-json\/wp\/v2\/types\/post"}],"author":[{"embeddable":true,"href":"https:\/\/www.enerjigazetesi.ist\/en\/wp-json\/wp\/v2\/users\/1"}],"replies":[{"embeddable":true,"href":"https:\/\/www.enerjigazetesi.ist\/en\/wp-json\/wp\/v2\/comments?post=55570"}],"version-history":[{"count":3,"href":"https:\/\/www.enerjigazetesi.ist\/en\/wp-json\/wp\/v2\/posts\/55570\/revisions"}],"predecessor-version":[{"id":55573,"href":"https:\/\/www.enerjigazetesi.ist\/en\/wp-json\/wp\/v2\/posts\/55570\/revisions\/55573"}],"wp:featuredmedia":[{"embeddable":true,"href":"https:\/\/www.enerjigazetesi.ist\/en\/wp-json\/wp\/v2\/media\/50122"}],"wp:attachment":[{"href":"https:\/\/www.enerjigazetesi.ist\/en\/wp-json\/wp\/v2\/media?parent=55570"}],"wp:term":[{"taxonomy":"category","embeddable":true,"href":"https:\/\/www.enerjigazetesi.ist\/en\/wp-json\/wp\/v2\/categories?post=55570"},{"taxonomy":"post_tag","embeddable":true,"href":"https:\/\/www.enerjigazetesi.ist\/en\/wp-json\/wp\/v2\/tags?post=55570"}],"curies":[{"name":"wp","href":"https:\/\/api.w.org\/{rel}","templated":true}]}}