{"id":55510,"date":"2016-07-20T09:21:35","date_gmt":"2016-07-20T06:21:35","guid":{"rendered":"https:\/\/www.enerjigazetesi.ist\/?p=55510"},"modified":"2016-07-20T09:22:53","modified_gmt":"2016-07-20T06:22:53","slug":"jetlerin-hedefinde-baskent-dogalgaz-istasyonunu-da-vardi","status":"publish","type":"post","link":"https:\/\/www.enerjigazetesi.ist\/en\/jetlerin-hedefinde-baskent-dogalgaz-istasyonunu-da-vardi\/","title":{"rendered":"(Turkish) Jetler&#8217;in Hedefinde Ba\u015fkentgaz\u2019\u0131n Do\u011falgaz \u0130stasyonunu da Vard\u0131!"},"content":{"rendered":"<p class=\"qtranxs-available-languages-message qtranxs-available-languages-message-en\">Sorry, this entry is only available in <a href=\"https:\/\/www.enerjigazetesi.ist\/tr\/wp-json\/wp\/v2\/posts\/55510\" class=\"qtranxs-available-language-link qtranxs-available-language-link-tr\" title=\"Turkish\">Turkish<\/a>. For the sake of viewer convenience, the content is shown below in the alternative language. You may click the link to switch the active language.<\/p><p><\/p>\n<p class=\"selectionShareable\" style=\"color: #0a0a0a;\"><strong>15 Temmuz ak\u015fam\u0131 ger\u00e7ekle\u015ftirilen darbe giri\u015fiminde bombalar\u0131n at\u0131ld\u0131\u011f\u0131 noktalardan birinin de Ba\u015fkentgaz\u2019\u0131n do\u011falgaz istasyonu oldu\u011fu ortaya \u00e7\u0131kt\u0131.<span id=\"more-82405\"><\/span>\u00a0Bomban\u0131n istasyon i\u00e7erisindeki borular\u0131n sadece 2 metre uza\u011f\u0131na d\u00fc\u015fmesi faciay\u0131 \u00f6nlerken, b\u00f6lgede 5 metre \u00e7ap\u0131nda, 3 metre derinli\u011finde \u00e7ukur olu\u015ftu.<\/strong><\/p>\n<p class=\"selectionShareable\" style=\"color: #0a0a0a;\">15 Temmuz ak\u015fam\u0131 ger\u00e7ekle\u015ftirilen darbe\u00a0 giri\u015fiminde F-16\u2019lardan bir bomban\u0131n da Yenimahalle Hipodrom Caddesi \u00fczerindeki\u00a0 Ba\u015fkentgaz istasyonuna at\u0131ld\u0131\u011f\u0131 ortaya \u00e7\u0131kt\u0131.<a href=\"https:\/\/www.enerjigazetesi.ist\/wp-content\/uploads\/2016\/07\/jetler-dogalgaz-istasyonunu-da-hedef-almis.jpg\"><img loading=\"lazy\" class=\"alignright size-medium wp-image-55511\" src=\"https:\/\/www.enerjigazetesi.ist\/wp-content\/uploads\/2016\/07\/jetler-dogalgaz-istasyonunu-da-hedef-almis-300x199.jpg\" alt=\"jetler-dogalgaz-istasyonunu-da-hedef-almis\" width=\"300\" height=\"199\" srcset=\"https:\/\/www.enerjigazetesi.ist\/wp-content\/uploads\/2016\/07\/jetler-dogalgaz-istasyonunu-da-hedef-almis-300x199.jpg 300w, https:\/\/www.enerjigazetesi.ist\/wp-content\/uploads\/2016\/07\/jetler-dogalgaz-istasyonunu-da-hedef-almis-500x332.jpg 500w, https:\/\/www.enerjigazetesi.ist\/wp-content\/uploads\/2016\/07\/jetler-dogalgaz-istasyonunu-da-hedef-almis-75x50.jpg 75w, https:\/\/www.enerjigazetesi.ist\/wp-content\/uploads\/2016\/07\/jetler-dogalgaz-istasyonunu-da-hedef-almis.jpg 696w\" sizes=\"(max-width: 300px) 100vw, 300px\" \/><\/a><\/p>\n<p class=\"selectionShareable\" style=\"color: #0a0a0a;\">Al\u0131nan bilgiye g\u00f6re, Ankara Emniyet M\u00fcd\u00fcrl\u00fc\u011f\u00fc binas\u0131n\u0131n yak\u0131nlar\u0131nda\u00a0 bulunan istasyona at\u0131lan bomba, do\u011falgaz istasyonu i\u00e7erisindeki borular\u0131n sadece\u00a0 2 metre uza\u011f\u0131na d\u00fc\u015ft\u00fc.<\/p>\n<p class=\"selectionShareable\" style=\"color: #0a0a0a;\">Bomban\u0131n d\u00fc\u015ft\u00fc\u011f\u00fc yerde 5 metre \u00e7ap\u0131nda, 3 metre derinli\u011finde \u00e7ukur\u00a0 olu\u015ftu.<\/p>\n<p class=\"selectionShareable\" style=\"color: #0a0a0a;\">\u0130stasyon yak\u0131n\u0131nda bulunan Bekta\u015flar Turizm\u2019e ait otopark i\u00e7erisindeki\u00a0 38 ara\u00e7tan baz\u0131lar\u0131 kullan\u0131lamaz hale gelirken, baz\u0131lar\u0131nda ise hasar olu\u015ftu.<\/p>\n<p class=\"selectionShareable\" style=\"color: #0a0a0a;\">Bomban\u0131n at\u0131ld\u0131\u011f\u0131 ana ait g\u00f6r\u00fcnt\u00fcler, g\u00fcvenlik kameralar\u0131na yans\u0131d\u0131.<\/p>\n<p class=\"selectionShareable\" style=\"color: #0a0a0a;\">Olay s\u0131ras\u0131nda otoparkta bulunan Bekta\u015flar Turizm\u2019in sahibi Enver\u00a0 Bekta\u015f ve Minib\u00fcs ve Halk Otob\u00fcsleri Esnaf Odas\u0131 Ba\u015fkan\u0131 Kurtulu\u015f Kara, a\u00e7\u0131klamalarda bulundu.<\/p>\n<p class=\"selectionShareable\" style=\"color: #0a0a0a;\">Bekta\u015f, ya\u015fanan olay\u0131n \u00e7ok \u00fcz\u00fcc\u00fc oldu\u011funu vurgulayarak, \u201c22.30-23.00\u00a0 itibar\u0131yla ara\u00e7 sevkiyat\u0131 i\u00e7in buradayd\u0131k. 01.05 civar\u0131nda emniyete at\u0131lan\u00a0 bombalar\u0131n ard\u0131ndan buray\u0131 bombalad\u0131lar. Bizim garaj\u0131m\u0131z, do\u011falgazla i\u00e7 i\u00e7e.\u00a0 Yan\u0131m\u0131zda Ba\u015fkent Do\u011falgaz\u2019\u0131n yeri var. Direkt Ba\u015fkentgaz\u2019\u0131 hedef alm\u0131\u015flar.<\/p>\n<p class=\"selectionShareable\" style=\"color: #0a0a0a;\">\u20182\u00a0 metre yak\u0131ndaki do\u011falgaz borular\u0131na isabet etseydi ne siz burada kal\u0131rd\u0131n\u0131z ne\u00a0 emniyet kal\u0131rd\u0131 ne TK\u0130 ne T\u00fcrk Patent Enstit\u00fcs\u00fc kal\u0131rd\u0131.\u2019 dediler. Allah\u00a0 g\u00f6stermesin, Ankara\u2019n\u0131n yar\u0131s\u0131 havaya u\u00e7acakt\u0131.\u201d<\/p>\n<p class=\"selectionShareable\" style=\"color: #0a0a0a;\">Kaynak: Enerji Enstit\u00fcs\u00fc<\/p>\n<p><\/p>","protected":false},"excerpt":{"rendered":"<p>Sorry, this entry is only available in Turkish. For the sake of viewer convenience, the content is shown below in the alternative language. You may click the link to switch the active language. 15 Temmuz ak\u015fam\u0131 ger\u00e7ekle\u015ftirilen darbe giri\u015fiminde bombalar\u0131n at\u0131ld\u0131\u011f\u0131 noktalardan birinin de Ba\u015fkentgaz\u2019\u0131n do\u011falgaz istasyonu oldu\u011fu ortaya \u00e7\u0131kt\u0131.\u00a0Bomban\u0131n istasyon i\u00e7erisindeki borular\u0131n sadece 2 [&hellip;]<\/p>\n","protected":false},"author":1,"featured_media":55511,"comment_status":"open","ping_status":"open","sticky":false,"template":"","format":"standard","meta":[],"categories":[46,53],"tags":[30742,30743,92,226,19761,30744,2677,63,67,1009,2698,165,30747,30748,30745,30746],"views":1234,"_links":{"self":[{"href":"https:\/\/www.enerjigazetesi.ist\/en\/wp-json\/wp\/v2\/posts\/55510"}],"collection":[{"href":"https:\/\/www.enerjigazetesi.ist\/en\/wp-json\/wp\/v2\/posts"}],"about":[{"href":"https:\/\/www.enerjigazetesi.ist\/en\/wp-json\/wp\/v2\/types\/post"}],"author":[{"embeddable":true,"href":"https:\/\/www.enerjigazetesi.ist\/en\/wp-json\/wp\/v2\/users\/1"}],"replies":[{"embeddable":true,"href":"https:\/\/www.enerjigazetesi.ist\/en\/wp-json\/wp\/v2\/comments?post=55510"}],"version-history":[{"count":3,"href":"https:\/\/www.enerjigazetesi.ist\/en\/wp-json\/wp\/v2\/posts\/55510\/revisions"}],"predecessor-version":[{"id":55514,"href":"https:\/\/www.enerjigazetesi.ist\/en\/wp-json\/wp\/v2\/posts\/55510\/revisions\/55514"}],"wp:featuredmedia":[{"embeddable":true,"href":"https:\/\/www.enerjigazetesi.ist\/en\/wp-json\/wp\/v2\/media\/55511"}],"wp:attachment":[{"href":"https:\/\/www.enerjigazetesi.ist\/en\/wp-json\/wp\/v2\/media?parent=55510"}],"wp:term":[{"taxonomy":"category","embeddable":true,"href":"https:\/\/www.enerjigazetesi.ist\/en\/wp-json\/wp\/v2\/categories?post=55510"},{"taxonomy":"post_tag","embeddable":true,"href":"https:\/\/www.enerjigazetesi.ist\/en\/wp-json\/wp\/v2\/tags?post=55510"}],"curies":[{"name":"wp","href":"https:\/\/api.w.org\/{rel}","templated":true}]}}