{"id":55473,"date":"2016-07-19T11:30:32","date_gmt":"2016-07-19T08:30:32","guid":{"rendered":"https:\/\/www.enerjigazetesi.ist\/?p=55473"},"modified":"2016-07-19T11:35:49","modified_gmt":"2016-07-19T08:35:49","slug":"duzenlenen-darbe-girisiminde-istanbul-elektriksiz-kalmadi","status":"publish","type":"post","link":"https:\/\/www.enerjigazetesi.ist\/en\/duzenlenen-darbe-girisiminde-istanbul-elektriksiz-kalmadi\/","title":{"rendered":"(Turkish) D\u00fczenlenen Darbe Giri\u015fiminde \u0130stanbul Elektriksiz Kalmad\u0131!"},"content":{"rendered":"<p class=\"qtranxs-available-languages-message qtranxs-available-languages-message-en\">Sorry, this entry is only available in <a href=\"https:\/\/www.enerjigazetesi.ist\/tr\/wp-json\/wp\/v2\/posts\/55473\" class=\"qtranxs-available-language-link qtranxs-available-language-link-tr\" title=\"Turkish\">Turkish<\/a>. For the sake of viewer convenience, the content is shown below in the alternative language. You may click the link to switch the active language.<\/p><p><\/p>\n<p class=\"selectionShareable\" style=\"color: #0a0a0a;\"><strong>\u0130stanbul\u2019da ya\u015fanan darbe giri\u015fiminin ilk an\u0131ndan\u00a0itibaren halk\u0131n enerji s\u0131k\u0131nt\u0131s\u0131 ya\u015famamas\u0131 ve elektrik kesintisi yap\u0131lmamas\u0131 i\u00e7in b\u00fcy\u00fck \u00e7aba\u00a0g\u00f6sterildi.<\/strong><span id=\"more-82394\"><\/span><\/p>\n<p>\u0130stanbul\u2019a elektrik da\u011f\u0131t\u0131m\u0131n\u0131 ger\u00e7ekle\u015ftiren \u00f6zel \u015firketler, Ter\u00f6r \u00d6rg\u00fct\u00fc\u2019n\u00fcn darbe giri\u015fiminin anla\u015f\u0131ld\u0131\u011f\u0131 ilk andan itibaren halk\u0131n enerji s\u0131k\u0131nt\u0131s\u0131 ya\u015famamas\u0131 ve elektrik kesintisi yap\u0131lmamas\u0131 i\u00e7in b\u00fcy\u00fck \u00e7aba g\u00f6sterdiler.<a href=\"https:\/\/www.enerjigazetesi.ist\/wp-content\/uploads\/2016\/07\/duzenlenen-darbe-girisiminde-istanbul-elektriksiz-kalmadi.jpg\"><img loading=\"lazy\" class=\"alignright size-medium wp-image-55474\" src=\"https:\/\/www.enerjigazetesi.ist\/wp-content\/uploads\/2016\/07\/duzenlenen-darbe-girisiminde-istanbul-elektriksiz-kalmadi-300x199.jpg\" alt=\"duzenlenen-darbe-girisiminde-istanbul-elektriksiz-kalmadi\" width=\"300\" height=\"199\" srcset=\"https:\/\/www.enerjigazetesi.ist\/wp-content\/uploads\/2016\/07\/duzenlenen-darbe-girisiminde-istanbul-elektriksiz-kalmadi-300x199.jpg 300w, https:\/\/www.enerjigazetesi.ist\/wp-content\/uploads\/2016\/07\/duzenlenen-darbe-girisiminde-istanbul-elektriksiz-kalmadi-1024x682.jpg 1024w, https:\/\/www.enerjigazetesi.ist\/wp-content\/uploads\/2016\/07\/duzenlenen-darbe-girisiminde-istanbul-elektriksiz-kalmadi-500x333.jpg 500w, https:\/\/www.enerjigazetesi.ist\/wp-content\/uploads\/2016\/07\/duzenlenen-darbe-girisiminde-istanbul-elektriksiz-kalmadi-75x50.jpg 75w, https:\/\/www.enerjigazetesi.ist\/wp-content\/uploads\/2016\/07\/duzenlenen-darbe-girisiminde-istanbul-elektriksiz-kalmadi.jpg 1366w\" sizes=\"(max-width: 300px) 100vw, 300px\" \/><\/a><\/p>\n<p>\u0130stanbul\u2019un Avrupa yakas\u0131na elektrik da\u011f\u0131t\u0131m\u0131 yapan Bo\u011fazi\u00e7i Elektrik Da\u011f\u0131t\u0131m A\u015e (BEDA\u015e) ve b\u00fcnyesinde Anadolu Yakas\u0131 Elektrik Da\u011f\u0131t\u0131m B\u00f6lgesi (AYEDA\u015e) ve Ba\u015fkent EDA\u015e\u2019\u0131 bar\u0131nd\u0131ran Enerjisa da\u011f\u0131t\u0131m \u015firketleri, 15 Temmuz gecesi ba\u015flaya darbe giri\u015fimine kar\u015f\u0131 \u00e7al\u0131\u015fanlar\u0131n\u0131 h\u0131zl\u0131ca bilgilendirerek, elektrik da\u011f\u0131t\u0131m hizmetlerinin aksamamas\u0131 i\u00e7in gerekli \u00f6nlemleri ald\u0131.<\/p>\n<p>BEDA\u015e Genel M\u00fcd\u00fcr\u00fc Mehmet \u0130slamo\u011flu, yapt\u0131\u011f\u0131 a\u00e7\u0131klamada, bin 242 saha \u00e7al\u0131\u015fan\u0131n\u0131n, elektrik da\u011f\u0131t\u0131m \u00fcnitelerine herhangi bir sald\u0131r\u0131 olmamas\u0131 ve olas\u0131 ar\u0131za veya sald\u0131r\u0131lara h\u0131zl\u0131ca m\u00fcdahale edilebilmesi i\u00e7in b\u00f6lge, i\u015fletme ve ar\u0131za onar\u0131m-bak\u0131m birimlerinde haz\u0131r bulunduklar\u0131n\u0131 da belirtti.<\/p>\n<p>15-17 Temmuz\u2019da yap\u0131lmas\u0131 planlanan bak\u0131m ve yat\u0131r\u0131m \u00e7al\u0131\u015fmalar\u0131n\u0131 da ask\u0131ya ald\u0131klar\u0131n\u0131 belirten \u0130slamo\u011flu, \u201cAl\u0131nan \u00f6nlemlerle kamu hizmetinin aksamadan s\u00fcrd\u00fcr\u00fclmesi sa\u011fland\u0131. Bakanl\u0131k kaynaklar\u0131, m\u00fclki idare amirlikleri ve emniyet m\u00fcd\u00fcrl\u00fckleri ile koordineli olarak faaliyetlerimizi s\u00fcrd\u00fcr\u00fcyoruz.\u201d dedi.<\/p>\n<p>Enerjisa Kurumsal \u0130leti\u015fim M\u00fcd\u00fcrl\u00fc\u011f\u00fc\u2019nden al\u0131nan bilgiye g\u00f6re, m\u00fcd\u00fcrl\u00fck b\u00fcnyesindeki AYEDA\u015e, Ba\u015fkent EDA\u015e ve Toroslar EDA\u015e \u015firketleri olarak s\u00fcrd\u00fcr\u00fclebilir enerji arz\u0131 sa\u011flamak amac\u0131yla 15 Temmuz\u2019da ya\u015fanan darbe giri\u015fimi s\u0131ras\u0131nda ve sonraki s\u00fcre\u00e7te, Enerji ve Tabii Kaynaklar Bakanl\u0131\u011f\u0131 ve valiliklerle koordineli \u00e7al\u0131\u015ft\u0131.<\/p>\n<p>Darbe giri\u015fimine kar\u015f\u0131 bir kriz masas\u0131 kuruldu, t\u00fcm ar\u0131za ekipleri ve y\u00f6neticiler, vardiya sistemi olmaks\u0131z\u0131n 24 saat esas\u0131na g\u00f6re mesaili \u015fekilde \u00e7al\u0131\u015f\u0131p\u00a0kurulan kriz masas\u0131n\u0131n \u00e7al\u0131\u015fmalar\u0131na devam edece\u011fi\u00a0de belirtildi.<\/p>\n<p>Normal \u015febeke ko\u015fullar\u0131na ek olarak, ilave ar\u0131za-bak\u0131m ekipleri g\u00f6revlendirilerek\u00a0s\u00fcre\u00e7te can ve mal g\u00fcvenli\u011finin sa\u011flanmas\u0131 ad\u0131na risk unsuru ta\u015f\u0131yan noktalara \u00f6ncelikle m\u00fcdahalelerde bulunuldu. Alternatif besleme kanallar\u0131 devreye sokularak m\u00fcmk\u00fcn olan b\u00f6lgelerin enerjilendirmesi sa\u011fland\u0131. 186 \u00e7a\u011fr\u0131 merkezinden 7\/24 \u00e7al\u0131\u015fma d\u00fczenine devam edilip m\u00fc\u015fterilerden gelen \u00e7a\u011fr\u0131lar kesintisiz olarak kar\u015f\u0131land\u0131.<\/p>","protected":false},"excerpt":{"rendered":"<p>Sorry, this entry is only available in Turkish. For the sake of viewer convenience, the content is shown below in the alternative language. You may click the link to switch the active language. \u0130stanbul\u2019da ya\u015fanan darbe giri\u015fiminin ilk an\u0131ndan\u00a0itibaren halk\u0131n enerji s\u0131k\u0131nt\u0131s\u0131 ya\u015famamas\u0131 ve elektrik kesintisi yap\u0131lmamas\u0131 i\u00e7in b\u00fcy\u00fck \u00e7aba\u00a0g\u00f6sterildi. \u0130stanbul\u2019a elektrik da\u011f\u0131t\u0131m\u0131n\u0131 ger\u00e7ekle\u015ftiren \u00f6zel [&hellip;]<\/p>\n","protected":false},"author":1,"featured_media":55474,"comment_status":"open","ping_status":"open","sticky":false,"template":"","format":"standard","meta":[],"categories":[51,53],"tags":[30718,2320,19261,1506,30690,68,170,61,19638,140,2873,63,67,1009,2698,165,13842,30719,30720],"views":762,"_links":{"self":[{"href":"https:\/\/www.enerjigazetesi.ist\/en\/wp-json\/wp\/v2\/posts\/55473"}],"collection":[{"href":"https:\/\/www.enerjigazetesi.ist\/en\/wp-json\/wp\/v2\/posts"}],"about":[{"href":"https:\/\/www.enerjigazetesi.ist\/en\/wp-json\/wp\/v2\/types\/post"}],"author":[{"embeddable":true,"href":"https:\/\/www.enerjigazetesi.ist\/en\/wp-json\/wp\/v2\/users\/1"}],"replies":[{"embeddable":true,"href":"https:\/\/www.enerjigazetesi.ist\/en\/wp-json\/wp\/v2\/comments?post=55473"}],"version-history":[{"count":4,"href":"https:\/\/www.enerjigazetesi.ist\/en\/wp-json\/wp\/v2\/posts\/55473\/revisions"}],"predecessor-version":[{"id":55478,"href":"https:\/\/www.enerjigazetesi.ist\/en\/wp-json\/wp\/v2\/posts\/55473\/revisions\/55478"}],"wp:featuredmedia":[{"embeddable":true,"href":"https:\/\/www.enerjigazetesi.ist\/en\/wp-json\/wp\/v2\/media\/55474"}],"wp:attachment":[{"href":"https:\/\/www.enerjigazetesi.ist\/en\/wp-json\/wp\/v2\/media?parent=55473"}],"wp:term":[{"taxonomy":"category","embeddable":true,"href":"https:\/\/www.enerjigazetesi.ist\/en\/wp-json\/wp\/v2\/categories?post=55473"},{"taxonomy":"post_tag","embeddable":true,"href":"https:\/\/www.enerjigazetesi.ist\/en\/wp-json\/wp\/v2\/tags?post=55473"}],"curies":[{"name":"wp","href":"https:\/\/api.w.org\/{rel}","templated":true}]}}