{"id":55460,"date":"2016-07-18T21:30:41","date_gmt":"2016-07-18T18:30:41","guid":{"rendered":"https:\/\/www.enerjigazetesi.ist\/?p=55460"},"modified":"2016-07-18T21:37:49","modified_gmt":"2016-07-18T18:37:49","slug":"turk-ruzgar-enerjisi-yatirimcilari-iran-da-agirlanacak","status":"publish","type":"post","link":"https:\/\/www.enerjigazetesi.ist\/en\/turk-ruzgar-enerjisi-yatirimcilari-iran-da-agirlanacak\/","title":{"rendered":"(Turkish) T\u00fcrk R\u00fczgar Enerjisi Yat\u0131r\u0131mc\u0131lar\u0131 \u0130ran&#8217;da A\u011f\u0131rlanacak&#8230;"},"content":{"rendered":"<p class=\"qtranxs-available-languages-message qtranxs-available-languages-message-en\">Sorry, this entry is only available in <a href=\"https:\/\/www.enerjigazetesi.ist\/tr\/wp-json\/wp\/v2\/posts\/55460\" class=\"qtranxs-available-language-link qtranxs-available-language-link-tr\" title=\"Turkish\">Turkish<\/a>. For the sake of viewer convenience, the content is shown below in the alternative language. You may click the link to switch the active language.<\/p><p><strong>\u0130ran, T\u00fcrk r\u00fczgar yat\u0131r\u0131mc\u0131lar\u0131n\u0131 a\u011f\u0131rlayacak. Ge\u00e7ti\u011fimiz aylarda d\u00fczenlenen Enerji Konferans\u0131n\u0131n ard\u0131ndan \u0130ran R\u00fczgar Enerjisi Birli\u011fi\u2019nin 19-20 Temmuz tarihlerinde organize etti\u011fi konferansa T\u00fcrkiye R\u00fczgar Enerjisi Birli\u011fi (T\u00dcREB) kalabal\u0131k bir heyet ile kat\u0131lacakt\u0131r.<\/strong><\/p>\n<p>\u0130ran, d\u00fcnya ekonomisinde geni\u015f petrol ve do\u011fal gaz kaynaklar\u0131 sonucu \u00f6nemli bir konuma sahip bulunuyor. \u00dclke \u00f6zellikle fosil yak\u0131t \u00fcretiminde \u00fclke \u00f6ne \u00e7\u0131k\u0131yor. \u0130ran\u2019\u0131n T\u00fcrkiye\u2019yle de ticari ba\u011flant\u0131lar\u0131 bulunuyor.<img loading=\"lazy\" class=\"alignright size-medium wp-image-55461\" src=\"https:\/\/www.enerjigazetesi.ist\/wp-content\/uploads\/2016\/07\/turk-ruzgar-enerjisi-yatirimcilari-iran-da-agirlanacak-300x200.jpg\" alt=\"turk-ruzgar-enerjisi-yatirimcilari-iran-da-agirlanacak\" width=\"300\" height=\"200\" srcset=\"https:\/\/www.enerjigazetesi.ist\/wp-content\/uploads\/2016\/07\/turk-ruzgar-enerjisi-yatirimcilari-iran-da-agirlanacak-300x200.jpg 300w, https:\/\/www.enerjigazetesi.ist\/wp-content\/uploads\/2016\/07\/turk-ruzgar-enerjisi-yatirimcilari-iran-da-agirlanacak-500x333.jpg 500w, https:\/\/www.enerjigazetesi.ist\/wp-content\/uploads\/2016\/07\/turk-ruzgar-enerjisi-yatirimcilari-iran-da-agirlanacak-74x50.jpg 74w, https:\/\/www.enerjigazetesi.ist\/wp-content\/uploads\/2016\/07\/turk-ruzgar-enerjisi-yatirimcilari-iran-da-agirlanacak.jpg 640w\" sizes=\"(max-width: 300px) 100vw, 300px\" \/><\/p>\n<p>Buna kar\u015f\u0131n, \u0130ran\u2019da <strong>yenilenebilir enerji yat\u0131r\u0131mlar\u0131n\u0131n<\/strong> artmas\u0131 y\u00f6n\u00fcnde \u00e7abalar da son y\u0131llarda dikkat \u00e7ekiyor. \u00dclke \u00f6zellikle <strong>r\u00fczgar enerjisinde<\/strong> yat\u0131r\u0131m yapma ko\u015fullar\u0131n\u0131 geli\u015ftirmeye \u00e7al\u0131\u015f\u0131yor.<\/p>\n<p>Bu do\u011frultuda, \u0130ran, T\u00fcrk<strong> r\u00fczgar yat\u0131r\u0131mc\u0131lar\u0131n\u0131<\/strong> a\u011f\u0131rlayacak. Ge\u00e7ti\u011fimiz aylarda d\u00fczenlenen Enerji Konferans\u0131n\u0131n ard\u0131ndan \u0130ran R\u00fczgar Enerjisi Birli\u011fi\u2019nin 19-20 Temmuz tarihlerinde organize etti\u011fi konferansa T\u00fcrkiye R\u00fczgar Enerjisi Birli\u011fi (T\u00dcREB) kalabal\u0131k bir heyetle kat\u0131l\u0131yor.<\/p>\n<p>Uluslararas\u0131 ambargolar\u0131n kald\u0131r\u0131lmas\u0131n\u0131n ard\u0131ndan h\u0131zlanan \u0130ran trafi\u011fi, \u015fu d\u00f6nemde <strong>enerji <\/strong>konusunda hareketlilik kazand\u0131. \u00d6zel sekt\u00f6r\u00fcn enerji konusunda \u00e7ok aktif olmad\u0131\u011f\u0131 \u0130ran, T\u00fcrk <strong>r\u00fczgar yat\u0131r\u0131mc\u0131lar\u0131n\u0131 <\/strong>a\u011f\u0131rlayacak. Ge\u00e7ti\u011fimiz aylarda d\u00fczenlenen Enerji Konferans\u0131n\u0131n ard\u0131ndan \u0130ran R\u00fczgar Enerjisi Birli\u011fi\u2019nin 19-20 Temmuz tarihlerinde organize etti\u011fi konferansa T\u00fcrkiye R\u00fczgar Enerjisi Birli\u011fi (T\u00dcREB) kalabal\u0131k bir heyetle kat\u0131l\u0131yor.<\/p>\n<p>T\u00dcREB ve beraberindeki heyet <strong>r\u00fczgar enerjisi<\/strong> konusunda bilgi al\u0131\u015fveri\u015finde bulunmak ve iki \u00fclke aras\u0131ndaki i\u015fbirli\u011fini g\u00fc\u00e7lendirmek amac\u0131yla, \u0130ran R\u00fczgar Enerjisi Birli\u011fi, \u0130ran Yenilenebilir Enerji Ajans\u0131, Yenilenebilir Enerji Kurulu\u015fu (SUNA) ile temasta bulunacak.<\/p>\n<p>\u0130ran\u2019\u0131n <strong>r\u00fczgar sekt\u00f6r\u00fc<\/strong> konusunda a\u00e7\u0131l\u0131m yapmak ve <strong>elektrik ticaretini <\/strong>artt\u0131rmak istedi\u011fini dile getiren T\u00dcREB Ba\u015fkan\u0131 Mustafa Serdar Ataseven, konferansta yapaca\u011f\u0131 konu\u015fmada \u00fclkemizdeki r\u00fczgar sekt\u00f6r\u00fcndeki geli\u015fmeleri, santrallerin i\u015fletmeye al\u0131nmas\u0131 ve sanayi \u00fcretimi gibi s\u00fcre\u00e7lerdeki tecr\u00fcbeleri payla\u015faca\u011f\u0131n\u0131 ifade etti.<\/p>\n<p>D\u00fcnya\u2019daki bir\u00e7ok \u00fclke gibi T\u00fcrkiye\u2019deki yat\u0131r\u0131mc\u0131lar\u0131n da \u0130ran\u2019daki <strong>r\u00fczgar potansiyeli<\/strong> ile ilgilendiklerini belirten Ataseven, \u201cT\u00fcrkiye onbe\u015f y\u0131ld\u0131r <strong>r\u00fczgar <\/strong>sekt\u00f6r\u00fcnde edindi\u011fi tecr\u00fcbesini de\u011ferlendirmek ve b\u00f6lgesel bir merkez olabilme hedefinde ilerlemek istemektedir. Bu nedenle \u0130ran\u2019la yap\u0131lan bu g\u00f6r\u00fc\u015fmeler ve i\u015fbirlikleri olduk\u00e7a \u00f6nemlidir. Ayr\u0131ca bu ba\u011flant\u0131lar\u0131n sadece santral yat\u0131r\u0131mlar\u0131 i\u00e7in de\u011fil, <strong>r\u00fczgar sanayisinin <\/strong>geli\u015fmesi a\u00e7\u0131s\u0131ndan da faydal\u0131 olaca\u011f\u0131n\u0131 d\u00fc\u015f\u00fcn\u00fcyoruz\u201d s\u00f6zlerini ifade etti.<\/p>\n<p>Kaynak: Alternatif Enerji<\/p>","protected":false},"excerpt":{"rendered":"<p>Sorry, this entry is only available in Turkish. For the sake of viewer convenience, the content is shown below in the alternative language. You may click the link to switch the active language.\u0130ran, T\u00fcrk r\u00fczgar yat\u0131r\u0131mc\u0131lar\u0131n\u0131 a\u011f\u0131rlayacak. Ge\u00e7ti\u011fimiz aylarda d\u00fczenlenen Enerji Konferans\u0131n\u0131n ard\u0131ndan \u0130ran R\u00fczgar Enerjisi Birli\u011fi\u2019nin 19-20 Temmuz tarihlerinde organize etti\u011fi konferansa T\u00fcrkiye R\u00fczgar [&hellip;]<\/p>\n","protected":false},"author":1,"featured_media":55461,"comment_status":"open","ping_status":"open","sticky":false,"template":"","format":"standard","meta":[],"categories":[53,50],"tags":[63,67,1009,2698,165,1333,69,16,23318,22615,4784,30717,1682,3390,358],"views":921,"_links":{"self":[{"href":"https:\/\/www.enerjigazetesi.ist\/en\/wp-json\/wp\/v2\/posts\/55460"}],"collection":[{"href":"https:\/\/www.enerjigazetesi.ist\/en\/wp-json\/wp\/v2\/posts"}],"about":[{"href":"https:\/\/www.enerjigazetesi.ist\/en\/wp-json\/wp\/v2\/types\/post"}],"author":[{"embeddable":true,"href":"https:\/\/www.enerjigazetesi.ist\/en\/wp-json\/wp\/v2\/users\/1"}],"replies":[{"embeddable":true,"href":"https:\/\/www.enerjigazetesi.ist\/en\/wp-json\/wp\/v2\/comments?post=55460"}],"version-history":[{"count":4,"href":"https:\/\/www.enerjigazetesi.ist\/en\/wp-json\/wp\/v2\/posts\/55460\/revisions"}],"predecessor-version":[{"id":55465,"href":"https:\/\/www.enerjigazetesi.ist\/en\/wp-json\/wp\/v2\/posts\/55460\/revisions\/55465"}],"wp:featuredmedia":[{"embeddable":true,"href":"https:\/\/www.enerjigazetesi.ist\/en\/wp-json\/wp\/v2\/media\/55461"}],"wp:attachment":[{"href":"https:\/\/www.enerjigazetesi.ist\/en\/wp-json\/wp\/v2\/media?parent=55460"}],"wp:term":[{"taxonomy":"category","embeddable":true,"href":"https:\/\/www.enerjigazetesi.ist\/en\/wp-json\/wp\/v2\/categories?post=55460"},{"taxonomy":"post_tag","embeddable":true,"href":"https:\/\/www.enerjigazetesi.ist\/en\/wp-json\/wp\/v2\/tags?post=55460"}],"curies":[{"name":"wp","href":"https:\/\/api.w.org\/{rel}","templated":true}]}}