{"id":55437,"date":"2016-07-18T12:23:17","date_gmt":"2016-07-18T09:23:17","guid":{"rendered":"https:\/\/www.enerjigazetesi.ist\/?p=55437"},"modified":"2016-07-18T12:26:35","modified_gmt":"2016-07-18T09:26:35","slug":"kaliforniya-gunes-enerjisinde-rekorunu-yeniden-kirdi","status":"publish","type":"post","link":"https:\/\/www.enerjigazetesi.ist\/en\/kaliforniya-gunes-enerjisinde-rekorunu-yeniden-kirdi\/","title":{"rendered":"(Turkish) Kaliforni&#8217;ya G\u00fcne\u015f Enerjisinde Rekorunu Yeniden K\u0131rd\u0131!"},"content":{"rendered":"<p class=\"qtranxs-available-languages-message qtranxs-available-languages-message-en\">Sorry, this entry is only available in <a href=\"https:\/\/www.enerjigazetesi.ist\/tr\/wp-json\/wp\/v2\/posts\/55437\" class=\"qtranxs-available-language-link qtranxs-available-language-link-tr\" title=\"Turkish\">Turkish<\/a>. For the sake of viewer convenience, the content is shown below in the alternative language. You may click the link to switch the active language.<\/p><p><\/p>\n<p class=\"selectionShareable\" style=\"color: #0a0a0a;\"><strong>Kaliforniya eyaletinin en b\u00fcy\u00fck elektrik iletim \u015febekesi olan Kaliforniya Ba\u011f\u0131ms\u0131z Sistem Operat\u00f6r\u00fc (CAISO), bu sal\u0131 g\u00fcn\u00fc kendi elinde tuttu\u011fu rekoru yeniden k\u0131rd\u0131.<\/strong><span id=\"more-82373\"><\/span><\/p>\n<p>Sal\u0131 g\u00fcn\u00fc k\u0131r\u0131lan rekorda\u00a08030 megawatt\u2019l\u0131k (MW)\u00a0enerji \u00fcretimi sa\u011fland\u0131. Rekor, 2014\u2019te ula\u015f\u0131lan en y\u00fcksek de\u011ferin\u00a0iki kat\u0131;\u00a0ge\u00e7en y\u0131l k\u0131r\u0131lan rekorun ise\u00a02000 MW \u00fczerinde\u00a0olma \u00f6zelli\u011fini ta\u015f\u0131yor.<\/p>\n<p>Rekorun k\u0131r\u0131lmas\u0131 asl\u0131<a href=\"https:\/\/www.enerjigazetesi.ist\/wp-content\/uploads\/2016\/07\/kaliforniya-gunes-enerjisinde-tekrar-rekor-kirdi.jpg\"><img loading=\"lazy\" class=\"alignleft size-medium wp-image-55438\" src=\"https:\/\/www.enerjigazetesi.ist\/wp-content\/uploads\/2016\/07\/kaliforniya-gunes-enerjisinde-tekrar-rekor-kirdi-300x200.jpg\" alt=\"kaliforniya-gunes-enerjisinde-tekrar-rekor-kirdi\" width=\"300\" height=\"200\" srcset=\"https:\/\/www.enerjigazetesi.ist\/wp-content\/uploads\/2016\/07\/kaliforniya-gunes-enerjisinde-tekrar-rekor-kirdi-300x200.jpg 300w, https:\/\/www.enerjigazetesi.ist\/wp-content\/uploads\/2016\/07\/kaliforniya-gunes-enerjisinde-tekrar-rekor-kirdi-500x333.jpg 500w, https:\/\/www.enerjigazetesi.ist\/wp-content\/uploads\/2016\/07\/kaliforniya-gunes-enerjisinde-tekrar-rekor-kirdi-75x50.jpg 75w, https:\/\/www.enerjigazetesi.ist\/wp-content\/uploads\/2016\/07\/kaliforniya-gunes-enerjisinde-tekrar-rekor-kirdi.jpg 720w\" sizes=\"(max-width: 300px) 100vw, 300px\" \/><\/a>nda beklenen bir \u015feydi, zira \u015febekeye halihaz\u0131rda yeni eklemeler yap\u0131lm\u0131\u015ft\u0131. Yaz aylar\u0131n\u0131n da g\u00fcne\u015f enerjisi \u00fcretimi i\u00e7in en ideal zamanlar oldu\u011fu d\u00fc\u015f\u00fcn\u00fcld\u00fc\u011f\u00fcnde, yeni bir rekorun gelecek haftalarda gelece\u011fini beklemek yanl\u0131\u015f olmayacakt\u0131r. 2017\u2019de ise \u015febekeye kat\u0131lan yeni g\u00fcne\u015f enerjisi sistemleriyle \u00fcretim daha da fazla artacakt\u0131r.<\/p>\n<p>Daha \u00f6nceden de belirtti\u011fimiz \u00fczere rekor d\u00fczeydeki enerji \u00fcretimi 8030 MW olarak 12 Temmuz tarihinde, \u00f6\u011flen saat 13:06\u2019da kaydedildi. \u00dcretilen enerjiKaliforniya\u2019daki 2 milyon haneye\u00a0elektrik sa\u011flayacak d\u00fczeydeydi ancak \u015funu da belirtmek laz\u0131m, Kaliforniya\u2019da halihaz\u0131rda bir\u00e7ok ev kendi elektrik enerjisini \u00e7at\u0131 g\u00fcne\u015f sistemleriyle \u00fcretmekte. Dolay\u0131s\u0131yla\u00a0CAISO\u2019nun\u00a0\u00fcretti\u011fi elektrik bu evlerde kullan\u0131lmayacak ve bu evlerde \u00fcretilen elektrik, k\u0131r\u0131lan rekora dahil de\u011fil. Bunlara ek olarak CAISO, Kaliforniya\u2019n\u0131n elektrik \u015febekesinin %80\u2019inde faaliyet g\u00f6stermekte. Yani eyaletteki k\u00fc\u00e7\u00fck belediyelerin kendi sistemleri bu \u00fcretimin d\u0131\u015f\u0131nda tutuluyor.<\/p>\n<p>Asl\u0131nda bu rakamlar b\u00f6yle anlat\u0131ld\u0131\u011f\u0131na bir \u015fey ifade etmeyebilir. B\u00f6yle d\u00fc\u015f\u00fcn\u00fcyorsan\u0131z hakl\u0131s\u0131n\u0131z da. Rekorun b\u00fcy\u00fckl\u00fc\u011f\u00fcn\u00fc anlayabilmek i\u00e7in enerji \u00fcretiminin, enerji talebini kar\u015f\u0131lama oran\u0131na bakmak \u00e7ok daha do\u011fru olacakt\u0131r. Rekorun k\u0131r\u0131ld\u0131\u011f\u0131 zaman \u015febeke \u00f6l\u00e7e\u011finde g\u00fcne\u015f ve di\u011fer yenilenebilir enerji kaynaklar\u0131, \u015febekenin elektrik ihtiyac\u0131n\u0131n yakla\u015f\u0131k\u00a0%29\u2019unu\u00a0kar\u015f\u0131layabilmekteydi. Asl\u0131nda rakam olduk\u00e7a iyi dursa da bu y\u0131l\u0131n ba\u015flar\u0131nda k\u0131r\u0131lan rekorla kar\u015f\u0131la\u015ft\u0131r\u0131ld\u0131\u011f\u0131nda \u00e7ok da y\u00fcksek say\u0131lmaz. \u00c7at\u0131 g\u00fcne\u015f sistemleri \u00e7\u0131kar\u0131ld\u0131\u011f\u0131nda, birka\u00e7 ay \u00f6nce CAISO\u2019nun elektrik ihtiyac\u0131n\u0131n\u00a0%54-56\u2019s\u0131n\u0131nyenilenebilir enerjiden kar\u015f\u0131land\u0131\u011f\u0131 da olmu\u015ftu (14-15 May\u0131s tarihlerinde).<\/p>\n<p>Yak\u0131n bir gelecekte \u015febeke \u00f6l\u00e7e\u011finde\u00a0yenilenebilir enerji kaynaklar\u0131n\u0131n\u00a0elektrik ihtiyac\u0131n\u0131n\u00a0%50\u2019sini d\u00fczenli olarak\u00a0sa\u011flayabilece\u011fini s\u00f6ylemek yanl\u0131\u015f olmayacakt\u0131r. Rekor zamanlarda ise bu de\u011ferin%75-80\u00a0seviyesinde olaca\u011f\u0131n\u0131 beklemek yine do\u011fru olacakt\u0131r. \u015eunu da belirtmek gerekir ki asl\u0131nda \u00e7at\u0131 g\u00fcne\u015f sistemleri de bu hesaplara dahil edilse rekorun b\u00fcy\u00fckl\u00fc\u011f\u00fc ka\u00e7\u0131n\u0131lmaz olarak daha da artacakt\u0131r.<\/p>\n<div style=\"color: #0a0a0a;\">Kaynak: <a href=\"http:\/\/www.donanimhaber.com\/alternatif-enerji\/haberleri\/Kaliforniya-gunes-enerjisi-uretiminde-tekrar-rekor-kirdi.htm\" target=\"_blank\" rel=\"nofollow\">Donan\u0131m Haber<\/a><\/div>\n<p><\/p>","protected":false},"excerpt":{"rendered":"<p>Sorry, this entry is only available in Turkish. For the sake of viewer convenience, the content is shown below in the alternative language. You may click the link to switch the active language. Kaliforniya eyaletinin en b\u00fcy\u00fck elektrik iletim \u015febekesi olan Kaliforniya Ba\u011f\u0131ms\u0131z Sistem Operat\u00f6r\u00fc (CAISO), bu sal\u0131 g\u00fcn\u00fc kendi elinde tuttu\u011fu rekoru yeniden k\u0131rd\u0131. [&hellip;]<\/p>\n","protected":false},"author":1,"featured_media":55438,"comment_status":"open","ping_status":"open","sticky":false,"template":"","format":"standard","meta":[],"categories":[53,49],"tags":[1198,30701,68,63,67,1009,2698,165,988,2326,227,13,2569,10805,23133,22975,4269,5688,30702,842,105,508,218],"views":934,"_links":{"self":[{"href":"https:\/\/www.enerjigazetesi.ist\/en\/wp-json\/wp\/v2\/posts\/55437"}],"collection":[{"href":"https:\/\/www.enerjigazetesi.ist\/en\/wp-json\/wp\/v2\/posts"}],"about":[{"href":"https:\/\/www.enerjigazetesi.ist\/en\/wp-json\/wp\/v2\/types\/post"}],"author":[{"embeddable":true,"href":"https:\/\/www.enerjigazetesi.ist\/en\/wp-json\/wp\/v2\/users\/1"}],"replies":[{"embeddable":true,"href":"https:\/\/www.enerjigazetesi.ist\/en\/wp-json\/wp\/v2\/comments?post=55437"}],"version-history":[{"count":2,"href":"https:\/\/www.enerjigazetesi.ist\/en\/wp-json\/wp\/v2\/posts\/55437\/revisions"}],"predecessor-version":[{"id":55440,"href":"https:\/\/www.enerjigazetesi.ist\/en\/wp-json\/wp\/v2\/posts\/55437\/revisions\/55440"}],"wp:featuredmedia":[{"embeddable":true,"href":"https:\/\/www.enerjigazetesi.ist\/en\/wp-json\/wp\/v2\/media\/55438"}],"wp:attachment":[{"href":"https:\/\/www.enerjigazetesi.ist\/en\/wp-json\/wp\/v2\/media?parent=55437"}],"wp:term":[{"taxonomy":"category","embeddable":true,"href":"https:\/\/www.enerjigazetesi.ist\/en\/wp-json\/wp\/v2\/categories?post=55437"},{"taxonomy":"post_tag","embeddable":true,"href":"https:\/\/www.enerjigazetesi.ist\/en\/wp-json\/wp\/v2\/tags?post=55437"}],"curies":[{"name":"wp","href":"https:\/\/api.w.org\/{rel}","templated":true}]}}