{"id":55425,"date":"2016-07-17T16:57:47","date_gmt":"2016-07-17T13:57:47","guid":{"rendered":"https:\/\/www.enerjigazetesi.ist\/?p=55425"},"modified":"2016-07-17T16:57:47","modified_gmt":"2016-07-17T13:57:47","slug":"yekdem-kapsaminda-olan-reslerin-bazilari-yuzde-15-gelir-kaybina-ugradi","status":"publish","type":"post","link":"https:\/\/www.enerjigazetesi.ist\/en\/yekdem-kapsaminda-olan-reslerin-bazilari-yuzde-15-gelir-kaybina-ugradi\/","title":{"rendered":"(Turkish) YEKDEM Kapsam\u0131nda Olan Baz\u0131 RES&#8217;ler Y\u00fczde 15 Gelir Kayb\u0131na U\u011frad\u0131&#8230;\u201d"},"content":{"rendered":"<p class=\"qtranxs-available-languages-message qtranxs-available-languages-message-en\">Sorry, this entry is only available in <a href=\"https:\/\/www.enerjigazetesi.ist\/tr\/wp-json\/wp\/v2\/posts\/55425\" class=\"qtranxs-available-language-link qtranxs-available-language-link-tr\" title=\"Turkish\">Turkish<\/a>. For the sake of viewer convenience, the content is shown below in the alternative language. You may click the link to switch the active language.<\/p><p><\/p>\n<p style=\"color: #666666;\"><strong style=\"font-weight: bold; color: #222222;\">T\u00fcrkiye R\u00fczgar Enerjisi Birli\u011fi (T\u00dcREB) Ba\u015fkan\u0131 Mustafa Serdar Ataseven, YEKDEM kapsam\u0131ndaki r\u00fczgar santrallerinden baz\u0131lar\u0131n\u0131n, y\u00fczde 15\u2019e varan gelir kay\u0131plar\u0131na u\u011frad\u0131klar\u0131n\u0131\u00a0dile getirdi.<\/strong><\/p>\n<p style=\"color: #666666;\">T\u00fcrkiye R\u00fczgar Enerjisi Birli\u011fi (T\u00dcREB) Ba\u015fkan\u0131 Mustafa Serdar Ataseven, YEKDEM kapsam\u0131ndaki\u00a0<strong style=\"font-weight: bold; color: #222222;\">r\u00fczgar santrallerinden<\/strong>\u00a0baz\u0131la<a href=\"https:\/\/www.enerjigazetesi.ist\/wp-content\/uploads\/2015\/01\/r\u00fczgar-santrali-2398733.jpg\"><img loading=\"lazy\" class=\"alignleft size-medium wp-image-35853\" src=\"https:\/\/www.enerjigazetesi.ist\/wp-content\/uploads\/2015\/01\/r\u00fczgar-santrali-2398733-300x168.jpg\" alt=\"r\u00fczgar-santrali-2398733\" width=\"300\" height=\"168\" srcset=\"https:\/\/www.enerjigazetesi.ist\/wp-content\/uploads\/2015\/01\/r\u00fczgar-santrali-2398733-300x168.jpg 300w, https:\/\/www.enerjigazetesi.ist\/wp-content\/uploads\/2015\/01\/r\u00fczgar-santrali-2398733-500x281.jpg 500w, https:\/\/www.enerjigazetesi.ist\/wp-content\/uploads\/2015\/01\/r\u00fczgar-santrali-2398733-80x44.jpg 80w, https:\/\/www.enerjigazetesi.ist\/wp-content\/uploads\/2015\/01\/r\u00fczgar-santrali-2398733.jpg 795w\" sizes=\"(max-width: 300px) 100vw, 300px\" \/><\/a>r\u0131n\u0131n, g\u00fcn \u00f6ncesi piyasas\u0131na y\u00f6nlendirildikten sonra y\u00fczde 15\u2019e varan oranlarda gelir kay\u0131plar\u0131na u\u011frad\u0131klar\u0131n\u0131\u00a0belirtti.<br \/>\n<strong style=\"font-weight: bold; color: #222222;\"><br \/>\nYenilenebilir enerji kaynaklar\u0131<\/strong>\u00a0aras\u0131nda en \u00e7ok \u00f6ne \u00e7\u0131kanlardan biri r\u00fczgar.\u00a0<strong style=\"font-weight: bold; color: #222222;\">R\u00fczgar yat\u0131r\u0131mc\u0131lar\u0131<\/strong>\u00a0geride kalan alt\u0131 ayda yo\u011fun bir d\u00fczenleme de\u011fi\u015fikli\u011fi kayg\u0131s\u0131 ya\u015fad\u0131lar. Kimi santrallerin kayg\u0131lanmakta ne kadar hakl\u0131 olduklar\u0131 yava\u015f yava\u015f ortaya \u00e7\u0131k\u0131yor.<strong style=\"font-weight: bold; color: #222222;\">\u00a0<\/strong><\/p>\n<p style=\"color: #666666;\"><strong style=\"font-weight: bold; color: #222222;\">Elektrik \u00fcretim<\/strong>\u00a0tahmin y\u00fck\u00fcml\u00fcl\u00fc\u011f\u00fcn\u00fc yerine getirememesi halinde bunun yol a\u00e7t\u0131\u011f\u0131 dengesizli\u011fin maliyetine katlanmak zorunda b\u0131rak\u0131lmak, YEKDEM kapsam\u0131ndaki baz\u0131\u00a0<strong style=\"font-weight: bold; color: #222222;\">r\u00fczgar santrallerini\u00a0<\/strong>y\u00fczde 15\u2019e varan gelir kay\u0131plar\u0131na yaratt\u0131.<\/p>\n<p style=\"color: #666666;\">Haberin Detay\u0131\u00a0\u0130\u00e7in\u00a0<a style=\"color: #fc8d8d;\" href=\"http:\/\/www.enerjigunlugu.net\/icerik\/19138\/ermenistan-kafkaslarin-en-buyuk-jesini-kuracak.html\" target=\"_blank\">T\u0131klay\u0131n\u0131z&gt;&gt;&gt;<\/a><\/p>\n<p style=\"color: #666666;\">Kaynak: Enerji G\u00fcnl\u00fc\u011f\u00fc<\/p>\n<p><\/p>","protected":false},"excerpt":{"rendered":"<p>Sorry, this entry is only available in Turkish. For the sake of viewer convenience, the content is shown below in the alternative language. You may click the link to switch the active language. T\u00fcrkiye R\u00fczgar Enerjisi Birli\u011fi (T\u00dcREB) Ba\u015fkan\u0131 Mustafa Serdar Ataseven, YEKDEM kapsam\u0131ndaki r\u00fczgar santrallerinden baz\u0131lar\u0131n\u0131n, y\u00fczde 15\u2019e varan gelir kay\u0131plar\u0131na u\u011frad\u0131klar\u0131n\u0131\u00a0dile getirdi. T\u00fcrkiye [&hellip;]<\/p>\n","protected":false},"author":1,"featured_media":31847,"comment_status":"open","ping_status":"open","sticky":false,"template":"","format":"standard","meta":[],"categories":[53,50],"tags":[63,67,1009,2698,165,30692,3388,474,231,312,1682,3390,8275],"views":1076,"_links":{"self":[{"href":"https:\/\/www.enerjigazetesi.ist\/en\/wp-json\/wp\/v2\/posts\/55425"}],"collection":[{"href":"https:\/\/www.enerjigazetesi.ist\/en\/wp-json\/wp\/v2\/posts"}],"about":[{"href":"https:\/\/www.enerjigazetesi.ist\/en\/wp-json\/wp\/v2\/types\/post"}],"author":[{"embeddable":true,"href":"https:\/\/www.enerjigazetesi.ist\/en\/wp-json\/wp\/v2\/users\/1"}],"replies":[{"embeddable":true,"href":"https:\/\/www.enerjigazetesi.ist\/en\/wp-json\/wp\/v2\/comments?post=55425"}],"version-history":[{"count":1,"href":"https:\/\/www.enerjigazetesi.ist\/en\/wp-json\/wp\/v2\/posts\/55425\/revisions"}],"predecessor-version":[{"id":55426,"href":"https:\/\/www.enerjigazetesi.ist\/en\/wp-json\/wp\/v2\/posts\/55425\/revisions\/55426"}],"wp:featuredmedia":[{"embeddable":true,"href":"https:\/\/www.enerjigazetesi.ist\/en\/wp-json\/wp\/v2\/media\/31847"}],"wp:attachment":[{"href":"https:\/\/www.enerjigazetesi.ist\/en\/wp-json\/wp\/v2\/media?parent=55425"}],"wp:term":[{"taxonomy":"category","embeddable":true,"href":"https:\/\/www.enerjigazetesi.ist\/en\/wp-json\/wp\/v2\/categories?post=55425"},{"taxonomy":"post_tag","embeddable":true,"href":"https:\/\/www.enerjigazetesi.ist\/en\/wp-json\/wp\/v2\/tags?post=55425"}],"curies":[{"name":"wp","href":"https:\/\/api.w.org\/{rel}","templated":true}]}}