{"id":55411,"date":"2016-07-16T23:27:41","date_gmt":"2016-07-16T20:27:41","guid":{"rendered":"https:\/\/www.enerjigazetesi.ist\/?p=55411"},"modified":"2016-07-16T23:27:58","modified_gmt":"2016-07-16T20:27:58","slug":"ingilterede-gunes-elektrigi-yuzde-174-artis-gosterdi","status":"publish","type":"post","link":"https:\/\/www.enerjigazetesi.ist\/en\/ingilterede-gunes-elektrigi-yuzde-174-artis-gosterdi\/","title":{"rendered":"(Turkish) \u0130ngiltere\u2019de G\u00fcne\u015f Elektri\u011fi Y\u00fczde 174 Art\u0131\u015f G\u00f6sterdi&#8230;"},"content":{"rendered":"<p class=\"qtranxs-available-languages-message qtranxs-available-languages-message-en\">Sorry, this entry is only available in <a href=\"https:\/\/www.enerjigazetesi.ist\/tr\/wp-json\/wp\/v2\/posts\/55411\" class=\"qtranxs-available-language-link qtranxs-available-language-link-tr\" title=\"Turkish\">Turkish<\/a>. For the sake of viewer convenience, the content is shown below in the alternative language. You may click the link to switch the active language.<\/p><p><\/p>\n<p style=\"color: #222222;\"><strong>\u0130ngiltere\u2019nin g\u00fcne\u015f elektri\u011fi \u00fcretimi ge\u00e7ti\u011fimiz y\u0131l\u0131n ayn\u0131 d\u00f6nemine g\u00f6re y\u00fczde 174 oran\u0131nda art\u0131\u015f\u00a0g\u00f6sterdi.<\/strong><\/p>\n<p style=\"color: #222222;\">Enerji verileri sa\u011flay\u0131c\u0131s\u0131 EnAppSys taraf\u0131ndan yay\u0131nlanan \u00e7al\u0131\u015fmaya g\u00f6re \u00fclkedeki g\u00fcne\u015f elektri\u011fi sistemleri 2016\u2019n\u0131n ikinci \u00e7eyre\u011finde toplamda 1,<a href=\"https:\/\/www.enerjigazetesi.ist\/wp-content\/uploads\/2016\/06\/ingilterede-ilk-kez-gunes-enerjisi-komuru-gecti.jpg\"><img loading=\"lazy\" class=\"alignleft size-medium wp-image-53885\" src=\"https:\/\/www.enerjigazetesi.ist\/wp-content\/uploads\/2016\/06\/ingilterede-ilk-kez-gunes-enerjisi-komuru-gecti-300x187.jpg\" alt=\"ingilterede-ilk-kez-gunes-enerjisi-komuru-gecti\" width=\"300\" height=\"187\" srcset=\"https:\/\/www.enerjigazetesi.ist\/wp-content\/uploads\/2016\/06\/ingilterede-ilk-kez-gunes-enerjisi-komuru-gecti-300x187.jpg 300w, https:\/\/www.enerjigazetesi.ist\/wp-content\/uploads\/2016\/06\/ingilterede-ilk-kez-gunes-enerjisi-komuru-gecti-1024x639.jpg 1024w, https:\/\/www.enerjigazetesi.ist\/wp-content\/uploads\/2016\/06\/ingilterede-ilk-kez-gunes-enerjisi-komuru-gecti-500x312.jpg 500w, https:\/\/www.enerjigazetesi.ist\/wp-content\/uploads\/2016\/06\/ingilterede-ilk-kez-gunes-enerjisi-komuru-gecti-80x50.jpg 80w, https:\/\/www.enerjigazetesi.ist\/wp-content\/uploads\/2016\/06\/ingilterede-ilk-kez-gunes-enerjisi-komuru-gecti.jpg 1068w\" sizes=\"(max-width: 300px) 100vw, 300px\" \/><\/a>38 Teravat-saatlik elektrik \u00fcretiminin sa\u011flad\u0131\u011f\u0131 belirtildi.<\/p>\n<p style=\"color: #222222;\">Bu rakam ge\u00e7en y\u0131l\u0131n ayn\u0131 d\u00f6nemine g\u00f6re y\u00fczde 174 oran\u0131nda art\u0131\u015f anlam\u0131na gelmektedir.\u00a0G\u00fcne\u015f bu d\u00f6nemde \u00fclkenin yenilenebilir enerji kaynaklar\u0131na dayal\u0131 elektrik \u00fcretiminde y\u00fczde 22,1\u2019lik pay sahibi oldu.<\/p>\n<p style=\"color: #222222;\">Yenilenebilir kaynaklar\u0131n \u00fclkenin t\u00fcm elektrik \u00fcretimindeki pay\u0131 ise y\u00fczde 23,1\u00a0olarak ger\u00e7ekle\u015fti.<\/p>\n<p style=\"color: #222222;\">Birle\u015fik Krall\u0131k Enerji ve \u0130klim De\u011fi\u015fikli\u011fi Bakanl\u0131\u011f\u0131 taraf\u0131ndan a\u00e7\u0131klanan verilere g\u00f6re \u00fclkede 2016\u2019n\u0131n ilk be\u015f ay\u0131nda g\u00fcne\u015f elektri\u011finin g\u00fcc\u00fc 1 GW\u2019\u0131n \u00fczerinde artarak Haziran ay\u0131 itibari ile 10 GW\u2019\u0131 a\u015ft\u0131.<\/p>\n<p><\/p>","protected":false},"excerpt":{"rendered":"<p>Sorry, this entry is only available in Turkish. For the sake of viewer convenience, the content is shown below in the alternative language. You may click the link to switch the active language. \u0130ngiltere\u2019nin g\u00fcne\u015f elektri\u011fi \u00fcretimi ge\u00e7ti\u011fimiz y\u0131l\u0131n ayn\u0131 d\u00f6nemine g\u00f6re y\u00fczde 174 oran\u0131nda art\u0131\u015f\u00a0g\u00f6sterdi. Enerji verileri sa\u011flay\u0131c\u0131s\u0131 EnAppSys taraf\u0131ndan yay\u0131nlanan \u00e7al\u0131\u015fmaya g\u00f6re \u00fclkedeki [&hellip;]<\/p>\n","protected":false},"author":1,"featured_media":53885,"comment_status":"open","ping_status":"open","sticky":false,"template":"","format":"standard","meta":[],"categories":[53,49],"tags":[19,63,67,1009,2698,165,227,13,23133,22975,4269,1092,105],"views":906,"_links":{"self":[{"href":"https:\/\/www.enerjigazetesi.ist\/en\/wp-json\/wp\/v2\/posts\/55411"}],"collection":[{"href":"https:\/\/www.enerjigazetesi.ist\/en\/wp-json\/wp\/v2\/posts"}],"about":[{"href":"https:\/\/www.enerjigazetesi.ist\/en\/wp-json\/wp\/v2\/types\/post"}],"author":[{"embeddable":true,"href":"https:\/\/www.enerjigazetesi.ist\/en\/wp-json\/wp\/v2\/users\/1"}],"replies":[{"embeddable":true,"href":"https:\/\/www.enerjigazetesi.ist\/en\/wp-json\/wp\/v2\/comments?post=55411"}],"version-history":[{"count":2,"href":"https:\/\/www.enerjigazetesi.ist\/en\/wp-json\/wp\/v2\/posts\/55411\/revisions"}],"predecessor-version":[{"id":55413,"href":"https:\/\/www.enerjigazetesi.ist\/en\/wp-json\/wp\/v2\/posts\/55411\/revisions\/55413"}],"wp:featuredmedia":[{"embeddable":true,"href":"https:\/\/www.enerjigazetesi.ist\/en\/wp-json\/wp\/v2\/media\/53885"}],"wp:attachment":[{"href":"https:\/\/www.enerjigazetesi.ist\/en\/wp-json\/wp\/v2\/media?parent=55411"}],"wp:term":[{"taxonomy":"category","embeddable":true,"href":"https:\/\/www.enerjigazetesi.ist\/en\/wp-json\/wp\/v2\/categories?post=55411"},{"taxonomy":"post_tag","embeddable":true,"href":"https:\/\/www.enerjigazetesi.ist\/en\/wp-json\/wp\/v2\/tags?post=55411"}],"curies":[{"name":"wp","href":"https:\/\/api.w.org\/{rel}","templated":true}]}}