{"id":55374,"date":"2016-07-15T10:51:05","date_gmt":"2016-07-15T07:51:05","guid":{"rendered":"https:\/\/www.enerjigazetesi.ist\/?p=55374"},"modified":"2016-07-15T10:51:29","modified_gmt":"2016-07-15T07:51:29","slug":"gazzede-evlere-gunes-enerjisi-ile-elektrik-saglanacak","status":"publish","type":"post","link":"https:\/\/www.enerjigazetesi.ist\/en\/gazzede-evlere-gunes-enerjisi-ile-elektrik-saglanacak\/","title":{"rendered":"(Turkish) Gazze&#8217;de Evlere G\u00fcne\u015f Enerjisi \u0130le Elektrik Sa\u011flanacak&#8230;"},"content":{"rendered":"<p class=\"qtranxs-available-languages-message qtranxs-available-languages-message-en\">Sorry, this entry is only available in <a href=\"https:\/\/www.enerjigazetesi.ist\/tr\/wp-json\/wp\/v2\/posts\/55374\" class=\"qtranxs-available-language-link qtranxs-available-language-link-tr\" title=\"Turkish\">Turkish<\/a>. For the sake of viewer convenience, the content is shown below in the alternative language. You may click the link to switch the active language.<\/p><p><\/p>\n<p style=\"color: #666666;\"><span style=\"font-weight: bold; color: #222222;\">Enerji Bakanl\u0131\u011f\u0131, T\u00fcrkiye ile \u0130srail aras\u0131nda normalle\u015fme s\u00fcreci kapsam\u0131nda, Gazze\u2019nin elektrik ihtiyac\u0131n\u0131n kar\u015f\u0131lanmas\u0131 amac\u0131yla yap\u0131lacak \u00e7al\u0131\u015fmalar\u0131 belirlemek \u00fczere b\u00f6lgeye gitti.<\/span><\/p>\n<p style=\"color: #666666;\">tr.wikipedia.org\u2019dan ald\u0131\u011f\u0131m\u0131z verilere g\u00f6re, Gazze, Filistin\u2019in g\u00fcneybat\u0131s\u0131nda bulunan, Gazze \u015eeridi\u2019nin en b\u00fcy\u00fck \u015fehri. Gazze, Akdeniz sahilinden 4 km i\u00e7eride\u00a0kurulmu\u015f durumda.<\/p>\n<p style=\"color: #666666;\">Gazze\u2019nin temel ekonomik faaliye<a href=\"https:\/\/www.enerjigazetesi.ist\/wp-content\/uploads\/2016\/07\/gazzede-evlere-gunes-ile-elektrik-saglanacak.jpg\"><img loading=\"lazy\" class=\"alignleft size-medium wp-image-55375\" src=\"https:\/\/www.enerjigazetesi.ist\/wp-content\/uploads\/2016\/07\/gazzede-evlere-gunes-ile-elektrik-saglanacak-300x198.jpg\" alt=\"gazzede-evlere-gunes-ile-elektrik-saglanacak\" width=\"300\" height=\"198\" srcset=\"https:\/\/www.enerjigazetesi.ist\/wp-content\/uploads\/2016\/07\/gazzede-evlere-gunes-ile-elektrik-saglanacak-300x198.jpg 300w, https:\/\/www.enerjigazetesi.ist\/wp-content\/uploads\/2016\/07\/gazzede-evlere-gunes-ile-elektrik-saglanacak-500x330.jpg 500w, https:\/\/www.enerjigazetesi.ist\/wp-content\/uploads\/2016\/07\/gazzede-evlere-gunes-ile-elektrik-saglanacak-75x50.jpg 75w, https:\/\/www.enerjigazetesi.ist\/wp-content\/uploads\/2016\/07\/gazzede-evlere-gunes-ile-elektrik-saglanacak.jpg 620w\" sizes=\"(max-width: 300px) 100vw, 300px\" \/><\/a>tlerini k\u00fc\u00e7\u00fck \u00f6l\u00e7ekli sanayi, tar\u0131m ve i\u015f\u00e7ilik olu\u015fturuyor. Ancak, ekonomi abluka ve devaml\u0131 s\u00fcren \u00e7at\u0131\u015fmalar ile ekonomik olarak \u015fehir k\u00f6t\u00fc durumda.<br \/>\nN\u00fcfusunun \u00e7o\u011fu M\u00fcsl\u00fcman olan \u015fehirde, \u00e7ok az H\u0131ristiyan az\u0131nl\u0131k vard\u0131r. Gazze halk\u0131n\u0131n yakla\u015f\u0131k y\u00fczde 75\u2019i 25 ya\u015f\u0131n alt\u0131ndad\u0131r ve d\u00fcnyada m\u00fclteci olarak ba\u015fka b\u00f6lgelerde ya\u015fayan en y\u00fcksek say\u0131da halka sahip \u015fehir.<\/p>\n<p style=\"color: #666666;\"><span style=\"font-weight: bold; color: #222222;\">G\u00fcne\u015f enerjisinin<\/span>\u00a0elektrik s\u0131k\u0131nt\u0131s\u0131 ya\u015fayan Gazze\u2019ye \u00e7\u00f6z\u00fcm sa\u011flamas\u0131 a\u00e7\u0131s\u0131ndan \u00e7al\u0131\u015fmalar yap\u0131l\u0131yor. Bu do\u011frultuda, Enerji Bakanl\u0131\u011f\u0131, T\u00fcrkiye ile \u0130srail aras\u0131nda normalle\u015fme s\u00fcreci kapsam\u0131nda, Gazze\u2019nin\u00a0<span style=\"font-weight: bold; color: #222222;\">elektrik ihtiyac\u0131n\u0131n<\/span>\u00a0kar\u015f\u0131lanmas\u0131 amac\u0131yla yap\u0131lacak \u00e7al\u0131\u015fmalar\u0131 belirlemek \u00fczere b\u00f6lgeye gitti.<\/p>\n<p style=\"color: #666666;\">Bakanl\u0131k heyeti,\u00a0<span style=\"font-weight: bold; color: #222222;\">elektrik altyap\u0131 sorununun<\/span>\u00a0\u00e7\u00f6z\u00fcm\u00fc i\u00e7in detayl\u0131 \u00e7al\u0131\u015fma yapacak. B\u00f6lgenin elektrik ihtiyac\u0131n\u0131 kar\u015f\u0131lamak i\u00e7in gemi santral\u0131 projesinin yan\u0131 s\u0131ra\u00a0<span style=\"font-weight: bold; color: #222222;\">g\u00fcne\u015f\u00a0<\/span>dahil farkl\u0131 alternatifler de g\u00fcndemde bulunuyor. Kentin elektrik iletim altyap\u0131s\u0131 ve trafolar\u0131 yenilenecek. Her eve elektrik ula\u015ft\u0131r\u0131lacak. Gazze\u2019ye ula\u015fan heyet, b\u00f6lgenin elektrik altyap\u0131 sorununun \u00e7\u00f6z\u00fcm\u00fc i\u00e7in yap\u0131labileceklerle ilgili detayl\u0131 \u00e7al\u0131\u015fma yapacak.<\/p>\n<p style=\"color: #666666;\">Kaynak: Habert\u00fcrk<\/p>\n<p><\/p>","protected":false},"excerpt":{"rendered":"<p>Sorry, this entry is only available in Turkish. For the sake of viewer convenience, the content is shown below in the alternative language. You may click the link to switch the active language. Enerji Bakanl\u0131\u011f\u0131, T\u00fcrkiye ile \u0130srail aras\u0131nda normalle\u015fme s\u00fcreci kapsam\u0131nda, Gazze\u2019nin elektrik ihtiyac\u0131n\u0131n kar\u015f\u0131lanmas\u0131 amac\u0131yla yap\u0131lacak \u00e7al\u0131\u015fmalar\u0131 belirlemek \u00fczere b\u00f6lgeye gitti. tr.wikipedia.org\u2019dan ald\u0131\u011f\u0131m\u0131z [&hellip;]<\/p>\n","protected":false},"author":1,"featured_media":55375,"comment_status":"open","ping_status":"open","sticky":false,"template":"","format":"standard","meta":[],"categories":[51,53,49],"tags":[68,61,1451,63,67,1009,2698,165,227,13,23133,22975,4269],"views":984,"_links":{"self":[{"href":"https:\/\/www.enerjigazetesi.ist\/en\/wp-json\/wp\/v2\/posts\/55374"}],"collection":[{"href":"https:\/\/www.enerjigazetesi.ist\/en\/wp-json\/wp\/v2\/posts"}],"about":[{"href":"https:\/\/www.enerjigazetesi.ist\/en\/wp-json\/wp\/v2\/types\/post"}],"author":[{"embeddable":true,"href":"https:\/\/www.enerjigazetesi.ist\/en\/wp-json\/wp\/v2\/users\/1"}],"replies":[{"embeddable":true,"href":"https:\/\/www.enerjigazetesi.ist\/en\/wp-json\/wp\/v2\/comments?post=55374"}],"version-history":[{"count":2,"href":"https:\/\/www.enerjigazetesi.ist\/en\/wp-json\/wp\/v2\/posts\/55374\/revisions"}],"predecessor-version":[{"id":55377,"href":"https:\/\/www.enerjigazetesi.ist\/en\/wp-json\/wp\/v2\/posts\/55374\/revisions\/55377"}],"wp:featuredmedia":[{"embeddable":true,"href":"https:\/\/www.enerjigazetesi.ist\/en\/wp-json\/wp\/v2\/media\/55375"}],"wp:attachment":[{"href":"https:\/\/www.enerjigazetesi.ist\/en\/wp-json\/wp\/v2\/media?parent=55374"}],"wp:term":[{"taxonomy":"category","embeddable":true,"href":"https:\/\/www.enerjigazetesi.ist\/en\/wp-json\/wp\/v2\/categories?post=55374"},{"taxonomy":"post_tag","embeddable":true,"href":"https:\/\/www.enerjigazetesi.ist\/en\/wp-json\/wp\/v2\/tags?post=55374"}],"curies":[{"name":"wp","href":"https:\/\/api.w.org\/{rel}","templated":true}]}}