{"id":55333,"date":"2016-07-14T11:57:21","date_gmt":"2016-07-14T08:57:21","guid":{"rendered":"https:\/\/www.enerjigazetesi.ist\/?p=55333"},"modified":"2016-07-14T11:59:29","modified_gmt":"2016-07-14T08:59:29","slug":"mercedes-elektrikli-otomobil-modelini-eylul-de-duyuracak","status":"publish","type":"post","link":"https:\/\/www.enerjigazetesi.ist\/en\/mercedes-elektrikli-otomobil-modelini-eylul-de-duyuracak\/","title":{"rendered":"(Turkish) Mercedes Elektrikli Otomobil Modelini Eyl\u00fcl&#8217;de Duyuracak&#8230;"},"content":{"rendered":"<p class=\"qtranxs-available-languages-message qtranxs-available-languages-message-en\">Sorry, this entry is only available in <a href=\"https:\/\/www.enerjigazetesi.ist\/tr\/wp-json\/wp\/v2\/posts\/55333\" class=\"qtranxs-available-language-link qtranxs-available-language-link-tr\" title=\"Turkish\">Turkish<\/a>. For the sake of viewer convenience, the content is shown below in the alternative language. You may click the link to switch the active language.<\/p><p><\/p>\n<p style=\"color: #666666;\"><span style=\"color: #000000;\"><strong>Elektrikli ara\u00e7 \u00fcretiminde Tesla ku\u015fkusuz lider konumunda. Tesla\u2019n\u0131n\u00a0elektrikli otomobilleri\u00a0yaln\u0131zca\u00a0elektrikli ara\u00e7\u00a0tutkunlar\u0131n\u0131n de\u011fil, t\u00fcm otomobil kullan\u0131c\u0131lar\u0131n\u0131n da ilgisini \u00e7ekiyor. <\/strong><\/span><\/p>\n<p style=\"color: #666666;\">Bu anlamda, Tesla\u00a0<span style=\"font-weight: bold; color: #222222;\">elektrikli ara\u00e7<\/span>\u00a0\u00fcretiminde kolay yakalanamayacak bir ba\u015far\u0131ya imza atm\u0131\u015f g\u00f6r\u00fcn\u00fcyo<a href=\"https:\/\/www.enerjigazetesi.ist\/wp-content\/uploads\/2016\/07\/mercedesden-elektrikli-otomobil.jpg\"><img loading=\"lazy\" class=\"alignright  wp-image-55334\" src=\"https:\/\/www.enerjigazetesi.ist\/wp-content\/uploads\/2016\/07\/mercedesden-elektrikli-otomobil-300x110.jpg\" alt=\"mercedesden-elektrikli-otomobil\" width=\"300\" height=\"181\" \/><\/a>r.<\/p>\n<p style=\"color: #666666;\">Bununla birlikte, konvansiyonel ara\u00e7 \u00fcreticilerinin de\u00a0<span style=\"font-weight: bold; color: #222222;\">elektrikli ara\u00e7 \u00fcretimine<\/span>\u00a0y\u00f6nelmeleri, orta ve uzun vadede\u00a0<span style=\"font-weight: bold; color: #222222;\">elektrikli ara\u00e7<\/span>\u00a0pazar\u0131nda dengelerin de\u011fi\u015fmesi anlam\u0131na gelebilir. Zira \u015fimdiden bir\u00e7ok kurulu\u015f yeni \u00fcretime ba\u015flad\u0131klar\u0131\u00a0<span style=\"font-weight: bold; color: #222222;\">elektrikli ara\u00e7larla\u00a0<\/span>Tesla\u2019ya rakip olmaya ba\u015flad\u0131.<\/p>\n<p style=\"color: #666666;\">Ayr\u0131ca, b\u00fcnyesinde bulunan kurulu\u015flar aras\u0131nda Mercedes-Benz gibi bir devin de bulundu\u011fu Alman otomobil end\u00fcstrisinin en \u00f6nemli \u015firketlerinden biri olan Daimler, Mercedes-Benz markas\u0131 \u00fczerinden Accumotive isimli batarya \u00fcniteleri \u00fczerinde \u00e7al\u0131\u015f\u0131yor.<\/p>\n<p>Bu geli\u015fmeyle birlikte, Mercedes\u2019in Tesla\u2019ya her a\u00e7\u0131dan \u00f6nemli bir rakip olaca\u011f\u0131 \u00f6ng\u00f6r\u00fclebilir. d\u00fcnyan\u0131n en b\u00fcy\u00fck otomobil \u00fcreticilerinden birisi olmas\u0131n\u0131n yan\u0131 s\u0131ra, enerji depolama ve batarya teknolojileri alan\u0131ndaki \u00e7al\u0131\u015fmalar\u0131 Mercedes\u2019i elektrikli ara\u00e7lar konusunda \u00e7ok \u00f6nemli bir noktaya ta\u015f\u0131yabilir.<\/p>\n<p>Bu \u00e7er\u00e7evede, Mercedes, uzun zamand\u0131r beklenen\u00a0<span style=\"font-weight: bold; color: #222222;\">elektrikli modelini<\/span>\u00a0Eyl\u00fcl ay\u0131nda duyuracak ve bu geli\u015fme Tesla i\u00e7in \u00e7ok da hay\u0131rl\u0131 bir durum de\u011fil.<\/p>\n<p>Mercedes\u2019in Tesla\u2019ya rakip olarak konumland\u0131raca\u011f\u0131, uzun zamand\u0131r merakla beklenen\u00a0<span style=\"font-weight: bold; color: #222222;\">elektrikli otomobili<\/span>, Eyl\u00fcl ay\u0131nda g\u00f6r\u00fcc\u00fcye \u00e7\u0131kacak. Alman otomotiv devinin,\u00a0<span style=\"font-weight: bold; color: #222222;\">elektrikli otomobillere<\/span>\u00a0bak\u0131\u015f a\u00e7\u0131s\u0131n\u0131 b\u00fcy\u00fck oranda de\u011fi\u015ftirece\u011fi d\u00fc\u015f\u00fcn\u00fclen arac\u0131 sedan format\u0131nda olacak. Arac\u0131n fiyat bak\u0131m\u0131ndan\u00a0<span style=\"font-weight: bold; color: #222222;\">elektrikli otomobil<\/span>\u00a0alg\u0131s\u0131nda b\u00fcy\u00fck bir k\u0131r\u0131lma yaratmas\u0131 beklenmiyor ancak d\u00fcnyada\u00a0<span style=\"font-weight: bold; color: #222222;\">elektrikli otomobil pazar\u0131n\u0131\u00a0<\/span>elinde tutan Tesla\u2019n\u0131n ilk kez \u00f6nemli bir rakiple kar\u015f\u0131la\u015fmas\u0131n\u0131 sa\u011flayarak rekabetin olu\u015fmas\u0131na katk\u0131 sa\u011flayaca\u011f\u0131 i\u00e7in Mercedes\u2019in\u00a0<span style=\"font-weight: bold; color: #222222;\">elektrikli otomobili<\/span>\u00a0b\u00fcy\u00fck \u00f6nem ta\u015f\u0131yor.<\/p>\n<p>Yeni ara\u00e7, 2016 Eyl\u00fcl\u2019\u00fcnde bas\u0131n \u00f6n\u00fcne \u00e7\u0131kacak olsa da, ilk kullan\u0131c\u0131s\u0131na ula\u015fmas\u0131 ve otoyollara kavu\u015fmas\u0131 2018 y\u0131l\u0131n\u0131 bulacak. Fiyat olaraksa Tesla\u2019n\u0131n Model S\u2019iyle ayn\u0131 seviyede olmas\u0131 bekleniyor. Elbette, y\u00fcksek fiyatl\u0131 bir otomobil olarak, Alman otomotiv devinin y\u00fcksek l\u00fcks standartlar\u0131na uygun, etkileyici bir modelin ortaya \u00e7\u0131kaca\u011f\u0131 d\u00fc\u015f\u00fcn\u00fcl\u00fcyor.<\/p>\n<p>Haberin Detay\u0131 \u0130\u00e7in\u00a0<a style=\"color: #fc8d8d;\" href=\"https:\/\/www.techinside.com\/mercedes-elektrikli-otomobilini-eylulde-gosterecek\/\" target=\"_blank\">T\u0131klay\u0131n\u0131z&gt;&gt;&gt;<\/a><\/p>\n<p>Kaynak: Techinside<\/p>","protected":false},"excerpt":{"rendered":"<p>Sorry, this entry is only available in Turkish. For the sake of viewer convenience, the content is shown below in the alternative language. You may click the link to switch the active language. Elektrikli ara\u00e7 \u00fcretiminde Tesla ku\u015fkusuz lider konumunda. Tesla\u2019n\u0131n\u00a0elektrikli otomobilleri\u00a0yaln\u0131zca\u00a0elektrikli ara\u00e7\u00a0tutkunlar\u0131n\u0131n de\u011fil, t\u00fcm otomobil kullan\u0131c\u0131lar\u0131n\u0131n da ilgisini \u00e7ekiyor. Bu anlamda, Tesla\u00a0elektrikli ara\u00e7\u00a0\u00fcretiminde kolay [&hellip;]<\/p>\n","protected":false},"author":1,"featured_media":55334,"comment_status":"open","ping_status":"open","sticky":false,"template":"","format":"standard","meta":[],"categories":[51,53],"tags":[215,1270,63,67,1009,2698,165,30655],"views":1178,"_links":{"self":[{"href":"https:\/\/www.enerjigazetesi.ist\/en\/wp-json\/wp\/v2\/posts\/55333"}],"collection":[{"href":"https:\/\/www.enerjigazetesi.ist\/en\/wp-json\/wp\/v2\/posts"}],"about":[{"href":"https:\/\/www.enerjigazetesi.ist\/en\/wp-json\/wp\/v2\/types\/post"}],"author":[{"embeddable":true,"href":"https:\/\/www.enerjigazetesi.ist\/en\/wp-json\/wp\/v2\/users\/1"}],"replies":[{"embeddable":true,"href":"https:\/\/www.enerjigazetesi.ist\/en\/wp-json\/wp\/v2\/comments?post=55333"}],"version-history":[{"count":4,"href":"https:\/\/www.enerjigazetesi.ist\/en\/wp-json\/wp\/v2\/posts\/55333\/revisions"}],"predecessor-version":[{"id":55338,"href":"https:\/\/www.enerjigazetesi.ist\/en\/wp-json\/wp\/v2\/posts\/55333\/revisions\/55338"}],"wp:featuredmedia":[{"embeddable":true,"href":"https:\/\/www.enerjigazetesi.ist\/en\/wp-json\/wp\/v2\/media\/55334"}],"wp:attachment":[{"href":"https:\/\/www.enerjigazetesi.ist\/en\/wp-json\/wp\/v2\/media?parent=55333"}],"wp:term":[{"taxonomy":"category","embeddable":true,"href":"https:\/\/www.enerjigazetesi.ist\/en\/wp-json\/wp\/v2\/categories?post=55333"},{"taxonomy":"post_tag","embeddable":true,"href":"https:\/\/www.enerjigazetesi.ist\/en\/wp-json\/wp\/v2\/tags?post=55333"}],"curies":[{"name":"wp","href":"https:\/\/api.w.org\/{rel}","templated":true}]}}