{"id":55323,"date":"2016-07-14T10:33:48","date_gmt":"2016-07-14T07:33:48","guid":{"rendered":"https:\/\/www.enerjigazetesi.ist\/?p=55323"},"modified":"2016-07-14T10:33:48","modified_gmt":"2016-07-14T07:33:48","slug":"petrol-tuketimi-gerceklestiren-bakteri-kesfedildi","status":"publish","type":"post","link":"https:\/\/www.enerjigazetesi.ist\/en\/petrol-tuketimi-gerceklestiren-bakteri-kesfedildi\/","title":{"rendered":"(Turkish) Petrol T\u00fcketimi Ger\u00e7ekle\u015ftiren Bakteri Ke\u015ffedildi!"},"content":{"rendered":"<p class=\"qtranxs-available-languages-message qtranxs-available-languages-message-en\">Sorry, this entry is only available in <a href=\"https:\/\/www.enerjigazetesi.ist\/tr\/wp-json\/wp\/v2\/posts\/55323\" class=\"qtranxs-available-language-link qtranxs-available-language-link-tr\" title=\"Turkish\">Turkish<\/a>. For the sake of viewer convenience, the content is shown below in the alternative language. You may click the link to switch the active language.<\/p><p><\/p>\n<p class=\"selectionShareable\" style=\"color: #0a0a0a;\"><strong>Uluda\u011f \u00dcniversitesi Fen-Edebiyat Fak\u00fcltesi Biyoloji B\u00f6l\u00fcm\u00fcnde yap\u0131lan bir ara\u015ft\u0131rma ile\u00a0Tunceli ve Trabzon\u2019dan al\u0131nan toprak \u00f6rneklerinde \u201cpetrol t\u00fcketen bakteriler\u201d tespit edildi.<\/strong><span id=\"more-82322\"><\/span><\/p>\n<p class=\"selectionShareable\" style=\"color: #0a0a0a;\">Uluda\u011f \u00dcniversitesi (U\u00dc) Fen-Edebiyat Fak\u00fcltesi Biyoloji B\u00f6l\u00fcm\u00fc \u00f6\u011frencilerinin, T\u00fcrkiye\u2019nin 61 ilinden ayak de\u011fmemi\u015f, temiz alanlardan getirdi\u011fi topraklar, incelenmek \u00fczere \u00f6nce kurutuldu.<\/p>\n<p class=\"selectionShareable\" style=\"color: #0a0a0a;\"><a href=\"https:\/\/www.enerjigazetesi.ist\/wp-content\/uploads\/2016\/07\/petrol-tuketimi-gerceklestiren-bakteri-kesfedildi.jpg\"><img loading=\"lazy\" class=\"alignleft size-medium wp-image-55324\" src=\"https:\/\/www.enerjigazetesi.ist\/wp-content\/uploads\/2016\/07\/petrol-tuketimi-gerceklestiren-bakteri-kesfedildi-300x168.jpg\" alt=\"petrol-tuketimi-gerceklestiren-bakteri-kesfedildi\" width=\"300\" height=\"168\" srcset=\"https:\/\/www.enerjigazetesi.ist\/wp-content\/uploads\/2016\/07\/petrol-tuketimi-gerceklestiren-bakteri-kesfedildi-300x168.jpg 300w, https:\/\/www.enerjigazetesi.ist\/wp-content\/uploads\/2016\/07\/petrol-tuketimi-gerceklestiren-bakteri-kesfedildi-500x280.jpg 500w, https:\/\/www.enerjigazetesi.ist\/wp-content\/uploads\/2016\/07\/petrol-tuketimi-gerceklestiren-bakteri-kesfedildi-80x44.jpg 80w, https:\/\/www.enerjigazetesi.ist\/wp-content\/uploads\/2016\/07\/petrol-tuketimi-gerceklestiren-bakteri-kesfedildi.jpg 696w\" sizes=\"(max-width: 300px) 100vw, 300px\" \/><\/a>Topraktaki \u201cBacillus\u201d t\u00fcr\u00fc bakteriler, ortaya \u00e7\u0131kar\u0131lmas\u0131n\u0131n ard\u0131ndan geli\u015febilecekleri \u00f6zel besi yerlerine al\u0131nd\u0131. Petri kaplar\u0131nda 37 derecede 14 g\u00fcn bekletilen \u201cBacillus\u201d t\u00fcrlerinin Trabzon ve Tunceli topraklar\u0131ndan izole edilenleri, \u201cpetrol\u00fc par\u00e7alayabilen bakteri\u201d olarak de\u011ferlendirildi.<\/p>\n<p class=\"selectionShareable\" style=\"color: #0a0a0a;\">U\u00dc Biyoloji B\u00f6l\u00fcm\u00fc Molek\u00fcler Biyoloji Anabilim Dal\u0131 Ba\u015fkan\u0131 Prof. Dr. Elif Demirkan yapt\u0131\u011f\u0131 a\u00e7\u0131klamada, do\u011fadaki a\u011f\u0131r zehirli at\u0131klar\u0131n giderilmesinin \u00e7ok b\u00fcy\u00fck \u00f6nem ta\u015f\u0131d\u0131\u011f\u0131n\u0131 s\u00f6yledi.<\/p>\n<p class=\"selectionShareable\" style=\"color: #0a0a0a;\">Bu at\u0131klar\u0131n ayr\u0131\u015ft\u0131r\u0131lmas\u0131 ve yok edilmesinin zor oldu\u011funu belirten Demirkan s\u00f6zlerine \u015f\u00f6yle devam etti:<\/p>\n<p class=\"selectionShareable\" style=\"color: #0a0a0a;\">\u201cAt\u0131klar\u0131n temizlenmesi i\u00e7in kimyasal maddeler kullan\u0131lmaktad\u0131r. Bu da do\u011fada yeni bir kimyasal madde kalmas\u0131na yol a\u00e7maktad\u0131r.\u00a0 Dolay\u0131s\u0131yla \u00f6zellikle ar\u0131t\u0131lmas\u0131 zor zehirli at\u0131klar i\u00e7in do\u011faya ba\u015fvurabiliriz, mikroorganizmalarla bu at\u0131klar\u0131n giderilmesini sa\u011flayabiliriz.\u201d<\/p>\n<p class=\"selectionShareable\" style=\"color: #0a0a0a;\">Kaynak: Enerji Enstit\u00fcs\u00fc<\/p>\n<p><\/p>","protected":false},"excerpt":{"rendered":"<p>Sorry, this entry is only available in Turkish. For the sake of viewer convenience, the content is shown below in the alternative language. You may click the link to switch the active language. Uluda\u011f \u00dcniversitesi Fen-Edebiyat Fak\u00fcltesi Biyoloji B\u00f6l\u00fcm\u00fcnde yap\u0131lan bir ara\u015ft\u0131rma ile\u00a0Tunceli ve Trabzon\u2019dan al\u0131nan toprak \u00f6rneklerinde \u201cpetrol t\u00fcketen bakteriler\u201d tespit edildi. Uluda\u011f \u00dcniversitesi [&hellip;]<\/p>\n","protected":false},"author":1,"featured_media":55324,"comment_status":"open","ping_status":"open","sticky":false,"template":"","format":"standard","meta":[],"categories":[53,44],"tags":[30645,30646,63,67,1009,2698,165,59,79,30647,30648,30649],"views":901,"_links":{"self":[{"href":"https:\/\/www.enerjigazetesi.ist\/en\/wp-json\/wp\/v2\/posts\/55323"}],"collection":[{"href":"https:\/\/www.enerjigazetesi.ist\/en\/wp-json\/wp\/v2\/posts"}],"about":[{"href":"https:\/\/www.enerjigazetesi.ist\/en\/wp-json\/wp\/v2\/types\/post"}],"author":[{"embeddable":true,"href":"https:\/\/www.enerjigazetesi.ist\/en\/wp-json\/wp\/v2\/users\/1"}],"replies":[{"embeddable":true,"href":"https:\/\/www.enerjigazetesi.ist\/en\/wp-json\/wp\/v2\/comments?post=55323"}],"version-history":[{"count":1,"href":"https:\/\/www.enerjigazetesi.ist\/en\/wp-json\/wp\/v2\/posts\/55323\/revisions"}],"predecessor-version":[{"id":55325,"href":"https:\/\/www.enerjigazetesi.ist\/en\/wp-json\/wp\/v2\/posts\/55323\/revisions\/55325"}],"wp:featuredmedia":[{"embeddable":true,"href":"https:\/\/www.enerjigazetesi.ist\/en\/wp-json\/wp\/v2\/media\/55324"}],"wp:attachment":[{"href":"https:\/\/www.enerjigazetesi.ist\/en\/wp-json\/wp\/v2\/media?parent=55323"}],"wp:term":[{"taxonomy":"category","embeddable":true,"href":"https:\/\/www.enerjigazetesi.ist\/en\/wp-json\/wp\/v2\/categories?post=55323"},{"taxonomy":"post_tag","embeddable":true,"href":"https:\/\/www.enerjigazetesi.ist\/en\/wp-json\/wp\/v2\/tags?post=55323"}],"curies":[{"name":"wp","href":"https:\/\/api.w.org\/{rel}","templated":true}]}}