{"id":55310,"date":"2016-07-14T10:12:40","date_gmt":"2016-07-14T07:12:40","guid":{"rendered":"https:\/\/www.enerjigazetesi.ist\/?p=55310"},"modified":"2016-07-14T10:15:40","modified_gmt":"2016-07-14T07:15:40","slug":"poas-davasi-23-kasim-tarihine-ertelendi","status":"publish","type":"post","link":"https:\/\/www.enerjigazetesi.ist\/en\/poas-davasi-23-kasim-tarihine-ertelendi\/","title":{"rendered":"(Turkish) D\u00fcn Ba\u015flayan POA\u015e Davas\u0131 23 Kas\u0131m Tarihine Ertelendi!"},"content":{"rendered":"<p class=\"qtranxs-available-languages-message qtranxs-available-languages-message-en\">Sorry, this entry is only available in <a href=\"https:\/\/www.enerjigazetesi.ist\/tr\/wp-json\/wp\/v2\/posts\/55310\" class=\"qtranxs-available-language-link qtranxs-available-language-link-tr\" title=\"Turkish\">Turkish<\/a>. For the sake of viewer convenience, the content is shown below in the alternative language. You may click the link to switch the active language.<\/p><p><\/p>\n<p class=\"selectionShareable\" style=\"color: #0a0a0a;\"><strong>D\u00fcn ba\u015flayan POA\u015e davas\u0131 23 Kas\u0131m\u2019a ertelendi. Ayd\u0131n Do\u011fan, yapt\u0131\u011f\u0131 a\u00e7\u0131klamada, \u2018Bu davan\u0131n hukuki bir dayana\u011f\u0131 yoktur&#8217;\u00a0ifadelerini kulland\u0131.<\/strong><span id=\"more-82334\"><\/span><\/p>\n<p class=\"selectionShareable\" style=\"color: #0a0a0a;\">Petrol Ofisi\u2019nde (<strong>POA\u015e<\/strong>) \u00f6rg\u00fctl\u00fc \u015fekilde\u00a0<strong>akaryak\u0131t ka\u00e7ak\u00e7\u0131l\u0131\u011f\u0131<\/strong>\u00a0yap\u0131ld\u0131\u011f\u0131 iddias\u0131na ili\u015fkin aralar\u0131nda i\u015f\u00a0adam\u0131 Ayd\u0131n Do\u011fan ile Ersin \u00d6zince\u2019nin de bulundu\u011fu 47 san\u0131\u011f\u0131n yarg\u0131land\u0131\u011f\u0131 dava 23 Kas\u0131m tarihine ertelendi.<\/p>\n<p class=\"selectionShareable\" style=\"color: #0a0a0a;\"><a href=\"https:\/\/www.enerjigazetesi.ist\/wp-content\/uploads\/2016\/07\/poas-davasi-23-kasim-tarihine-ertelendi.jpg\"><img loading=\"lazy\" class=\"alignleft size-medium wp-image-55311\" src=\"https:\/\/www.enerjigazetesi.ist\/wp-content\/uploads\/2016\/07\/poas-davasi-23-kasim-tarihine-ertelendi-300x169.jpg\" alt=\"poas-davasi-23-kasim-tarihine-ertelendi\" width=\"300\" height=\"169\" srcset=\"https:\/\/www.enerjigazetesi.ist\/wp-content\/uploads\/2016\/07\/poas-davasi-23-kasim-tarihine-ertelendi-300x169.jpg 300w, https:\/\/www.enerjigazetesi.ist\/wp-content\/uploads\/2016\/07\/poas-davasi-23-kasim-tarihine-ertelendi-500x282.jpg 500w, https:\/\/www.enerjigazetesi.ist\/wp-content\/uploads\/2016\/07\/poas-davasi-23-kasim-tarihine-ertelendi-80x45.jpg 80w, https:\/\/www.enerjigazetesi.ist\/wp-content\/uploads\/2016\/07\/poas-davasi-23-kasim-tarihine-ertelendi.jpg 620w\" sizes=\"(max-width: 300px) 100vw, 300px\" \/><\/a>\u0130stanbul 1. A\u011f\u0131r Ceza Mahkemesi\u2019ndeki ilk duru\u015fmaya, tutuksuz san\u0131klardan Ayd\u0131n Do\u011fan, Ahmet Vural Ak\u0131\u015f\u0131k, Mevl\u00fct Tufan Darbaz, Ertu\u011frul Feyzi Tuncer, G\u00f6khan K\u00fc\u00e7\u00fckgirgin, \u0130shak \u015eeng\u00fcl, Caner \u00c7imerbi\u00e7er, Hakk\u0131 Ersin \u00d6zince, Adnan Bali, Ali Erdal Aral, \u00d6g\u00fcn \u00c7\u0131nar, Hakan Mumcu, Murat Bekler, As\u0131m Barl\u0131n, Sibel Bircan, Kemal Me\u00e7o, Sibel Fatma Elekda\u011f, Mahmut Magemizo\u011flu, Fahri Kayhan S\u00f6yler, Zeynep Hansu U\u00e7ar, Ali Tuzla, Murat Erdo\u011fan, Serdar Ay\u0131rtman, Yurdaer \u00dcge, Reha Talu, Jan Nahum ve \u00d6mer L\u00fctfi \u0130skefyeli kat\u0131l\u0131m g\u00f6sterdi.<\/p>\n<p class=\"selectionShareable\" style=\"color: #0a0a0a;\">Duru\u015fmada s\u00f6z alan san\u0131k avukatlar\u0131, bu dava dosyas\u0131n\u0131n, Mersin 1. A\u011f\u0131r Ceza Mahkemesi\u2019nde devam eden ba\u015fka bir dava dosyas\u0131 ile hukuki ve fiili ba\u011flant\u0131s\u0131n\u0131n bulundu\u011funu belirtip\u00a0dosyalar\u0131n birle\u015ftirilmesi i\u00e7in Mersin\u2019deki ilgili mahkemeye g\u00f6nderilmesi talebinde bulundu.<\/p>\n<p class=\"selectionShareable\" style=\"color: #0a0a0a;\">Ayd\u0131n Do\u011fan\u2019\u0131n avukat\u0131 K\u00f6ksal Bayraktar, Mersin 1. A\u011f\u0131r Ceza Mahkemesi\u2019nde ayn\u0131 konuyla ilgili dava a\u00e7\u0131ld\u0131\u011f\u0131n\u0131 belirterek, \u201cMersin\u2019deki davada 6 duru\u015fma yap\u0131ld\u0131. Hatta davada esasa ge\u00e7ilerek san\u0131klar\u0131n ifadeleri al\u0131nd\u0131. Ceza Muhakemesi Kanununun illgili h\u00fck\u00fcmleri gayet a\u00e7\u0131kt\u0131r. Mersin 1. A\u011f\u0131r Ceza Mahkemesi\u2019ndeki dosya ile birlikte g\u00f6r\u00fclmesini ve dosyan\u0131n g\u00f6nderilmesini talep ediyoruz\u201d dedi.<\/p>\n<p class=\"selectionShareable\" style=\"color: #0a0a0a;\">G\u00fcmr\u00fck ve Ticaret Bakanl\u0131\u011f\u0131\u2019n\u0131 temsil eden avukat G\u00f6zde \u0130lay Damat, bakanl\u0131\u011f\u0131n su\u00e7tan zarar g\u00f6rd\u00fc\u011f\u00fcn\u00fc \u00f6ne s\u00fcrerek, \u201cBiz celse aras\u0131 kat\u0131lma talebini i\u00e7erir dilek\u00e7emizi mahkemenize sunmu\u015ftuk. O talebimiz do\u011frultusunda su\u00e7tan zarar g\u00f6rmemiz dolay\u0131s\u0131yla davaya kat\u0131lma talebimiz vard\u0131r. Bu konuda karar verilsin\u201d ifadelerine yer verdi.<\/p>\n<p class=\"selectionShareable\" style=\"color: #0a0a0a;\">Duru\u015fmada ara karar\u0131n\u0131 a\u00e7\u0131klayan mahkeme heyeti, su\u00e7tan zarar g\u00f6rme ihtimaline binaen Ceza Muhakemeleri Kanunu\u2019nun 237. maddesi gere\u011fince G\u00fcmr\u00fck ve Ticaret Bakanl\u0131\u011f\u0131\u2019n\u0131n davaya kat\u0131lma talebinin kabul\u00fcne h\u00fckmetti.<\/p>\n<p class=\"selectionShareable\" style=\"color: #0a0a0a;\">Dava dosyas\u0131n\u0131n Mersin 1. A\u011f\u0131r Ceza Mahkemesi\u2019ne incelenmek \u00fczere g\u00f6nderilmesine karar veren mahkeme heyeti, Mersin 1. A\u011f\u0131r Ceza Mahkemesi\u2019nin birle\u015ftirmeye ili\u015fkin yeniden g\u00f6r\u00fc\u015f istedi.<\/p>\n<p class=\"selectionShareable\" style=\"color: #0a0a0a;\">Duru\u015fma dava dosyalar\u0131n\u0131n birle\u015ftirilmesi hususunun karara ba\u011flanmas\u0131 i\u00e7in 23 Kas\u0131m tarihine ertelendi.<\/p>\n<p><\/p>","protected":false},"excerpt":{"rendered":"<p>Sorry, this entry is only available in Turkish. For the sake of viewer convenience, the content is shown below in the alternative language. You may click the link to switch the active language. D\u00fcn ba\u015flayan POA\u015e davas\u0131 23 Kas\u0131m\u2019a ertelendi. Ayd\u0131n Do\u011fan, yapt\u0131\u011f\u0131 a\u00e7\u0131klamada, \u2018Bu davan\u0131n hukuki bir dayana\u011f\u0131 yoktur&#8217;\u00a0ifadelerini kulland\u0131. Petrol Ofisi\u2019nde (POA\u015e) \u00f6rg\u00fctl\u00fc [&hellip;]<\/p>\n","protected":false},"author":1,"featured_media":55311,"comment_status":"open","ping_status":"open","sticky":false,"template":"","format":"standard","meta":[],"categories":[53,44],"tags":[5629,23048,63,67,1009,2698,165,30640,59,79,2388,10059,887,2522,16255,30641],"views":987,"_links":{"self":[{"href":"https:\/\/www.enerjigazetesi.ist\/en\/wp-json\/wp\/v2\/posts\/55310"}],"collection":[{"href":"https:\/\/www.enerjigazetesi.ist\/en\/wp-json\/wp\/v2\/posts"}],"about":[{"href":"https:\/\/www.enerjigazetesi.ist\/en\/wp-json\/wp\/v2\/types\/post"}],"author":[{"embeddable":true,"href":"https:\/\/www.enerjigazetesi.ist\/en\/wp-json\/wp\/v2\/users\/1"}],"replies":[{"embeddable":true,"href":"https:\/\/www.enerjigazetesi.ist\/en\/wp-json\/wp\/v2\/comments?post=55310"}],"version-history":[{"count":3,"href":"https:\/\/www.enerjigazetesi.ist\/en\/wp-json\/wp\/v2\/posts\/55310\/revisions"}],"predecessor-version":[{"id":55314,"href":"https:\/\/www.enerjigazetesi.ist\/en\/wp-json\/wp\/v2\/posts\/55310\/revisions\/55314"}],"wp:featuredmedia":[{"embeddable":true,"href":"https:\/\/www.enerjigazetesi.ist\/en\/wp-json\/wp\/v2\/media\/55311"}],"wp:attachment":[{"href":"https:\/\/www.enerjigazetesi.ist\/en\/wp-json\/wp\/v2\/media?parent=55310"}],"wp:term":[{"taxonomy":"category","embeddable":true,"href":"https:\/\/www.enerjigazetesi.ist\/en\/wp-json\/wp\/v2\/categories?post=55310"},{"taxonomy":"post_tag","embeddable":true,"href":"https:\/\/www.enerjigazetesi.ist\/en\/wp-json\/wp\/v2\/tags?post=55310"}],"curies":[{"name":"wp","href":"https:\/\/api.w.org\/{rel}","templated":true}]}}