{"id":55231,"date":"2016-07-11T15:52:12","date_gmt":"2016-07-11T12:52:12","guid":{"rendered":"https:\/\/www.enerjigazetesi.ist\/?p=55231"},"modified":"2016-07-11T15:54:08","modified_gmt":"2016-07-11T12:54:08","slug":"guris-holding-25-6-mwlik-zeliha-res-i-ni-devreye-aldi","status":"publish","type":"post","link":"https:\/\/www.enerjigazetesi.ist\/en\/guris-holding-25-6-mwlik-zeliha-res-i-ni-devreye-aldi\/","title":{"rendered":"(Turkish) G\u00fcri\u015f Holding 25.6 MW&#8217;l\u0131k Zeliha RES\u2019ini Devreye Ald\u0131&#8230;"},"content":{"rendered":"<p class=\"qtranxs-available-languages-message qtranxs-available-languages-message-en\">Sorry, this entry is only available in <a href=\"https:\/\/www.enerjigazetesi.ist\/tr\/wp-json\/wp\/v2\/posts\/55231\" class=\"qtranxs-available-language-link qtranxs-available-language-link-tr\" title=\"Turkish\">Turkish<\/a>. For the sake of viewer convenience, the content is shown below in the alternative language. You may click the link to switch the active language.<\/p><p><strong>G\u00fcri\u015f Holding, K\u0131rklareli\u2019nde kurulu olan\u00a0<\/strong><strong>25.6 MW\u2019l\u0131k Zeliha R\u00fczg\u00e2r Enerji Santrali\u2019ni de (RES) portf\u00f6y\u00fcne ekledi. B\u00f6ylece\u00a0<\/strong><strong>G\u00fcri\u015f, <\/strong><strong>y\u0131lda 92.000.000 kWh elektrik \u00fcretecek Zeliha RES ile birlikte \u2018\u2018<\/strong><strong>Yenilenebilir Enerji\u2019\u2019 \u00fcretimi yapan santral say\u0131s\u0131n\u0131 16\u2019ya \u00e7\u0131karm\u0131\u015f oldu.<\/strong><\/p>\n<p>115 metre t\u00fcrbin y\u00fcksekli\u011fine sahip olan Zeliha RES Siemens SWT-3.2-113 DD t\u00fcrbin ile Direct Drive teknolojisi kullan\u0131larak <a href=\"https:\/\/www.enerjigazetesi.ist\/wp-content\/uploads\/2016\/07\/guris-holding-in-25-6-mwlik-zeliha-res-i-devreye-alindi.jpg\"><img loading=\"lazy\" class=\"alignright size-medium wp-image-55232\" src=\"https:\/\/www.enerjigazetesi.ist\/wp-content\/uploads\/2016\/07\/guris-holding-in-25-6-mwlik-zeliha-res-i-devreye-alindi-300x168.jpg\" alt=\"guris-holding-in-25-6-mwlik-zeliha-res-i-devreye-alindi\" width=\"300\" height=\"168\" srcset=\"https:\/\/www.enerjigazetesi.ist\/wp-content\/uploads\/2016\/07\/guris-holding-in-25-6-mwlik-zeliha-res-i-devreye-alindi-300x168.jpg 300w, https:\/\/www.enerjigazetesi.ist\/wp-content\/uploads\/2016\/07\/guris-holding-in-25-6-mwlik-zeliha-res-i-devreye-alindi-1024x576.jpg 1024w, https:\/\/www.enerjigazetesi.ist\/wp-content\/uploads\/2016\/07\/guris-holding-in-25-6-mwlik-zeliha-res-i-devreye-alindi-500x281.jpg 500w, https:\/\/www.enerjigazetesi.ist\/wp-content\/uploads\/2016\/07\/guris-holding-in-25-6-mwlik-zeliha-res-i-devreye-alindi-80x45.jpg 80w\" sizes=\"(max-width: 300px) 100vw, 300px\" \/><\/a>devreye al\u0131nd\u0131. Zeliha RES y\u0131lda 92.000.000 kWh elektrik \u00fcretimi sa\u011flayarak\u00a030.000 konutun bir y\u0131ll\u0131k elektrik ihtiyac\u0131n\u0131 kar\u015f\u0131layacak.<\/p>\n<p>2000 y\u0131l\u0131ndan beri r\u00fczg\u00e2r enerjisi alan\u0131nda \u00e7\u00f6z\u00fcmler \u00fcreten G\u00fcri\u015f, yeni yat\u0131r\u0131m\u0131yla birlikte r\u00fczg\u00e2r enerji santralleri kurulu g\u00fcc\u00fcn\u00fc 288,6 MW\u2019a, RES say\u0131s\u0131n\u0131 da 5\u2019e \u00e7\u0131kard\u0131. G\u00fcri\u015f Holding, toplam\u0131 285.2 MW olan 3 adet r\u00fczg\u00e2r enerji santralinin yat\u0131r\u0131m\u0131na da devam etmektedir.<\/p>\n<p><strong>R\u00fczg\u00e2r Enerjisi \u0130le Y\u0131lda 900 milyon kWh Elektrik \u00dcretimi Sa\u011flanacak<\/strong><\/p>\n<p>G\u00fcri\u015f Holding\u2019in Afyon Dinar\u2019da bulunan 115 MW\u2019l\u0131k r\u00fczg\u00e2r enerji santrali (RES) T\u00fcrkiye\u2019nin en fazla enerji \u00fcreten r\u00fczg\u00e2r santralleri aras\u0131nda yer almaktad\u0131r<em>. <\/em>\u00dclke olarak artan enerji ihtiyac\u0131n\u0131 kar\u015f\u0131lamak, enerjide d\u0131\u015fa ba\u011f\u0131ml\u0131l\u0131\u011f\u0131m\u0131z\u0131 azaltmak ve yerli kaynaklardan enerji \u00fcretmek i\u00e7in \u00e7al\u0131\u015fan G\u00fcri\u015f, bu y\u0131l 900 milyon kWh enerji\u2019yi sadece r\u00fczg\u00e2r enerjisinden \u00fcretmeyi planlamaktad\u0131r.<\/p>","protected":false},"excerpt":{"rendered":"<p>Sorry, this entry is only available in Turkish. For the sake of viewer convenience, the content is shown below in the alternative language. You may click the link to switch the active language.G\u00fcri\u015f Holding, K\u0131rklareli\u2019nde kurulu olan\u00a025.6 MW\u2019l\u0131k Zeliha R\u00fczg\u00e2r Enerji Santrali\u2019ni de (RES) portf\u00f6y\u00fcne ekledi. B\u00f6ylece\u00a0G\u00fcri\u015f, y\u0131lda 92.000.000 kWh elektrik \u00fcretecek Zeliha RES ile [&hellip;]<\/p>\n","protected":false},"author":1,"featured_media":55232,"comment_status":"open","ping_status":"open","sticky":false,"template":"","format":"standard","meta":[],"categories":[53,50],"tags":[19,63,67,1009,2698,165,6320,474,233,231,312,105,30599],"views":1840,"_links":{"self":[{"href":"https:\/\/www.enerjigazetesi.ist\/en\/wp-json\/wp\/v2\/posts\/55231"}],"collection":[{"href":"https:\/\/www.enerjigazetesi.ist\/en\/wp-json\/wp\/v2\/posts"}],"about":[{"href":"https:\/\/www.enerjigazetesi.ist\/en\/wp-json\/wp\/v2\/types\/post"}],"author":[{"embeddable":true,"href":"https:\/\/www.enerjigazetesi.ist\/en\/wp-json\/wp\/v2\/users\/1"}],"replies":[{"embeddable":true,"href":"https:\/\/www.enerjigazetesi.ist\/en\/wp-json\/wp\/v2\/comments?post=55231"}],"version-history":[{"count":3,"href":"https:\/\/www.enerjigazetesi.ist\/en\/wp-json\/wp\/v2\/posts\/55231\/revisions"}],"predecessor-version":[{"id":55235,"href":"https:\/\/www.enerjigazetesi.ist\/en\/wp-json\/wp\/v2\/posts\/55231\/revisions\/55235"}],"wp:featuredmedia":[{"embeddable":true,"href":"https:\/\/www.enerjigazetesi.ist\/en\/wp-json\/wp\/v2\/media\/55232"}],"wp:attachment":[{"href":"https:\/\/www.enerjigazetesi.ist\/en\/wp-json\/wp\/v2\/media?parent=55231"}],"wp:term":[{"taxonomy":"category","embeddable":true,"href":"https:\/\/www.enerjigazetesi.ist\/en\/wp-json\/wp\/v2\/categories?post=55231"},{"taxonomy":"post_tag","embeddable":true,"href":"https:\/\/www.enerjigazetesi.ist\/en\/wp-json\/wp\/v2\/tags?post=55231"}],"curies":[{"name":"wp","href":"https:\/\/api.w.org\/{rel}","templated":true}]}}