{"id":55151,"date":"2016-07-09T15:27:11","date_gmt":"2016-07-09T12:27:11","guid":{"rendered":"https:\/\/www.enerjigazetesi.ist\/?p=55151"},"modified":"2016-07-09T15:27:11","modified_gmt":"2016-07-09T12:27:11","slug":"ingiltere-gunes-enerjisinde-10-gw-sinirini-asti","status":"publish","type":"post","link":"https:\/\/www.enerjigazetesi.ist\/en\/ingiltere-gunes-enerjisinde-10-gw-sinirini-asti\/","title":{"rendered":"(Turkish) \u0130ngiltere G\u00fcne\u015f Enerjisinde 10 GW S\u0131n\u0131r\u0131n\u0131 A\u015ft\u0131&#8230;"},"content":{"rendered":"<p class=\"qtranxs-available-languages-message qtranxs-available-languages-message-en\">Sorry, this entry is only available in <a href=\"https:\/\/www.enerjigazetesi.ist\/tr\/wp-json\/wp\/v2\/posts\/55151\" class=\"qtranxs-available-language-link qtranxs-available-language-link-tr\" title=\"Turkish\">Turkish<\/a>. For the sake of viewer convenience, the content is shown below in the alternative language. You may click the link to switch the active language.<\/p><p><\/p>\n<p style=\"color: #222222;\"><strong>\u0130ngiltere&#8217;nin g\u00fcne\u015f enerjisinde ki 10 GW\u2019l\u0131k kurulu g\u00fcc\u00fcn\u00fc a\u015ft\u0131\u011f\u0131\u00a0bildirildi.<\/strong><\/p>\n<p style=\"color: #222222;\">Birle\u015fik Krall\u0131k Enerji ve \u0130klim De\u011fi\u015fikli\u011fi Bakanl\u0131\u011f\u0131 taraf\u0131ndan a\u00e7\u0131klanan veriler ile\u00a0\u00fclkenin bu alandaki elektrik \u00fcretim kapasitesi May\u0131s ay\u0131nd<a href=\"https:\/\/www.enerjigazetesi.ist\/wp-content\/uploads\/2014\/04\/bu-yil-ingilterede-gunes-yili-olacak.jpg\"><img loading=\"lazy\" class=\"alignleft size-medium wp-image-25879\" src=\"https:\/\/www.enerjigazetesi.ist\/wp-content\/uploads\/2014\/04\/bu-yil-ingilterede-gunes-yili-olacak-300x193.jpg\" alt=\"ingilterede-gunes-yili\" width=\"300\" height=\"193\" srcset=\"https:\/\/www.enerjigazetesi.ist\/wp-content\/uploads\/2014\/04\/bu-yil-ingilterede-gunes-yili-olacak-300x193.jpg 300w, https:\/\/www.enerjigazetesi.ist\/wp-content\/uploads\/2014\/04\/bu-yil-ingilterede-gunes-yili-olacak-77x50.jpg 77w, https:\/\/www.enerjigazetesi.ist\/wp-content\/uploads\/2014\/04\/bu-yil-ingilterede-gunes-yili-olacak.jpg 422w\" sizes=\"(max-width: 300px) 100vw, 300px\" \/><\/a>a 99 GW d\u00fczeyinde art\u0131\u015f g\u00f6stererek 10.265 MW\u2019a\u00a0\u00e7\u0131kt\u0131.<\/p>\n<p style=\"color: #222222;\">Y\u0131l\u0131n ilk be\u015f ay\u0131ndaki art\u0131\u015f 920 MW olurken, ge\u00e7ti\u011fimiz y\u0131l ayn\u0131 d\u00f6neminde art\u0131\u015f ise 2.691 MW oldu.<\/p>\n<p style=\"color: #222222;\">\u0130ngiltere\u2019nin g\u00fcne\u015f elektri\u011fi g\u00fcc\u00fcn\u00fcn 2.426 MW \u2019l\u0131k k\u0131sm\u0131n\u0131 4 kW ve alt\u0131, 189 MW\u2019l\u0131k k\u0131sm\u0131n\u0131 4 kW ila 10 kW aras\u0131ndaki, 692 MW\u2019l\u0131k k\u0131sm\u0131n\u0131 10 kW ila 50 kW aras\u0131ndaki, 1.690 MW\u2019l\u0131k k\u0131sm\u0131n\u0131 50 kW ila 5 MW, 4.013 MW\u2019l\u0131k k\u0131sm\u0131n\u0131 ise 5 ila 25 MW aras\u0131ndaki g\u00fcce sahip sistemler olu\u015fturmaktad\u0131r. 25 MW\u2019\u0131n \u00fczerindeki kurulumlar ise 1.236 MW\u2019l\u0131k\u00a0b\u00fcy\u00fckl\u00fc\u011fe sahip.<\/p>\n<p style=\"color: #222222;\">\u00dclkenin g\u00fcne\u015f elektri\u011fi g\u00fcc\u00fc 882.440 ayr\u0131 kurulumdan olu\u015fmaktad\u0131r.<\/p>\n<p style=\"color: #222222;\"><strong>Birle\u015fik Krall\u0131k Enerji ve \u0130klim De\u011fi\u015fikli\u011fi Bakanl\u0131\u011f\u0131 <\/strong>taraf\u0131ndan \u00fclkenin <strong>g\u00fcne\u015f elektri\u011fi<\/strong> alan\u0131ndaki kurulu g\u00fcc\u00fcn\u00fcn 2020 y\u0131l\u0131nda <strong>22 GW\u2019a <\/strong>ula\u015f\u0131p\u00a0\u00fclkenin elektrik talebinin <strong>y\u00fczde 15<\/strong> oran\u0131nda<strong> yenilenebilir enerji kaynaklar\u0131ndan<\/strong> sa\u011flanmas\u0131n\u0131n hedeflendi\u011fi belirtildi.<\/p>\n<p><\/p>","protected":false},"excerpt":{"rendered":"<p>Sorry, this entry is only available in Turkish. For the sake of viewer convenience, the content is shown below in the alternative language. You may click the link to switch the active language. \u0130ngiltere&#8217;nin g\u00fcne\u015f enerjisinde ki 10 GW\u2019l\u0131k kurulu g\u00fcc\u00fcn\u00fc a\u015ft\u0131\u011f\u0131\u00a0bildirildi. Birle\u015fik Krall\u0131k Enerji ve \u0130klim De\u011fi\u015fikli\u011fi Bakanl\u0131\u011f\u0131 taraf\u0131ndan a\u00e7\u0131klanan veriler ile\u00a0\u00fclkenin bu alandaki [&hellip;]<\/p>\n","protected":false},"author":1,"featured_media":25879,"comment_status":"open","ping_status":"open","sticky":false,"template":"","format":"standard","meta":[],"categories":[53,49],"tags":[63,67,1009,2698,165,227,1169,13,23133,22975,4269,1092],"views":839,"_links":{"self":[{"href":"https:\/\/www.enerjigazetesi.ist\/en\/wp-json\/wp\/v2\/posts\/55151"}],"collection":[{"href":"https:\/\/www.enerjigazetesi.ist\/en\/wp-json\/wp\/v2\/posts"}],"about":[{"href":"https:\/\/www.enerjigazetesi.ist\/en\/wp-json\/wp\/v2\/types\/post"}],"author":[{"embeddable":true,"href":"https:\/\/www.enerjigazetesi.ist\/en\/wp-json\/wp\/v2\/users\/1"}],"replies":[{"embeddable":true,"href":"https:\/\/www.enerjigazetesi.ist\/en\/wp-json\/wp\/v2\/comments?post=55151"}],"version-history":[{"count":1,"href":"https:\/\/www.enerjigazetesi.ist\/en\/wp-json\/wp\/v2\/posts\/55151\/revisions"}],"predecessor-version":[{"id":55152,"href":"https:\/\/www.enerjigazetesi.ist\/en\/wp-json\/wp\/v2\/posts\/55151\/revisions\/55152"}],"wp:featuredmedia":[{"embeddable":true,"href":"https:\/\/www.enerjigazetesi.ist\/en\/wp-json\/wp\/v2\/media\/25879"}],"wp:attachment":[{"href":"https:\/\/www.enerjigazetesi.ist\/en\/wp-json\/wp\/v2\/media?parent=55151"}],"wp:term":[{"taxonomy":"category","embeddable":true,"href":"https:\/\/www.enerjigazetesi.ist\/en\/wp-json\/wp\/v2\/categories?post=55151"},{"taxonomy":"post_tag","embeddable":true,"href":"https:\/\/www.enerjigazetesi.ist\/en\/wp-json\/wp\/v2\/tags?post=55151"}],"curies":[{"name":"wp","href":"https:\/\/api.w.org\/{rel}","templated":true}]}}