{"id":5508,"date":"2013-01-23T10:28:57","date_gmt":"2013-01-23T07:28:57","guid":{"rendered":"https:\/\/www.enerjigazetesi.ist\/?p=5508"},"modified":"2013-01-23T11:09:20","modified_gmt":"2013-01-23T08:09:20","slug":"calik-yedasin-aile-ici-verimli-enerji-kullanimi-egitimi","status":"publish","type":"post","link":"https:\/\/www.enerjigazetesi.ist\/en\/calik-yedasin-aile-ici-verimli-enerji-kullanimi-egitimi\/","title":{"rendered":"(Turkish) \u00c7al\u0131k Yeda\u015f&#8217;dan  Verimli Enerji Kullan\u0131m\u0131 E\u011fitimi \u0130le Enerji Verimlili\u011fi"},"content":{"rendered":"<p class=\"qtranxs-available-languages-message qtranxs-available-languages-message-en\">Sorry, this entry is only available in <a href=\"https:\/\/www.enerjigazetesi.ist\/tr\/wp-json\/wp\/v2\/posts\/5508\" class=\"qtranxs-available-language-link qtranxs-available-language-link-tr\" title=\"Turkish\">Turkish<\/a>. For the sake of viewer convenience, the content is shown below in the alternative language. You may click the link to switch the active language.<\/p><p><strong>Enerji kay\u0131plar\u0131n\u0131 \u00f6nlemek i\u00e7in Avrupa standartlar\u0131nda teknik donan\u0131ma sahip\u00a0 olan \u00c7al\u0131k YEDA\u015e, evde enerji verimli\u011fi k\u00fclt\u00fcr\u00fcn\u00fc yayg\u0131nla\u015ft\u0131rmak i\u00e7in\u00a0 &#8216;han\u0131mlara&#8217; e\u011fitim start\u0131n\u0131 verdi.<\/strong><\/p>\n<p>\u00c7al\u0131k YEDA\u015e, enerji verimlili\u011fi konusunda e\u011fitti\u011fi g\u00f6n\u00fcll\u00fc \u00e7al\u0131\u015fanlar\u0131 arac\u0131l\u0131\u011f\u0131yla, verimlilik k\u00fclt\u00fcr\u00fcn\u00fc her eve, her aileye, her ev kad\u0131n\u0131na, her\u00a0 \u00e7ocu\u011fa ta\u015f\u0131ma r\u00fcyas\u0131n\u0131 ger\u00e7ekle\u015ftirmek i\u00e7in d\u00fczenledi\u011fi \u201cVerimli Enerji\u00a0 Kullan\u0131m\u0131\u201d e\u011fitimlerine ba\u015fl\u0131yor.<\/p>\n<p><img loading=\"lazy\" class=\"alignright size-medium wp-image-5510\" title=\"calik-yedas-enerji-verimliligi-egitimi\" src=\"https:\/\/www.enerjigazetesi.ist\/wp-content\/uploads\/2013\/01\/calik-yedas-enerji-verimliligi-egitimi1-300x225.jpg\" alt=\"\" width=\"300\" height=\"225\" srcset=\"https:\/\/www.enerjigazetesi.ist\/wp-content\/uploads\/2013\/01\/calik-yedas-enerji-verimliligi-egitimi1-300x225.jpg 300w, https:\/\/www.enerjigazetesi.ist\/wp-content\/uploads\/2013\/01\/calik-yedas-enerji-verimliligi-egitimi1-66x50.jpg 66w, https:\/\/www.enerjigazetesi.ist\/wp-content\/uploads\/2013\/01\/calik-yedas-enerji-verimliligi-egitimi1.jpg 384w\" sizes=\"(max-width: 300px) 100vw, 300px\" \/>Samsun, Ordu, \u00c7orum, Amasya ve Sinop illerinin elektrik da\u011f\u0131t\u0131m\u0131n\u0131 g\u00f6revini\u00a0 \u00fcstlenen \u00c7al\u0131k YEDA\u015e, enerji kay\u0131plar\u0131n\u0131 \u00f6nlemek i\u00e7in Avrupa standartlar\u0131nda \u015febekeyi uzaktan izleyip, ar\u0131zalara uzaktan m\u00fcdahale etmek \u00fczere SCADA\/DMS (Data \u0130zleme, Kaydetme ve \u015eebeke Y\u00f6netimi) projesini hayata ge\u00e7irirken, enerji\u00a0 verimlili\u011fini yayg\u0131nla\u015ft\u0131rmak i\u00e7in bununla da yetinmiyor. Bayanlara y\u00f6nelik\u00a0 d\u00fczenledi\u011fi \u2018Enerjimizi Verimli Kullanal\u0131m\u2019 konulu e\u011fitimlerine ba\u015flayacak olan\u00a0 \u00c7al\u0131k YEDA\u015e, sorumluluk alan\u0131ndaki 5 ilde girmedik mahalle, \u00e7almad\u0131k kap\u0131 b\u0131rakmayacak. &#8216;Mesken tipi elektrik t\u00fcketiminde&#8217; verimli enerji kullan\u0131m\u0131n\u0131 bilin\u00e7lendirmeyi ve fark\u0131ndal\u0131k olu\u015fturmay\u0131 ama\u00e7layan \u015firket, 5 ilde belirlenen\u00a0 g\u00fcn ve yerlerde e\u011fitim toplant\u0131lar\u0131 d\u00fczenleyerek, t\u00fcm ev han\u0131mlar\u0131na ula\u015fmay\u0131 planl\u0131yor. Enerjinin evlerde verimli kullan\u0131m\u0131ndan sa\u011flanacak her birim kazanc\u0131 \u00fcretime d\u00f6n\u00fc\u015ft\u00fcrmeyi en b\u00fcy\u00fck hayali olarak belirleyen \u00c7al\u0131k YEDA\u015e, e\u011fitti\u011fi\u00a0 g\u00f6n\u00fcll\u00fc \u00e7al\u0131\u015fanlar\u0131 arac\u0131l\u0131\u011f\u0131yla, verimlilik k\u00fclt\u00fcr\u00fcn\u00fc her eve, her aileye, her\u00a0 ev kad\u0131n\u0131na, her \u00e7ocu\u011fa ta\u015f\u0131may\u0131 hedefliyor.<\/p>\n<p>\u00c7al\u0131k YEDA\u015e&#8217;\u0131n \u201cEnerjimiz Verimli Kullanal\u0131m\u201d projesi, \u2018Enerjimizi Harekete\u00a0 Ge\u00e7iriyoruz\u2019 temas\u0131yla haz\u0131rlad\u0131\u011f\u0131, ekonomik, \u00e7evresel ve sosyal olmak \u00fczere ele\u00a0 al\u0131nan 14 kurumsal sosyal sorumluluk projelerinden birini olu\u015fturuyor. \u201cVerimli\u00a0 Enerji Kullan\u0131m\u0131 Kazand\u0131r\u0131r! Hepimize!\u201d ve \u201cSizin Kazanc\u0131n\u0131z, T\u00fcrkiye\u2019nin\u00a0 Kazanc\u0131\u201d slogan\u0131yla b\u00f6lge halk\u0131nda fark\u0131ndal\u0131k olu\u015fturmay\u0131 ama\u00e7layan \u00c7al\u0131k YEDA\u015e Genel M\u00fcd\u00fcr\u00fc Nurettin T\u00fcrko\u011flu, \u201cB\u00f6lgemizde a\u011f\u0131rl\u0131kl\u0131 olarak mesken tipi\u00a0 elektrik t\u00fcketiminin verimli kullan\u0131m\u0131 ve buradan elde edilen art\u0131 de\u011ferin\u00a0 \u00fcretime kayd\u0131r\u0131lmas\u0131 bir \u00c7al\u0131k YEDA\u015e r\u00fcyas\u0131d\u0131r. Bu r\u00fcyay\u0131 ger\u00e7ekle\u015ftirmekte\u00a0 kararl\u0131 ve inan\u00e7l\u0131y\u0131z. G\u00f6n\u00fcll\u00fc \u00e7al\u0131\u015fanlar\u0131m\u0131z\u0131 enerji verimlili\u011fi ve elektri\u011fin\u00a0 yayg\u0131n kullan\u0131m\u0131 konular\u0131nda e\u011fitmeyi ve e\u011fitti\u011fimiz \u00e7al\u0131\u015fanlar\u0131m\u0131z\u0131n \u00f6zellikle\u00a0 sizler ve ev kad\u0131nlar\u0131 arac\u0131l\u0131\u011f\u0131yla verimlilik kavram\u0131n\u0131 \u00f6zellikle t\u00fcm b\u00f6lgeye\u00a0 yayg\u0131nla\u015ft\u0131r\u0131p yerle\u015ftirmesini hedefliyoruz. Asl\u0131nda bu projemiz bizim ekonomik,\u00a0 \u00e7evresel ve sosyal olmak \u00fczere ele ald\u0131\u011f\u0131m\u0131z 14 kurumsal sosyal sorumluluk\u00a0 projemizden birisi olup, 2012-2015 d\u00f6nemine ait planlamas\u0131 kapsam\u0131nda y\u00fcr\u00fct\u00fclen\u00a0 bir \u00e7al\u0131\u015fmad\u0131r. Bug\u00fcnlerde kamuoyunun g\u00fcndemine gelen Enerji ile Aile\u00a0 Bakanl\u0131\u011f\u0131\u2019n\u0131n ortakla\u015fa koordinat\u00f6rl\u00fc\u011f\u00fcnde y\u00fcr\u00fct\u00fclen \u2018Enerji Han\u0131m Projesi\u2019nde\u00a0 ama\u00e7land\u0131\u011f\u0131 gibi, bir toplumun refah\u0131nda kad\u0131nlar\u0131m\u0131za \u00e7ok b\u00fcy\u00fck g\u00f6revler\u00a0 d\u00fc\u015ft\u00fc\u011f\u00fcne inan\u0131yoruz\u201d dedi.<\/p>\n<p>Kaynak :\u00a0 <a href=\"http:\/\/www.haber3.com\/calik-yedasin-aile-ici-enerji-acilimi-haberi-1742557h.htm#ixzz2ImWIWOeS\" target=\"_blank\">Haber3<\/a><\/p>","protected":false},"excerpt":{"rendered":"<p>Sorry, this entry is only available in Turkish. For the sake of viewer convenience, the content is shown below in the alternative language. You may click the link to switch the active language.Enerji kay\u0131plar\u0131n\u0131 \u00f6nlemek i\u00e7in Avrupa standartlar\u0131nda teknik donan\u0131ma sahip\u00a0 olan \u00c7al\u0131k YEDA\u015e, evde enerji verimli\u011fi k\u00fclt\u00fcr\u00fcn\u00fc yayg\u0131nla\u015ft\u0131rmak i\u00e7in\u00a0 &#8216;han\u0131mlara&#8217; e\u011fitim start\u0131n\u0131 verdi. \u00c7al\u0131k [&hellip;]<\/p>\n","protected":false},"author":1,"featured_media":5510,"comment_status":"open","ping_status":"open","sticky":false,"template":"","format":"standard","meta":[],"categories":[53,52],"tags":[1951,1726,1949,67,12,1950],"views":1434,"_links":{"self":[{"href":"https:\/\/www.enerjigazetesi.ist\/en\/wp-json\/wp\/v2\/posts\/5508"}],"collection":[{"href":"https:\/\/www.enerjigazetesi.ist\/en\/wp-json\/wp\/v2\/posts"}],"about":[{"href":"https:\/\/www.enerjigazetesi.ist\/en\/wp-json\/wp\/v2\/types\/post"}],"author":[{"embeddable":true,"href":"https:\/\/www.enerjigazetesi.ist\/en\/wp-json\/wp\/v2\/users\/1"}],"replies":[{"embeddable":true,"href":"https:\/\/www.enerjigazetesi.ist\/en\/wp-json\/wp\/v2\/comments?post=5508"}],"version-history":[{"count":4,"href":"https:\/\/www.enerjigazetesi.ist\/en\/wp-json\/wp\/v2\/posts\/5508\/revisions"}],"predecessor-version":[{"id":5524,"href":"https:\/\/www.enerjigazetesi.ist\/en\/wp-json\/wp\/v2\/posts\/5508\/revisions\/5524"}],"wp:featuredmedia":[{"embeddable":true,"href":"https:\/\/www.enerjigazetesi.ist\/en\/wp-json\/wp\/v2\/media\/5510"}],"wp:attachment":[{"href":"https:\/\/www.enerjigazetesi.ist\/en\/wp-json\/wp\/v2\/media?parent=5508"}],"wp:term":[{"taxonomy":"category","embeddable":true,"href":"https:\/\/www.enerjigazetesi.ist\/en\/wp-json\/wp\/v2\/categories?post=5508"},{"taxonomy":"post_tag","embeddable":true,"href":"https:\/\/www.enerjigazetesi.ist\/en\/wp-json\/wp\/v2\/tags?post=5508"}],"curies":[{"name":"wp","href":"https:\/\/api.w.org\/{rel}","templated":true}]}}