{"id":55077,"date":"2016-09-17T16:04:42","date_gmt":"2016-09-17T13:04:42","guid":{"rendered":"https:\/\/www.enerjigazetesi.ist\/?p=55077"},"modified":"2016-09-22T11:44:11","modified_gmt":"2016-09-22T08:44:11","slug":"enerji-kongresi-ve-enerji-konferansi-turkey-energy-congress-sponsors-exhibition","status":"publish","type":"post","link":"https:\/\/www.enerjigazetesi.ist\/en\/enerji-kongresi-ve-enerji-konferansi-turkey-energy-congress-sponsors-exhibition\/","title":{"rendered":"(Turkish) 8 inci T\u00fcrkiye Enerji Kongre ve Konferans\u0131 \u0130stanbul&#8217;da D\u00fczenlenecektir!"},"content":{"rendered":"<p class=\"qtranxs-available-languages-message qtranxs-available-languages-message-en\">Sorry, this entry is only available in <a href=\"https:\/\/www.enerjigazetesi.ist\/tr\/wp-json\/wp\/v2\/posts\/55077\" class=\"qtranxs-available-language-link qtranxs-available-language-link-tr\" title=\"Turkish\">Turkish<\/a>. For the sake of viewer convenience, the content is shown below in the alternative language. You may click the link to switch the active language.<\/p><p><\/p>\n<h1 class=\"ox-346a81caba-ox-c021afa33a-msonormal\">8 inci T\u00fcrkiye Enerji Kongre ve Konferans\u0131 2016|\u00a0<strong>8<sup>th\u00a0<\/sup>Turkey Energy Congress &amp; Sponsors Exhibition 2016<\/strong><\/h1>\n<p class=\"ox-346a81caba-ox-c021afa33a-msonormal\"><span style=\"color: #ff0000;\"><strong>***Enerji Gazetesi<\/strong> <em>\u00fcye, okur ve takip\u00e7ilerine<\/em>\u00a0\u00f6zel <strong>%15<\/strong>\u00a0<strong>\u00d6ZEL \u0130ND\u0130R\u0130M <\/strong>ile konferansa\u00a0<strong>kay\u0131t i\u00e7in<\/strong>\u00a0l\u00fctfen <span style=\"text-decoration: underline;\"><strong>bizimle a\u015fa\u011f\u0131daki ileti\u015fim bilgilerinden<\/strong><\/span> irtibata ge\u00e7iniz.***<\/span><\/p>\n<p class=\"ox-346a81caba-ox-c021afa33a-msonormal\">Bu y\u0131l 8\u00a0incisi\u00a0\u0130stanbul&#8217;da ger\u00e7ekle\u015fecek olan <em>Enerji Kongre\u00a0ve Konferans\u0131\u00a0&#8216;<\/em><strong>\u00a08<sup>th\u00a0<\/sup><span style=\"text-decoration: underline;\">Turkey Energy Congress &amp; Sponsors \u2019 Exhibition 2016,<\/span>\u00a022 Eyl\u00fcl Per\u015fembe g\u00fcn\u00fc <\/strong>\u0130stanbul&#8217;un\u00a0<em>en\u00a0g\u00f6zde otellerinden<\/em> olan <strong>Movenpick Hotel 4.Levent\u2019te\u00a0<\/strong>d\u00fczenlenecektir<a href=\"https:\/\/www.enerjigazetesi.ist\/wp-content\/uploads\/2016\/05\/diel-dogalgaz-petrol-ve-yenilenebilir-enerji-icin-turk-ortaklarla-calisin.jpg\"><img loading=\"lazy\" class=\"alignright size-medium wp-image-52588\" src=\"https:\/\/www.enerjigazetesi.ist\/wp-content\/uploads\/2016\/05\/diel-dogalgaz-petrol-ve-yenilenebilir-enerji-icin-turk-ortaklarla-calisin-300x235.jpg\" alt=\"dogalgaz-petrol-ve-yenilenebilir-enerji\" width=\"300\" height=\"235\" srcset=\"https:\/\/www.enerjigazetesi.ist\/wp-content\/uploads\/2016\/05\/diel-dogalgaz-petrol-ve-yenilenebilir-enerji-icin-turk-ortaklarla-calisin-300x235.jpg 300w, https:\/\/www.enerjigazetesi.ist\/wp-content\/uploads\/2016\/05\/diel-dogalgaz-petrol-ve-yenilenebilir-enerji-icin-turk-ortaklarla-calisin-63x50.jpg 63w, https:\/\/www.enerjigazetesi.ist\/wp-content\/uploads\/2016\/05\/diel-dogalgaz-petrol-ve-yenilenebilir-enerji-icin-turk-ortaklarla-calisin.jpg 458w\" sizes=\"(max-width: 300px) 100vw, 300px\" \/><\/a>.<\/p>\n<p class=\"ox-346a81caba-ox-c021afa33a-msonormal\"><strong>T\u00fcrkiye\u00a0\u0130\u015f\u00a0Bankas\u0131<\/strong>\u2019n\u0131n <strong><em>Bronz Sponsor <\/em><\/strong>olup<strong><em>\u00a0Vatan, Milliyet ve Enerji Gazetesi&#8217;nin de Medya Partneri<\/em>\u00a0<\/strong>olarak\u00a0katk\u0131lar\u0131 ile ger\u00e7ekle\u015ftirilen bu etkinlikte her y\u0131l\u00a0<strong>enerji sekt\u00f6r\u00fcnden<\/strong>\u00a0bir \u00e7ok <strong>uluslararas\u0131 firma<\/strong> temsilcisi de yer alarak\u00a0T\u00fcrkiye&#8217;de olan enerji sekt\u00f6r\u00fcndeki <strong>geli\u015fmeleri<\/strong>, gelecekteki <strong>yat\u0131r\u0131m firsatlar\u0131n\u0131<\/strong> ve mevcut projelerdeki<strong> geli\u015fmeleri ayr\u0131nt\u0131lar\u0131<\/strong> ile\u00a0yak\u0131ndan <strong>izleme ve \u00f6\u011frenme<\/strong> f\u0131rsat\u0131na sahip olacaklard\u0131r.<\/p>\n<p class=\"ox-346a81caba-ox-c021afa33a-msonormal\">Enerji Kongre ve konferans\u0131nda\u00a0yer alacak <strong>uzman konu\u015fmac\u0131lar<\/strong>, sunumlar\u0131n\u0131 yaparken enerji sekt\u00f6r\u00fcne de\u011fi\u015fik bak\u0131\u015f a\u00e7\u0131lar\u0131 ile derinlikte katacaklard\u0131r. <strong>Yo\u011fun Kat\u0131l\u0131mc\u0131 Deste\u011fi<\/strong> ile bu y\u0131lda etkin ge\u00e7ecek olan konferans\u00a0da ele al\u0131nacak konu ba\u015fl\u0131klar\u0131 \u015fu \u015fekildedir:<\/p>\n<p>T\u00fcrkiye&#8217;nin Enerji yat\u0131r\u0131mlar\u0131\u00a0a\u00e7\u0131s\u0131ndan\u00a0b\u00f6lgedeki etkinli\u011fi, Enerji Projeleri Finansman\u0131, Do\u011falgaz, TANAP, \u00d6zel enerji piyasas\u0131ndaki yap\u0131sal reformlar, Yenilenebilir Enerji kapsam\u0131nda; G\u00fcne\u015f, R\u00fczgar, Hidro Elektrik alan\u0131ndaki geli\u015fme ve firsatlar vs. ve Enerji Verimlili\u011fi&#8230;<\/p>\n<p class=\"ox-346a81caba-ox-c021afa33a-msolistparagraph\"><strong>Sekt\u00f6rdeki Yenilikler ve Finansal Geli\u015fmeler<\/strong><\/p>\n<p class=\"ox-346a81caba-ox-c021afa33a-msonormal\">Her y\u0131l oldu\u011fu gibi bu y\u0131l da\u00a0<strong>8 incisinin<\/strong> d\u00fczenlenece\u011fi <strong>Enerji konferans\u0131<\/strong> yo\u011fun ilgi g\u00f6rmekle birlikte, T\u00fcrkiye&#8217;de<strong> enerji piyasa olu\u015fturucular\u0131<\/strong> ve <strong>enerji duayenleri<\/strong> taraf\u0131ndan da kabul g\u00f6r\u00fcl\u00fcp\u00a0artan\u00a0<strong>ba\u015far\u0131l\u0131 \u00e7izgisi ile\u00a0<\/strong>d\u00fczenlenen enerji\u00a0konferans\u0131 bas\u0131nda da geni\u015f yer bulmaktad\u0131r.<\/p>\n<p class=\"ox-346a81caba-ox-c021afa33a-msonormal\"><strong>Yo\u011fun talebin oldu\u011fu<\/strong> konferans&#8217;\u0131n\u00a0<strong>kat\u0131l\u0131mc\u0131 koltuklar\u0131n\u0131n h\u0131zla dolmakta<\/strong> oldu\u011funu<strong> belirtmek ister<\/strong>,\u00a0<strong>konferans program\u00a0detaylar\u0131na<\/strong> <span style=\"text-decoration: underline;\">a\u015fa\u011f\u0131daki\u00a0<\/span><strong>konferans detay\u0131 ve program\u0131\u00a0<\/strong>linkinden\u00a0bakabilir ayr\u0131ca\u00a0<strong>resmi konferans web sitesini de<\/strong>\u00a0inceleyebilirsiniz.<\/p>\n<p class=\"ox-346a81caba-ox-c021afa33a-msonormal\"><span style=\"text-decoration: underline;\"><strong>Konferans Program\u0131:<\/strong><\/span><\/p>\n<p class=\"ox-346a81caba-ox-c021afa33a-msonormal\"><a href=\"https:\/\/www.enerjigazetesi.ist\/energy-forum.pdf\" target=\"_blank\"><strong>Konferans Program\u0131 ve Detay\u0131 \u0130\u00e7in TIKLAYINIZ&gt;&gt;&gt;<\/strong><\/a><\/p>\n<p class=\"ox-346a81caba-ox-c021afa33a-msonormal\"><strong>Web:<\/strong> \u00a0<a href=\"http:\/\/www.eelevents.co.uk\/turkey-energy-forum-2016\/\" target=\"_blank\">http:\/\/www.eelevents.co.uk\/turkey-energy-forum-2016\/<\/a><\/p>\n<p class=\"ox-346a81caba-ox-c021afa33a-msonormal\"><span style=\"color: #993300;\"><strong>Eyl\u00fcl Ay\u0131na<\/strong>\u00a0Kadar <span style=\"text-decoration: underline;\">Ge\u00e7erli<\/span>\u00a0<strong>Erken Kay\u0131t F\u0131rsat\u0131<\/strong>\u00a0<strong>Fiyatlar\u0131:<\/strong><\/span><\/p>\n<p class=\"ox-346a81caba-ox-c021afa33a-msonormal\"><strong>\u0130ndirimsiz Olarak<\/strong> Konferans <strong>Ki\u015fi Ba\u015f\u0131 Kat\u0131l\u0131m Fiyat\u0131 ( Mail Order \u0130le \u00d6deme )<\/strong>: <span style=\"color: #993300;\"><strong>979 \u00a3 &#8211; Pound ( GBD )<\/strong><\/span><\/p>\n<p class=\"ox-346a81caba-ox-c021afa33a-msonormal\"><strong>\u0130ndirimsiz Olarak \u0130nternet \u00dczerinden Kredi Kart\u0131 \u0130le \u00d6demede \u0130se: <span style=\"color: #993300;\">1033.82 \u00a3 &#8211; Pound ( GBD )<\/span><\/strong><\/p>\n<p><span style=\"color: #ff0000;\"><strong>***Enerji Gazetesi<\/strong> <em>\u00fcye, okur ve takip\u00e7ilerine<\/em>\u00a0\u00f6zel <strong>%15<\/strong>\u00a0<strong>\u00d6ZEL \u0130ND\u0130R\u0130M <\/strong>ile konferansa\u00a0<strong>kay\u0131t i\u00e7in<\/strong>\u00a0l\u00fctfen <strong>bizimle a\u015fa\u011f\u0131daki ileti\u015fim bilgilerinden<\/strong> irtibata ge\u00e7iniz.***<\/span><\/p>\n<h2 class=\"ox-346a81caba-ox-c021afa33a-msonormal\"><span style=\"color: #993300;\"><strong>Kay\u0131t ve Detay Bilgisi \u0130\u00e7in&#8211;&gt; Yetkili:<\/strong><\/span>\u00a0Sarp ALTINEL &#8211; <span style=\"color: #993300;\"><strong>Gsm: <\/strong><\/span>0532 645 90 38 &#8211; <span style=\"color: #993300;\"><strong>Mail:<\/strong><\/span> info@enerjigazetesi.com<\/h2>\n<p><\/p>","protected":false},"excerpt":{"rendered":"<p>Sorry, this entry is only available in Turkish. For the sake of viewer convenience, the content is shown below in the alternative language. You may click the link to switch the active language. 8 inci T\u00fcrkiye Enerji Kongre ve Konferans\u0131 2016|\u00a08th\u00a0Turkey Energy Congress &amp; Sponsors Exhibition 2016 ***Enerji Gazetesi \u00fcye, okur ve takip\u00e7ilerine\u00a0\u00f6zel %15\u00a0\u00d6ZEL \u0130ND\u0130R\u0130M [&hellip;]<\/p>\n","protected":false},"author":1,"featured_media":52588,"comment_status":"open","ping_status":"open","sticky":false,"template":"","format":"standard","meta":[],"categories":[46,53,49,47,44,4,50],"tags":[30559,63,67,1009,977,515,2698,165,12,227,35370,70,69,30561,2297,30560,30558,105],"views":3653,"_links":{"self":[{"href":"https:\/\/www.enerjigazetesi.ist\/en\/wp-json\/wp\/v2\/posts\/55077"}],"collection":[{"href":"https:\/\/www.enerjigazetesi.ist\/en\/wp-json\/wp\/v2\/posts"}],"about":[{"href":"https:\/\/www.enerjigazetesi.ist\/en\/wp-json\/wp\/v2\/types\/post"}],"author":[{"embeddable":true,"href":"https:\/\/www.enerjigazetesi.ist\/en\/wp-json\/wp\/v2\/users\/1"}],"replies":[{"embeddable":true,"href":"https:\/\/www.enerjigazetesi.ist\/en\/wp-json\/wp\/v2\/comments?post=55077"}],"version-history":[{"count":39,"href":"https:\/\/www.enerjigazetesi.ist\/en\/wp-json\/wp\/v2\/posts\/55077\/revisions"}],"predecessor-version":[{"id":57514,"href":"https:\/\/www.enerjigazetesi.ist\/en\/wp-json\/wp\/v2\/posts\/55077\/revisions\/57514"}],"wp:featuredmedia":[{"embeddable":true,"href":"https:\/\/www.enerjigazetesi.ist\/en\/wp-json\/wp\/v2\/media\/52588"}],"wp:attachment":[{"href":"https:\/\/www.enerjigazetesi.ist\/en\/wp-json\/wp\/v2\/media?parent=55077"}],"wp:term":[{"taxonomy":"category","embeddable":true,"href":"https:\/\/www.enerjigazetesi.ist\/en\/wp-json\/wp\/v2\/categories?post=55077"},{"taxonomy":"post_tag","embeddable":true,"href":"https:\/\/www.enerjigazetesi.ist\/en\/wp-json\/wp\/v2\/tags?post=55077"}],"curies":[{"name":"wp","href":"https:\/\/api.w.org\/{rel}","templated":true}]}}