{"id":54990,"date":"2016-07-05T14:33:03","date_gmt":"2016-07-05T11:33:03","guid":{"rendered":"https:\/\/www.enerjigazetesi.ist\/?p=54990"},"modified":"2016-07-05T14:36:02","modified_gmt":"2016-07-05T11:36:02","slug":"agri-ve-tunceliye-yeniden-dogalgaz-dagitim-lisansi-ihalesi","status":"publish","type":"post","link":"https:\/\/www.enerjigazetesi.ist\/en\/agri-ve-tunceliye-yeniden-dogalgaz-dagitim-lisansi-ihalesi\/","title":{"rendered":"(Turkish) A\u011fr\u0131 ve Tunceli\u2019ye Yeniden Do\u011falgaz Da\u011f\u0131t\u0131m Lisans\u0131 \u0130halesi!"},"content":{"rendered":"<p class=\"qtranxs-available-languages-message qtranxs-available-languages-message-en\">Sorry, this entry is only available in <a href=\"https:\/\/www.enerjigazetesi.ist\/tr\/wp-json\/wp\/v2\/posts\/54990\" class=\"qtranxs-available-language-link qtranxs-available-language-link-tr\" title=\"Turkish\">Turkish<\/a>. For the sake of viewer convenience, the content is shown below in the alternative language. You may click the link to switch the active language.<\/p><p><\/p>\n<p class=\"selectionShareable\" style=\"color: #0a0a0a;\"><strong>Enerji Piyasas\u0131 D\u00fczenleme Kurumu (EPDK) Ba\u015fkan\u0131 Mustafa Y\u0131lmaz, A\u011fr\u0131 ve Tunceli i\u00e7in yeniden do\u011falgaz da\u011f\u0131t\u0131m lisans\u0131 ihalesine \u00e7\u0131k\u0131laca\u011f\u0131n\u0131 belirtti.<\/strong><span id=\"more-82167\"><\/span><\/p>\n<p class=\"selectionShareable\" style=\"color: #0a0a0a;\">EPDK\u2019dan yap\u0131lan a\u00e7\u0131klamada de\u011ferlendirmesine yer verilen Y\u0131lmaz, t\u00fcm illerin do\u011falgaz\u0131n sa\u011flad\u0131\u011f\u0131 konfordan yararlanmas\u0131 i\u00e7in \u00e7al\u0131\u015fmalar\u0131n\u0131 s\u00fcrd\u00fcrd\u00fcklerini belirterek, bu y\u0131l\u0131n d\u00f6rd\u00fcnc\u00fc \u00e7eyre\u011finde A\u011fr\u0131 ve Tunceli illerimizin de do\u011falgaz da\u011f\u0131t\u0131m lisans\u0131 kapsam<a href=\"https:\/\/www.enerjigazetesi.ist\/wp-content\/uploads\/2016\/05\/dogalgaz-dagitimina-5-milyar-liralik-yatirim-yapilacak.jpg\"><img loading=\"lazy\" class=\"alignleft size-medium wp-image-53315\" src=\"https:\/\/www.enerjigazetesi.ist\/wp-content\/uploads\/2016\/05\/dogalgaz-dagitimina-5-milyar-liralik-yatirim-yapilacak-300x209.jpg\" alt=\"dogalgaz-dagitim\" width=\"300\" height=\"209\" srcset=\"https:\/\/www.enerjigazetesi.ist\/wp-content\/uploads\/2016\/05\/dogalgaz-dagitimina-5-milyar-liralik-yatirim-yapilacak-300x209.jpg 300w, https:\/\/www.enerjigazetesi.ist\/wp-content\/uploads\/2016\/05\/dogalgaz-dagitimina-5-milyar-liralik-yatirim-yapilacak-1024x716.jpg 1024w, https:\/\/www.enerjigazetesi.ist\/wp-content\/uploads\/2016\/05\/dogalgaz-dagitimina-5-milyar-liralik-yatirim-yapilacak-500x349.jpg 500w, https:\/\/www.enerjigazetesi.ist\/wp-content\/uploads\/2016\/05\/dogalgaz-dagitimina-5-milyar-liralik-yatirim-yapilacak-71x50.jpg 71w, https:\/\/www.enerjigazetesi.ist\/wp-content\/uploads\/2016\/05\/dogalgaz-dagitimina-5-milyar-liralik-yatirim-yapilacak.jpg 1068w\" sizes=\"(max-width: 300px) 100vw, 300px\" \/><\/a>\u0131na al\u0131nmas\u0131 m\u00fcmk\u00fcn olaca\u011f\u0131n\u0131\u00a0ifade etti.<\/p>\n<p class=\"selectionShareable\" style=\"color: #0a0a0a;\">A\u011fr\u0131, Tunceli, Artvin, Hakkari, \u015e\u0131rnak i\u00e7in EPDK taraf\u0131ndan de\u011fi\u015fik tarihlerde \u00e7\u0131k\u0131lan ihalelere yat\u0131r\u0131mc\u0131lar taraf\u0131ndan gereken ilginin g\u00f6sterilmedi\u011fini belirten Y\u0131lmaz, \u015funlar\u0131\u00a0s\u00f6yledi.<\/p>\n<p class=\"selectionShareable\" style=\"color: #0a0a0a;\">\u201cBa\u015fbakan\u0131m\u0131z Binali Y\u0131ld\u0131r\u0131m A\u011fr\u0131\u2019ya do\u011falgaz m\u00fcjdesini ge\u00e7ti\u011fimiz g\u00fcnlerde verdi. Biz de talimatlar\u0131 do\u011frultusunda \u00e7al\u0131\u015fmalar\u0131m\u0131z\u0131 yo\u011fun \u015fekilde s\u00fcrd\u00fcr\u00fclmektedir. EPDK olarak \u015fartlar\u0131 yeniden de\u011ferlendirerek, Do\u011fubayaz\u0131t\u2019\u0131 da kapsayacak \u015fekilde A\u011fr\u0131 ve Tunceli i\u00e7in yeni s\u00fcreci ba\u015flatm\u0131\u015f bulunmaktay\u0131z.\u00a0Yat\u0131r\u0131mc\u0131y\u0131 te\u015fvik edecek bir \u015fartname haz\u0131rlayaca\u011f\u0131z. \u0130n\u015fallah 2016\u2019n\u0131n d\u00f6rd\u00fcnc\u00fc \u00e7eyre\u011finde Do\u011fubayaz\u0131t\u2019\u0131n da dahil oldu\u011fu A\u011fr\u0131 ve Tunceli illeride do\u011falgaz da\u011f\u0131t\u0131m lisans\u0131 kapmas\u0131na al\u0131nacakt\u0131r.\u201d<\/p>\n<p class=\"selectionShareable\" style=\"color: #0a0a0a;\">Y\u0131lmaz, bu s\u00fcre\u00e7te yat\u0131r\u0131mc\u0131lar\u0131n b\u00f6lgeye neden ilgi g\u00f6stermediklerini de t\u00fcm y\u00f6nleriyle tespit edeceklerini, b\u00f6lgede yat\u0131r\u0131ma engel olan dezavantajlar\u0131n ortadan kald\u0131r\u0131laca\u011f\u0131n\u0131, yat\u0131r\u0131ma nas\u0131l te\u015fvik sa\u011flanaca\u011f\u0131n\u0131da ortaya\u00a0koyacaklar\u0131n\u0131 belirtti.<\/p>\n<p class=\"selectionShareable\" style=\"color: #0a0a0a;\">Yeni \u015fartnamenin bu bilgiler \u0131\u015f\u0131\u011f\u0131nda haz\u0131rlanaca\u011f\u0131n\u0131 bildiren Y\u0131lmaz, \u201cBu illerimize de yat\u0131r\u0131m gelsin, istihdam arts\u0131n ve vatanda\u015flar\u0131m\u0131z da en nihayetinde do\u011falgaz konforundan yararlans\u0131n istemekteyiz. Ben yeni \u015fartname do\u011frultusunda yat\u0131r\u0131mc\u0131lar\u0131m\u0131z\u0131n ihale s\u00fcrecine ilgi g\u00f6sterece\u011fini d\u00fc\u015f\u00fcn\u00fcyorum.\u201d\u00a0dedi.<\/p>\n<p class=\"selectionShareable\" style=\"color: #0a0a0a;\">Ba\u015fkan Y\u0131lmaz, ihalelere kat\u0131lmak isteyen firmalar\u0131n yeterlilik almak \u00fczere 19 A\u011fustos 2016 tarihine kadar EPDK\u2019ya ba\u015fvurulmas\u0131 gerekti\u011fini de s\u00f6yledi.<\/p>\n<p><\/p>","protected":false},"excerpt":{"rendered":"<p>Sorry, this entry is only available in Turkish. For the sake of viewer convenience, the content is shown below in the alternative language. You may click the link to switch the active language. Enerji Piyasas\u0131 D\u00fczenleme Kurumu (EPDK) Ba\u015fkan\u0131 Mustafa Y\u0131lmaz, A\u011fr\u0131 ve Tunceli i\u00e7in yeniden do\u011falgaz da\u011f\u0131t\u0131m lisans\u0131 ihalesine \u00e7\u0131k\u0131laca\u011f\u0131n\u0131 belirtti. EPDK\u2019dan yap\u0131lan a\u00e7\u0131klamada [&hellip;]<\/p>\n","protected":false},"author":1,"featured_media":53315,"comment_status":"open","ping_status":"open","sticky":false,"template":"","format":"standard","meta":[],"categories":[46,53],"tags":[30512,92,30513,226,19761,2092,2677,63,67,1009,2698,1046,165,750],"views":1138,"_links":{"self":[{"href":"https:\/\/www.enerjigazetesi.ist\/en\/wp-json\/wp\/v2\/posts\/54990"}],"collection":[{"href":"https:\/\/www.enerjigazetesi.ist\/en\/wp-json\/wp\/v2\/posts"}],"about":[{"href":"https:\/\/www.enerjigazetesi.ist\/en\/wp-json\/wp\/v2\/types\/post"}],"author":[{"embeddable":true,"href":"https:\/\/www.enerjigazetesi.ist\/en\/wp-json\/wp\/v2\/users\/1"}],"replies":[{"embeddable":true,"href":"https:\/\/www.enerjigazetesi.ist\/en\/wp-json\/wp\/v2\/comments?post=54990"}],"version-history":[{"count":4,"href":"https:\/\/www.enerjigazetesi.ist\/en\/wp-json\/wp\/v2\/posts\/54990\/revisions"}],"predecessor-version":[{"id":54994,"href":"https:\/\/www.enerjigazetesi.ist\/en\/wp-json\/wp\/v2\/posts\/54990\/revisions\/54994"}],"wp:featuredmedia":[{"embeddable":true,"href":"https:\/\/www.enerjigazetesi.ist\/en\/wp-json\/wp\/v2\/media\/53315"}],"wp:attachment":[{"href":"https:\/\/www.enerjigazetesi.ist\/en\/wp-json\/wp\/v2\/media?parent=54990"}],"wp:term":[{"taxonomy":"category","embeddable":true,"href":"https:\/\/www.enerjigazetesi.ist\/en\/wp-json\/wp\/v2\/categories?post=54990"},{"taxonomy":"post_tag","embeddable":true,"href":"https:\/\/www.enerjigazetesi.ist\/en\/wp-json\/wp\/v2\/tags?post=54990"}],"curies":[{"name":"wp","href":"https:\/\/api.w.org\/{rel}","templated":true}]}}