{"id":54960,"date":"2016-07-04T13:51:46","date_gmt":"2016-07-04T10:51:46","guid":{"rendered":"https:\/\/www.enerjigazetesi.ist\/?p=54960"},"modified":"2016-07-04T13:55:59","modified_gmt":"2016-07-04T10:55:59","slug":"cin-anti-damping-uygulamasi-turkiyenin-yararina-kesinlikle-olmayacaktir","status":"publish","type":"post","link":"https:\/\/www.enerjigazetesi.ist\/en\/cin-anti-damping-uygulamasi-turkiyenin-yararina-kesinlikle-olmayacaktir\/","title":{"rendered":"(Turkish) \u00c7in: \u201dAnti-Damping Kesinlikle T\u00fcrkiye\u2019nin Yarar\u0131na Olmayacakt\u0131r!\u201d"},"content":{"rendered":"<p class=\"qtranxs-available-languages-message qtranxs-available-languages-message-en\">Sorry, this entry is only available in <a href=\"https:\/\/www.enerjigazetesi.ist\/tr\/wp-json\/wp\/v2\/posts\/54960\" class=\"qtranxs-available-language-link qtranxs-available-language-link-tr\" title=\"Turkish\">Turkish<\/a>. For the sake of viewer convenience, the content is shown below in the alternative language. You may click the link to switch the active language.<\/p><p><\/p>\n<p style=\"color: #222222;\"><strong>\u00c7in Halk Cumhuriyeti Ticaret Bakanl\u0131\u011f\u0131 T\u00fcrkiye\u2019de g\u00fcne\u015f paneli ithalat\u0131na kar\u015f\u0131 ba\u015flat\u0131lm\u0131\u015f olan soru\u015fturma nedeni ile bir\u00a0<a style=\"color: #ff6600;\" href=\"http:\/\/www.mofcom.gov.cn\/article\/ae\/ag\/201607\/20160701351575.shtml\" target=\"_blank\">a\u00e7\u0131klama yay\u0131mlad\u0131<\/a>.<\/strong><\/p>\n<p style=\"color: #222222;\">A\u00e7\u0131klamada fotovoltaik h\u00fccre ve mod\u00fcllerin \u00fclkelerin iklim de\u011fi\u015fikli\u011fi ile m\u00fccadele ve emisyonlar\u0131n\u0131 d\u00fc\u015f\u00fcrme hedeflerine ula\u015fma ad\u0131na ta\u015f\u0131d\u0131\u011f\u0131 \u00f6neminde vurgusu yap\u0131ld\u0131.<a href=\"https:\/\/www.enerjigazetesi.ist\/wp-content\/uploads\/2015\/08\/cin-gunes-elektrigi-2015-1y.jpg\"><img loading=\"lazy\" class=\"alignright size-medium wp-image-43388\" src=\"https:\/\/www.enerjigazetesi.ist\/wp-content\/uploads\/2015\/08\/cin-gunes-elektrigi-2015-1y-300x163.jpg\" alt=\"cin-gunes-elektrigi-2015-1y\" width=\"300\" height=\"163\" srcset=\"https:\/\/www.enerjigazetesi.ist\/wp-content\/uploads\/2015\/08\/cin-gunes-elektrigi-2015-1y-300x163.jpg 300w, https:\/\/www.enerjigazetesi.ist\/wp-content\/uploads\/2015\/08\/cin-gunes-elektrigi-2015-1y-80x43.jpg 80w, https:\/\/www.enerjigazetesi.ist\/wp-content\/uploads\/2015\/08\/cin-gunes-elektrigi-2015-1y.jpg 460w\" sizes=\"(max-width: 300px) 100vw, 300px\" \/><\/a><\/p>\n<p style=\"color: #222222;\">Bakanl\u0131\u011f\u0131n a\u00e7\u0131klamas\u0131nda \u00c7inli \u00fcreticilerin <strong>fotovoltaik mod\u00fcllerine anti-damping \u00f6nlemleri<\/strong> getirilmesinin \u00c7in taraf\u0131n\u0131n \u00e7\u0131karlar\u0131na zarar vermek ile birlikte, T\u00fcrk taraf\u0131n\u0131n da \u00e7\u0131kar\u0131na olmayaca\u011f\u0131\u00a0belirtildi.<\/p>\n<p style=\"color: #222222;\">A\u00e7\u0131klamada \u00c7in\u2019in her zaman adil ticaret ilkelerinin ihlaline kar\u015f\u0131 oldu\u011fu ve iki \u00fclke fotovoltaik sekt\u00f6r\u00fcn\u00fcn m\u00fc\u015fterek geli\u015fimi i\u00e7in bu konunun dikkatlice incelenmesinin umuldu\u011fu ifadelerine yer verildi.<\/p>\n<p style=\"color: #222222;\">D\u00fcn Resmi Gazete\u2019de yay\u0131nlanan\u00a0\u201d\u0130thalatta Haks\u0131z Rekabetin \u00d6nlenmesine \u0130li\u015fkin Tebli\u011f\u201d ba\u015fl\u0131kl\u0131 d\u00fczenleme ile \u00c7in\u2019den ithal edilen g\u00fcne\u015f panelleri i\u00e7in damping soru\u015fturmas\u0131\u00a0ba\u015flat\u0131ld\u0131\u011f\u0131 bildirilmi\u015fti.<\/p>\n<p style=\"color: #222222;\">Kaynak: Solarist<\/p>\n<p><\/p>","protected":false},"excerpt":{"rendered":"<p>Sorry, this entry is only available in Turkish. For the sake of viewer convenience, the content is shown below in the alternative language. You may click the link to switch the active language. \u00c7in Halk Cumhuriyeti Ticaret Bakanl\u0131\u011f\u0131 T\u00fcrkiye\u2019de g\u00fcne\u015f paneli ithalat\u0131na kar\u015f\u0131 ba\u015flat\u0131lm\u0131\u015f olan soru\u015fturma nedeni ile bir\u00a0a\u00e7\u0131klama yay\u0131mlad\u0131. A\u00e7\u0131klamada fotovoltaik h\u00fccre ve mod\u00fcllerin [&hellip;]<\/p>\n","protected":false},"author":1,"featured_media":43388,"comment_status":"open","ping_status":"open","sticky":false,"template":"","format":"standard","meta":[],"categories":[53,49],"tags":[30499,886,63,67,1009,2698,165,19236,227,13,23133,142,22975,4269],"views":1093,"_links":{"self":[{"href":"https:\/\/www.enerjigazetesi.ist\/en\/wp-json\/wp\/v2\/posts\/54960"}],"collection":[{"href":"https:\/\/www.enerjigazetesi.ist\/en\/wp-json\/wp\/v2\/posts"}],"about":[{"href":"https:\/\/www.enerjigazetesi.ist\/en\/wp-json\/wp\/v2\/types\/post"}],"author":[{"embeddable":true,"href":"https:\/\/www.enerjigazetesi.ist\/en\/wp-json\/wp\/v2\/users\/1"}],"replies":[{"embeddable":true,"href":"https:\/\/www.enerjigazetesi.ist\/en\/wp-json\/wp\/v2\/comments?post=54960"}],"version-history":[{"count":5,"href":"https:\/\/www.enerjigazetesi.ist\/en\/wp-json\/wp\/v2\/posts\/54960\/revisions"}],"predecessor-version":[{"id":54965,"href":"https:\/\/www.enerjigazetesi.ist\/en\/wp-json\/wp\/v2\/posts\/54960\/revisions\/54965"}],"wp:featuredmedia":[{"embeddable":true,"href":"https:\/\/www.enerjigazetesi.ist\/en\/wp-json\/wp\/v2\/media\/43388"}],"wp:attachment":[{"href":"https:\/\/www.enerjigazetesi.ist\/en\/wp-json\/wp\/v2\/media?parent=54960"}],"wp:term":[{"taxonomy":"category","embeddable":true,"href":"https:\/\/www.enerjigazetesi.ist\/en\/wp-json\/wp\/v2\/categories?post=54960"},{"taxonomy":"post_tag","embeddable":true,"href":"https:\/\/www.enerjigazetesi.ist\/en\/wp-json\/wp\/v2\/tags?post=54960"}],"curies":[{"name":"wp","href":"https:\/\/api.w.org\/{rel}","templated":true}]}}