{"id":54949,"date":"2016-07-04T13:21:15","date_gmt":"2016-07-04T10:21:15","guid":{"rendered":"https:\/\/www.enerjigazetesi.ist\/?p=54949"},"modified":"2016-07-04T13:56:49","modified_gmt":"2016-07-04T10:56:49","slug":"akfenden-yenilenebilir-enerji-sektorune-1-milyar-dolarlik-yatirim","status":"publish","type":"post","link":"https:\/\/www.enerjigazetesi.ist\/en\/akfenden-yenilenebilir-enerji-sektorune-1-milyar-dolarlik-yatirim\/","title":{"rendered":"(Turkish) Akfen&#8217;den Yenilenebilir Enerji Sekt\u00f6r\u00fcne 1 Milyar Dolarl\u0131k Yat\u0131r\u0131m!"},"content":{"rendered":"<p class=\"qtranxs-available-languages-message qtranxs-available-languages-message-en\">Sorry, this entry is only available in <a href=\"https:\/\/www.enerjigazetesi.ist\/tr\/wp-json\/wp\/v2\/posts\/54949\" class=\"qtranxs-available-language-link qtranxs-available-language-link-tr\" title=\"Turkish\">Turkish<\/a>. For the sake of viewer convenience, the content is shown below in the alternative language. You may click the link to switch the active language.<\/p><p><\/p>\n<p class=\"selectionShareable\" style=\"color: #0a0a0a;\"><strong>Akfen Holding\u00a0CEO\u2019su\u00a0S\u00fcha G\u00fc\u00e7sav, sermaye giri\u015fi ve tonlama vas\u0131tas\u0131yla yenilenebilir enerjide 5 kat b\u00fcy\u00fcyeceklerini belirtti. G\u00fc\u00e7sav, \u201cBu alanda 1 milyar dolar yat\u0131r\u0131m\u00a0yapaca\u011f\u0131z\u201d dedi.<\/strong><span id=\"more-82178\"><\/span><\/p>\n<p class=\"selectionShareable\" style=\"color: #0a0a0a;\">Akfen Holding, enerji sekt\u00f6r\u00fcndeki yat\u0131r\u0131mlar\u0131na 2007 y\u0131l\u0131nda hidroelek\u00adtrik santralleriyle ba\u015flad\u0131. Den<a href=\"https:\/\/www.enerjigazetesi.ist\/wp-content\/uploads\/2016\/05\/ifc-akfen-yenilenebilire-ortak-olmak-istiyor.jpg\"><img loading=\"lazy\" class=\"alignright size-medium wp-image-52822\" src=\"https:\/\/www.enerjigazetesi.ist\/wp-content\/uploads\/2016\/05\/ifc-akfen-yenilenebilire-ortak-olmak-istiyor-300x134.jpg\" alt=\"akfen-yenilenebilir-enerji\" width=\"300\" height=\"134\" srcset=\"https:\/\/www.enerjigazetesi.ist\/wp-content\/uploads\/2016\/05\/ifc-akfen-yenilenebilire-ortak-olmak-istiyor-300x134.jpg 300w, https:\/\/www.enerjigazetesi.ist\/wp-content\/uploads\/2016\/05\/ifc-akfen-yenilenebilire-ortak-olmak-istiyor-500x224.jpg 500w, https:\/\/www.enerjigazetesi.ist\/wp-content\/uploads\/2016\/05\/ifc-akfen-yenilenebilire-ortak-olmak-istiyor-80x35.jpg 80w, https:\/\/www.enerjigazetesi.ist\/wp-content\/uploads\/2016\/05\/ifc-akfen-yenilenebilire-ortak-olmak-istiyor.jpg 696w\" sizes=\"(max-width: 300px) 100vw, 300px\" \/><\/a>geli bir portf\u00f6y olu\u015fturmak i\u00e7in projelerini \u00e7e\u00ad\u015fitlendirerek yat\u0131r\u0131mlar\u0131na devam eden \u015firket, halihaz\u0131rda enerji \u00fcreti\u00adminin tamam\u0131n\u0131 yenilenebilir enerji kaynaklar\u0131ndan sa\u011fl\u0131yor. H\u0131zl\u0131 bir or\u00adtakl\u0131k s\u00fcreci i\u00e7inde olan<strong>Akfen Yenile\u00adnebilir Enerji<\/strong>, \u00f6n\u00fcne bu alana ili\u015fkin ciddi bir yat\u0131r\u0131m plan\u0131 koydu. Yenile\u00adnebilir alandaki kapasitesini 5 kat b\u00fc\u00ady\u00fctmeyi planlayan Akfen, bu alana 1 milyar dolarl\u0131k yat\u0131r\u0131m yapacak.<\/p>\n<p class=\"selectionShareable\" style=\"color: #0a0a0a;\">Akfen Holding, bu alana bug\u00fcne kadar 527 milyon dolarl\u0131k yat\u0131r\u0131m yap\u00adt\u0131. Bu yat\u0131r\u0131mlar\u0131n 518 milyon dolarl\u0131k b\u00f6l\u00fcm\u00fc HES, geri kalan k\u0131sm\u0131n\u0131 da GES projelerine ayr\u0131ld\u0131.<\/p>\n<p class=\"selectionShareable\" style=\"color: #0a0a0a;\"><strong>\u00c7E\u015e\u0130TLEND\u0130RMEYE G\u0130DECEK<\/strong><\/p>\n<p class=\"selectionShareable\" style=\"color: #0a0a0a;\">Akfen Holding CEO\u2019su S\u00fcha G\u00fc\u00e7sav, enerji sekt\u00f6r\u00fcndeki yat\u0131r\u0131mlar\u0131n\u0131n bug\u00fcne kadar a\u011f\u0131rl\u0131kl\u0131 olarak hidro\u00adelektrik santraller \u00fczerine kurulu ol\u00addu\u011funu ancak \u00f6n\u00fcm\u00fczdeki d\u00f6nemde bu alandaki yat\u0131r\u0131mlar\u0131n \u00e7e\u015fitlendirile\u00adrek b\u00fcy\u00fct\u00fclmesinin hedeflendi\u011fini s\u00f6yl\u00fcyor. Yenilenebilir enerji alan\u0131nda da \u00f6zellikle baz y\u00fck sa\u011flayacak f\u0131rsatlar olarak jeotermal enerji santralleri ve y\u00fcksek su tutma kapasitesine sahip baraj tipi HES\u2019lerle ilgilendiklerini ifa\u00adde eden G\u00fc\u00e7sav, \u201cBu kapsamda fiyat-risk dengesinin uygun oldu\u011funu g\u00f6r\u00add\u00fc\u011f\u00fcm\u00fczde, bu alandaki en b\u00fcy\u00fck oyuncu olabiliriz. Bunu sa\u011flamak i\u00e7in gerekli olan sermayemiz de elimizde haz\u0131r bulunuyor\u201d diye ekliyor.<\/p>\n<p class=\"selectionShareable\" style=\"color: #0a0a0a;\">Akfen Yenilenebilir Enerji\u2019nin y\u00fcz\u00adde 20 hissesi i\u00e7in Aral\u0131k 2015\u2019te Avru\u00adpa \u0130mar ve Kalk\u0131nma Bankas\u0131 (EBRD) ile 100 milyon dolar kar\u015f\u0131l\u0131\u011f\u0131nda or\u00adtakl\u0131k s\u00f6zle\u015fmesi imzalanm\u0131\u015ft\u0131. Ge\u00e7ti\u00ad\u011fimiz. hafta da D\u00fcnya Bankas\u0131 Grubu \u00fcyesi Uluslararas\u0131 Finans Kurumu (IFC) \u015firkete ortak oldu. IFC, imzala\u00adnan ortakl\u0131k s\u00f6zle\u015fmesi kapsam\u0131nda Akfen Yenilenebilir Enerji nin y\u00fczde 16,67 oran\u0131ndaki hissesi i\u00e7in toplam 100 milyon dolar \u00f6deyecek.<\/p>\n<p class=\"selectionShareable\" style=\"color: #0a0a0a;\"><strong>100 MW\u2019A ULA\u015eACAK<\/strong><\/p>\n<p class=\"selectionShareable\" style=\"color: #0a0a0a;\">S\u00fcha G\u00fc\u00e7sav. yat\u0131n\u0131n planlar\u0131yla il\u00adgili olarak, \u201cSermaye olarak \u015firkete gi\u00adrecek olan 200 milyon dolar ve ayr\u0131ca \u015firkete sa\u011flanacak fonlama vas\u0131tas\u0131yla yakla\u015f\u0131k bin M\\V kurulu g\u00fcce ula\u015fma\u00ady\u0131 hedefliyoruz. B\u00f6ylece bu alanda yakla\u015f\u0131k 1 milyar dolar yat\u0131r\u0131m yapaca\u00ad\u011f\u0131z\u201d\u00a0dedi.<\/p>\n<p class=\"selectionShareable\" style=\"color: #0a0a0a;\">\u015eirketin enerji sekt\u00f6r\u00fcndeki port\u00adf\u00f6y\u00fc, yenilenebilir, fosil yak\u0131tlar ve top\u00adtan elektrik sat\u0131\u015f ticareti olmak \u00fczere \u00fc\u00e7 k\u0131s\u0131mdan olu\u015fmaktad\u0131r.<\/p>\n<p class=\"selectionShareable\" style=\"color: #0a0a0a;\">Kaynak: Ekonomist<\/p>\n<p><\/p>","protected":false},"excerpt":{"rendered":"<p>Sorry, this entry is only available in Turkish. For the sake of viewer convenience, the content is shown below in the alternative language. You may click the link to switch the active language. Akfen Holding\u00a0CEO\u2019su\u00a0S\u00fcha G\u00fc\u00e7sav, sermaye giri\u015fi ve tonlama vas\u0131tas\u0131yla yenilenebilir enerjide 5 kat b\u00fcy\u00fcyeceklerini belirtti. G\u00fc\u00e7sav, \u201cBu alanda 1 milyar dolar yat\u0131r\u0131m\u00a0yapaca\u011f\u0131z\u201d dedi. [&hellip;]<\/p>\n","protected":false},"author":1,"featured_media":52822,"comment_status":"open","ping_status":"open","sticky":false,"template":"","format":"standard","meta":[],"categories":[53,47],"tags":[3936,30495,30496,1259,63,67,1009,2698,165,22622,117,35370,30497,1090,4724,30498,105,508],"views":1167,"_links":{"self":[{"href":"https:\/\/www.enerjigazetesi.ist\/en\/wp-json\/wp\/v2\/posts\/54949"}],"collection":[{"href":"https:\/\/www.enerjigazetesi.ist\/en\/wp-json\/wp\/v2\/posts"}],"about":[{"href":"https:\/\/www.enerjigazetesi.ist\/en\/wp-json\/wp\/v2\/types\/post"}],"author":[{"embeddable":true,"href":"https:\/\/www.enerjigazetesi.ist\/en\/wp-json\/wp\/v2\/users\/1"}],"replies":[{"embeddable":true,"href":"https:\/\/www.enerjigazetesi.ist\/en\/wp-json\/wp\/v2\/comments?post=54949"}],"version-history":[{"count":4,"href":"https:\/\/www.enerjigazetesi.ist\/en\/wp-json\/wp\/v2\/posts\/54949\/revisions"}],"predecessor-version":[{"id":54966,"href":"https:\/\/www.enerjigazetesi.ist\/en\/wp-json\/wp\/v2\/posts\/54949\/revisions\/54966"}],"wp:featuredmedia":[{"embeddable":true,"href":"https:\/\/www.enerjigazetesi.ist\/en\/wp-json\/wp\/v2\/media\/52822"}],"wp:attachment":[{"href":"https:\/\/www.enerjigazetesi.ist\/en\/wp-json\/wp\/v2\/media?parent=54949"}],"wp:term":[{"taxonomy":"category","embeddable":true,"href":"https:\/\/www.enerjigazetesi.ist\/en\/wp-json\/wp\/v2\/categories?post=54949"},{"taxonomy":"post_tag","embeddable":true,"href":"https:\/\/www.enerjigazetesi.ist\/en\/wp-json\/wp\/v2\/tags?post=54949"}],"curies":[{"name":"wp","href":"https:\/\/api.w.org\/{rel}","templated":true}]}}