{"id":54925,"date":"2016-07-04T00:19:58","date_gmt":"2016-07-03T21:19:58","guid":{"rendered":"https:\/\/www.enerjigazetesi.ist\/?p=54925"},"modified":"2016-07-04T00:20:20","modified_gmt":"2016-07-03T21:20:20","slug":"maseratide-artik-elektrikli-otomobil-uretiyor","status":"publish","type":"post","link":"https:\/\/www.enerjigazetesi.ist\/en\/maseratide-artik-elektrikli-otomobil-uretiyor\/","title":{"rendered":"(Turkish) Maserati\u2019de Art\u0131k Elektrikli Otomobil \u00dcretiyor!"},"content":{"rendered":"<p class=\"qtranxs-available-languages-message qtranxs-available-languages-message-en\">Sorry, this entry is only available in <a href=\"https:\/\/www.enerjigazetesi.ist\/tr\/wp-json\/wp\/v2\/posts\/54925\" class=\"qtranxs-available-language-link qtranxs-available-language-link-tr\" title=\"Turkish\">Turkish<\/a>. For the sake of viewer convenience, the content is shown below in the alternative language. You may click the link to switch the active language.<\/p><p><\/p>\n<p style=\"color: #666666;\"><span style=\"font-weight: bold; color: #222222;\">Maserati, Tesla, BMW ve Aston Martin\u2019in ard\u0131ndan\u00a0elektrikli otomobilini\u00a0tan\u0131t\u0131m\u0131n\u0131 ger\u00e7ekle\u015ftirmeye haz\u0131rlan\u0131yor.<\/span><\/p>\n<p style=\"color: #666666;\"><span style=\"font-weight: bold; color: #222222;\">Elektrikli ara\u00e7 <\/span><span style=\"color: #222222;\">\u00e7\u0131lg\u0131nl\u0131\u011f\u0131<\/span>\u00a0giderek b\u00fcy\u00fcmekte. <span style=\"color: #000000;\"><strong>Hemen hemen E<\/strong><\/span><span style=\"font-weight: bold; color: #222222;\"><span style=\"color: #000000;\">lektr<\/span>ikli ara\u00e7<\/span>\u00a0yap\u0131m\u0131na ge\u00e7meyen bir otomotiv kurulu\u015fu kalmam\u0131\u015f g\u00f6r\u00fcn\u00fcyor. Bu \u00e7\u0131lg\u0131nl\u0131k\u00a0art\u0131k yaln\u0131zca sadece\u00a0y\u00f6nelmenin bir\u00a0sonucu olarak adland\u0131rmak m\u00fcmk\u00fcn de\u011fil.\u00a0<span style=\"font-weight: bold; color: #222222;\">Elektrikli ara\u00e7lar art\u0131k<\/span>\u00a021. y\u00fczy\u0131l\u0131n bir ger\u00e7e\u011fi konumunda&#8230;<a href=\"https:\/\/www.enerjigazetesi.ist\/wp-content\/uploads\/2016\/07\/maseratide-elektrikli-otomobil-uretiyor.jpg\"><img loading=\"lazy\" class=\"alignleft  wp-image-54926\" src=\"https:\/\/www.enerjigazetesi.ist\/wp-content\/uploads\/2016\/07\/maseratide-elektrikli-otomobil-uretiyor-300x110.jpg\" alt=\"maseratide-elektrikli-otomobil-uretiyor\" width=\"300\" height=\"183\" \/><\/a><\/p>\n<p style=\"color: #666666;\">D\u00fcnyan\u0131n en \u00f6zel spor otomobillerine imza atan Maserati, Tesla, BMW ve Aston Martin\u2019in ard\u0131ndan\u00a0<span style=\"font-weight: bold; color: #222222;\">elektrikli otomobilinin\u00a0<\/span>tan\u0131t\u0131m\u0131na haz\u0131rlan\u0131yor. Fiat Fiat Chrysler Automobiles (FCA) CEO\u2019su Sergio Marchionne\u2019nin Bloomberg\u2019e yapt\u0131\u011f\u0131 a\u00e7\u0131klamaya g\u00f6re Maserati, elektrikli otomobil konusundaki \u00e7al\u0131\u015fmalar\u0131n\u0131 t\u00fcm h\u0131z\u0131yla\u00a0s\u00fcrd\u00fcrmektedir.<\/p>\n<p style=\"color: #666666;\">2014 y\u0131l\u0131nda Cenevre Otomobil Fuar\u0131\u2019nda tan\u0131t\u0131lan konsept Alfieri\u2019yi baz alaca\u011f\u0131 belirtilen otomobilin 2019 y\u0131l\u0131nda g\u00f6r\u00fcc\u00fcye \u00e7\u0131kaca\u011f\u0131 ifade edildi.<\/p>\n<p style=\"color: #666666;\">Otomobilin nas\u0131l bir performansa sahip olaca\u011f\u0131 ise hen\u00fcz\u00a0gizemeni koruyor.<\/p>\n<p style=\"color: #666666;\">Haberin Detay\u0131 \u0130\u00e7in\u00a0<a style=\"color: #fc8d8d;\" href=\"http:\/\/www.log.com.tr\/maseratinin-elektrikli-otomobili-yolda\/\" target=\"_blank\">T\u0131klay\u0131n\u0131z&gt;&gt;&gt;<\/a><\/p>\n<p style=\"color: #666666;\">Kaynak: Log<\/p>\n<p><\/p>","protected":false},"excerpt":{"rendered":"<p>Sorry, this entry is only available in Turkish. For the sake of viewer convenience, the content is shown below in the alternative language. You may click the link to switch the active language. Maserati, Tesla, BMW ve Aston Martin\u2019in ard\u0131ndan\u00a0elektrikli otomobilini\u00a0tan\u0131t\u0131m\u0131n\u0131 ger\u00e7ekle\u015ftirmeye haz\u0131rlan\u0131yor. Elektrikli ara\u00e7 \u00e7\u0131lg\u0131nl\u0131\u011f\u0131\u00a0giderek b\u00fcy\u00fcmekte. Hemen hemen Elektrikli ara\u00e7\u00a0yap\u0131m\u0131na ge\u00e7meyen bir otomotiv kurulu\u015fu [&hellip;]<\/p>\n","protected":false},"author":1,"featured_media":54926,"comment_status":"open","ping_status":"open","sticky":false,"template":"","format":"standard","meta":[],"categories":[51,53],"tags":[215,63,67,1009,2698,165,30484],"views":1581,"_links":{"self":[{"href":"https:\/\/www.enerjigazetesi.ist\/en\/wp-json\/wp\/v2\/posts\/54925"}],"collection":[{"href":"https:\/\/www.enerjigazetesi.ist\/en\/wp-json\/wp\/v2\/posts"}],"about":[{"href":"https:\/\/www.enerjigazetesi.ist\/en\/wp-json\/wp\/v2\/types\/post"}],"author":[{"embeddable":true,"href":"https:\/\/www.enerjigazetesi.ist\/en\/wp-json\/wp\/v2\/users\/1"}],"replies":[{"embeddable":true,"href":"https:\/\/www.enerjigazetesi.ist\/en\/wp-json\/wp\/v2\/comments?post=54925"}],"version-history":[{"count":2,"href":"https:\/\/www.enerjigazetesi.ist\/en\/wp-json\/wp\/v2\/posts\/54925\/revisions"}],"predecessor-version":[{"id":54928,"href":"https:\/\/www.enerjigazetesi.ist\/en\/wp-json\/wp\/v2\/posts\/54925\/revisions\/54928"}],"wp:featuredmedia":[{"embeddable":true,"href":"https:\/\/www.enerjigazetesi.ist\/en\/wp-json\/wp\/v2\/media\/54926"}],"wp:attachment":[{"href":"https:\/\/www.enerjigazetesi.ist\/en\/wp-json\/wp\/v2\/media?parent=54925"}],"wp:term":[{"taxonomy":"category","embeddable":true,"href":"https:\/\/www.enerjigazetesi.ist\/en\/wp-json\/wp\/v2\/categories?post=54925"},{"taxonomy":"post_tag","embeddable":true,"href":"https:\/\/www.enerjigazetesi.ist\/en\/wp-json\/wp\/v2\/tags?post=54925"}],"curies":[{"name":"wp","href":"https:\/\/api.w.org\/{rel}","templated":true}]}}