{"id":54921,"date":"2016-07-04T00:08:27","date_gmt":"2016-07-03T21:08:27","guid":{"rendered":"https:\/\/www.enerjigazetesi.ist\/?p=54921"},"modified":"2016-07-04T12:33:48","modified_gmt":"2016-07-04T09:33:48","slug":"ingiltereden-karbon-emisyonu-azaltimi-ilgili-onemli-taahhut","status":"publish","type":"post","link":"https:\/\/www.enerjigazetesi.ist\/en\/ingiltereden-karbon-emisyonu-azaltimi-ilgili-onemli-taahhut\/","title":{"rendered":"(Turkish) \u0130ngiltere\u2019den Karbon Emisyonu Azalt\u0131m\u0131 \u0130\u00e7in \u00d6nemli Taahh\u00fct&#8230;"},"content":{"rendered":"<p class=\"qtranxs-available-languages-message qtranxs-available-languages-message-en\">Sorry, this entry is only available in <a href=\"https:\/\/www.enerjigazetesi.ist\/tr\/wp-json\/wp\/v2\/posts\/54921\" class=\"qtranxs-available-language-link qtranxs-available-language-link-tr\" title=\"Turkish\">Turkish<\/a>. For the sake of viewer convenience, the content is shown below in the alternative language. You may click the link to switch the active language.<\/p><p><\/p>\n<p class=\"story-body__introduction\" style=\"font-weight: bold; color: #404040;\">\u0130ngiltere iklim de\u011fi\u015fikli\u011fiyle m\u00fccadele konusunda iddial\u0131 bir hedef belirleyip\u00a02032&#8217;ye kadar karbon emisyonlar\u0131nda y\u00fczde 57 oran\u0131nda kesinti yapma taahh\u00fcd\u00fcnde bulundu.<\/p>\n<p style=\"color: #404040;\">\u0130ngiltere H\u00fck\u00fcmeti karbon sal\u0131n\u0131m\u0131n\u0131 1990&#8217;daki d\u00fczeye g\u00f6re y\u00fczde 57 azaltmay\u0131 \u00f6ng\u00f6ren Be\u015finci Karbon B\u00fct\u00e7esi&#8217;<a href=\"https:\/\/www.enerjigazetesi.ist\/wp-content\/uploads\/2016\/04\/ekonomik-buyume-artarken-karbon-emisyonu-dusebilir.jpg\"><img loading=\"lazy\" class=\"alignright size-medium wp-image-52056\" src=\"https:\/\/www.enerjigazetesi.ist\/wp-content\/uploads\/2016\/04\/ekonomik-buyume-artarken-karbon-emisyonu-dusebilir-300x198.jpg\" alt=\"ekonomik-buyume-artarken-karbon-emisyonu-dusebilir\" width=\"300\" height=\"198\" srcset=\"https:\/\/www.enerjigazetesi.ist\/wp-content\/uploads\/2016\/04\/ekonomik-buyume-artarken-karbon-emisyonu-dusebilir-300x198.jpg 300w, https:\/\/www.enerjigazetesi.ist\/wp-content\/uploads\/2016\/04\/ekonomik-buyume-artarken-karbon-emisyonu-dusebilir-500x331.jpg 500w, https:\/\/www.enerjigazetesi.ist\/wp-content\/uploads\/2016\/04\/ekonomik-buyume-artarken-karbon-emisyonu-dusebilir-75x50.jpg 75w, https:\/\/www.enerjigazetesi.ist\/wp-content\/uploads\/2016\/04\/ekonomik-buyume-artarken-karbon-emisyonu-dusebilir.jpg 1000w\" sizes=\"(max-width: 300px) 100vw, 300px\" \/><\/a>ninde onay\u0131n\u0131 verdi.<\/p>\n<p style=\"color: #404040;\">Bu, uluslararas\u0131 iklim pazarl\u0131klar\u0131nda 2050 y\u0131l\u0131na dek emisyonlar\u0131 y\u00fczde 80 azaltma s\u00f6z\u00fc veren \u0130ngiltere&#8217;nin amac\u0131na ula\u015fmas\u0131 yolunda \u00f6nemli bir ad\u0131m\u00a0olmaktad\u0131r.<\/p>\n<p style=\"color: #404040;\">\u0130klim De\u011fi\u015fikli\u011fi Komitesi (CCC) yeni b\u00fct\u00e7enin onay\u0131ndan hemen sonra bir rapor yay\u0131nlayarak, emisyonlar\u0131n artmakta oldu\u011fu konut, tar\u0131m ve ula\u015f\u0131m gibi sekt\u00f6rlerde de\u011fi\u015fiklikler yap\u0131lmazsa hedeflerin tutturulamayaca\u011f\u0131n\u0131 belirtti.<\/p>\n<p style=\"color: #404040;\">Komiteye g\u00f6re hedeflerin tutturulmas\u0131 i\u00e7in elektrikli otomobillere ge\u00e7i\u015fin h\u0131zlan\u0131p\u00a0evlerde de \u0131s\u0131 ve mutfak ihtiya\u00e7lar\u0131n\u0131n do\u011falgaz\u0131n\u00a0kullan\u0131lmas\u0131 gerekmektedir.<\/p>\n<p style=\"color: #404040;\">CCC ayr\u0131ca emisyonu d\u00fc\u015f\u00fck enerji \u00fcretimini art\u0131rmak i\u00e7in, r\u00fczgar ve g\u00fcne\u015f enerjisi tesislerine mali yard\u0131m\u0131n s\u00fcrmesinin de \u00f6nemini vurguluyor.<\/p>\n<h2 class=\"story-body__crosshead\" style=\"font-weight: inherit; color: #1e1e1e;\"><strong><span style=\"color: #404040;\">Karbon sal\u0131n\u0131m\u0131 taahh\u00fcd\u00fc\u00a0<\/span>AB hedeflerinin\u00a0\u00fczerinde<\/strong><\/h2>\n<p style=\"color: #404040;\">\u0130ngiltere&#8217;nin karbon sal\u0131n\u0131m\u0131n\u0131 azaltma ama\u00e7l\u0131 yeni taahh\u00fcd\u00fc AB hedeflerinin \u00fczerinde ger\u00e7ekle\u015fti.<\/p>\n<p style=\"color: #404040;\">AB, \u0130ngiltere i\u00e7in 2030 y\u0131l\u0131na kadar karbon emisyonunun y\u00fczde 40 oran\u0131nda azalt\u0131lmas\u0131 hedefini tavsiye etmi\u015fti.<\/p>\n<p style=\"color: #404040;\">\u00c7evreci kurulu\u015flar \u0130ngiltere&#8217;nin Avrupa Birli\u011fi \u00fcyeli\u011fi referandumunda ayr\u0131lma sonucunun \u00e7\u0131kmas\u0131na ra\u011fmen b\u00fct\u00e7enin onaylanm\u0131\u015f olmas\u0131ndan memnun olduklar\u0131n\u0131 ancak Paris iklim de\u011fi\u015fikli\u011fi anla\u015fmas\u0131n\u0131n ard\u0131ndan \u0130ngiltere&#8217;den daha da iddial\u0131 bir hedef beklediklerini\u00a0belirtmektedirler.<\/p>\n<p style=\"color: #404040;\">Yenilenebilir enerji ile ilgili b\u00fct\u00e7elerde kesinti yap\u0131lmas\u0131n\u0131n ard\u0131ndan h\u00fck\u00fcmetin iklim de\u011fi\u015fikli\u011fiyle m\u00fccadele konusundaki kararl\u0131l\u0131\u011f\u0131yla ilgili kayg\u0131lar da ger\u00e7ekle\u015fmi\u015fti.<\/p>\n<p style=\"color: #404040;\">BM \u0130klim De\u011fi\u015fikli\u011fi \u00c7er\u00e7eve Anla\u015fmas\u0131 \u0130crac\u0131 Sekreteri Christiana Figueres de, \u0130ngiltere&#8217;nin AB&#8217;den ayr\u0131lma sonras\u0131nda da AB \u00e7evre politikas\u0131n\u0131n s\u00fcrd\u00fcr\u00fclmesini istemi\u015fti.<\/p>\n<p style=\"color: #404040;\">Kaynak: <a href=\"http:\/\/www.bbc.com\/turkce\/haberler\/2016\/06\/160630_iklim_ingiltere\" target=\"_blank\" rel=\"nofollow\">BBC<\/a><\/p>\n<p><\/p>","protected":false},"excerpt":{"rendered":"<p>Sorry, this entry is only available in Turkish. For the sake of viewer convenience, the content is shown below in the alternative language. You may click the link to switch the active language. \u0130ngiltere iklim de\u011fi\u015fikli\u011fiyle m\u00fccadele konusunda iddial\u0131 bir hedef belirleyip\u00a02032&#8217;ye kadar karbon emisyonlar\u0131nda y\u00fczde 57 oran\u0131nda kesinti yapma taahh\u00fcd\u00fcnde bulundu. \u0130ngiltere H\u00fck\u00fcmeti karbon [&hellip;]<\/p>\n","protected":false},"author":1,"featured_media":52056,"comment_status":"open","ping_status":"open","sticky":false,"template":"","format":"standard","meta":[],"categories":[53,52],"tags":[63,67,1009,2698,165,1999,1092,3344],"views":1081,"_links":{"self":[{"href":"https:\/\/www.enerjigazetesi.ist\/en\/wp-json\/wp\/v2\/posts\/54921"}],"collection":[{"href":"https:\/\/www.enerjigazetesi.ist\/en\/wp-json\/wp\/v2\/posts"}],"about":[{"href":"https:\/\/www.enerjigazetesi.ist\/en\/wp-json\/wp\/v2\/types\/post"}],"author":[{"embeddable":true,"href":"https:\/\/www.enerjigazetesi.ist\/en\/wp-json\/wp\/v2\/users\/1"}],"replies":[{"embeddable":true,"href":"https:\/\/www.enerjigazetesi.ist\/en\/wp-json\/wp\/v2\/comments?post=54921"}],"version-history":[{"count":4,"href":"https:\/\/www.enerjigazetesi.ist\/en\/wp-json\/wp\/v2\/posts\/54921\/revisions"}],"predecessor-version":[{"id":54935,"href":"https:\/\/www.enerjigazetesi.ist\/en\/wp-json\/wp\/v2\/posts\/54921\/revisions\/54935"}],"wp:featuredmedia":[{"embeddable":true,"href":"https:\/\/www.enerjigazetesi.ist\/en\/wp-json\/wp\/v2\/media\/52056"}],"wp:attachment":[{"href":"https:\/\/www.enerjigazetesi.ist\/en\/wp-json\/wp\/v2\/media?parent=54921"}],"wp:term":[{"taxonomy":"category","embeddable":true,"href":"https:\/\/www.enerjigazetesi.ist\/en\/wp-json\/wp\/v2\/categories?post=54921"},{"taxonomy":"post_tag","embeddable":true,"href":"https:\/\/www.enerjigazetesi.ist\/en\/wp-json\/wp\/v2\/tags?post=54921"}],"curies":[{"name":"wp","href":"https:\/\/api.w.org\/{rel}","templated":true}]}}