{"id":54908,"date":"2016-07-03T23:32:07","date_gmt":"2016-07-03T20:32:07","guid":{"rendered":"https:\/\/www.enerjigazetesi.ist\/?p=54908"},"modified":"2016-07-03T23:33:52","modified_gmt":"2016-07-03T20:33:52","slug":"sedas-bayram-suresince-planli-kesinti-gerceklestirmeyecek","status":"publish","type":"post","link":"https:\/\/www.enerjigazetesi.ist\/en\/sedas-bayram-suresince-planli-kesinti-gerceklestirmeyecek\/","title":{"rendered":"(Turkish) SEDA\u015e, Bayram S\u00fcresince Planl\u0131 Kesinti Ger\u00e7ekle\u015ftirmeyecek&#8230;"},"content":{"rendered":"<p class=\"qtranxs-available-languages-message qtranxs-available-languages-message-en\">Sorry, this entry is only available in <a href=\"https:\/\/www.enerjigazetesi.ist\/tr\/wp-json\/wp\/v2\/posts\/54908\" class=\"qtranxs-available-language-link qtranxs-available-language-link-tr\" title=\"Turkish\">Turkish<\/a>. For the sake of viewer convenience, the content is shown below in the alternative language. You may click the link to switch the active language.<\/p><p><strong>SEDA\u015e (Sakarya Elektrik Da\u011f\u0131t\u0131m A.\u015e.), t\u00fcm planl\u0131 bak\u0131m, onar\u0131m ve yat\u0131r\u0131m \u00e7al\u0131\u015fmalar\u0131n\u0131, Ramazan Bayram\u0131 boyunca iptal ederek bayramla ilgili gerekli olan \u00f6nlemleri de\u00a0ger\u00e7ekle\u015ftirdi.<\/strong><\/p>\n<p>SEDA\u015e, Bayram s\u00fcresince 20 Bin kilometrekarelik y\u00fcz\u00f6l\u00e7\u00fcm\u00fc kapsayan g\u00f6rev alan\u0131nda, Sakarya, Kocaeli, Bolu ve D\u00fczce illerinde 4 il 45 il\u00e7e ve 1441 k\u00f6yde \u015eebeke Operasyon Birimleri ile ar\u0131zalara an\u0131nda m\u00fcdahale etmek ve \u015febekede elektrik enerjisinin <a href=\"https:\/\/www.enerjigazetesi.ist\/wp-content\/uploads\/2016\/07\/sedas-bayram-suresince-planli-kesinti-gerceklestirmeyecek.jpg\"><img loading=\"lazy\" class=\"alignright size-medium wp-image-54909\" src=\"https:\/\/www.enerjigazetesi.ist\/wp-content\/uploads\/2016\/07\/sedas-bayram-suresince-planli-kesinti-gerceklestirmeyecek-300x195.jpg\" alt=\"sedas-bayram-suresince-planli-kesinti-gerceklestirmeyecek\" width=\"300\" height=\"195\" srcset=\"https:\/\/www.enerjigazetesi.ist\/wp-content\/uploads\/2016\/07\/sedas-bayram-suresince-planli-kesinti-gerceklestirmeyecek-300x195.jpg 300w, https:\/\/www.enerjigazetesi.ist\/wp-content\/uploads\/2016\/07\/sedas-bayram-suresince-planli-kesinti-gerceklestirmeyecek-500x325.jpg 500w, https:\/\/www.enerjigazetesi.ist\/wp-content\/uploads\/2016\/07\/sedas-bayram-suresince-planli-kesinti-gerceklestirmeyecek-76x50.jpg 76w, https:\/\/www.enerjigazetesi.ist\/wp-content\/uploads\/2016\/07\/sedas-bayram-suresince-planli-kesinti-gerceklestirmeyecek.jpg 917w\" sizes=\"(max-width: 300px) 100vw, 300px\" \/><\/a>s\u00fcreklili\u011fini sa\u011flamak \u00fczere vardiyal\u0131 ekipleri ve n\u00f6bet\u00e7i sorumlularla\u00a0 \u00e7al\u0131\u015fmaya devam edecek. 7\/24 \u00e7al\u0131\u015farak \u015febeke hizmetlerini s\u00fcrd\u00fcrecek olan SEDA\u015e,\u00a0 Alo 186 \u00c7a\u011fr\u0131 Merkezi ile 7 g\u00fcn 24 saat taleplere yan\u0131t verecek.\u00a0 SCADA Kumanda merkezinden \u015febekedeki elektri\u011fin uzaktan izlenmesi ve gerekti\u011finde m\u00fcdahale edilmesi i\u00e7in 24 saat boyunca vardiyal\u0131 \u00e7al\u0131\u015fan SCADA \u015febeke y\u00f6netimi sorumlular\u0131 ile enerji da\u011f\u0131t\u0131m hatlar\u0131 an ve an izlenerek, \u015febeke uzaktan kontrol edilecek.<\/p>\n<p><strong>D\u00d6RT G\u00dcN BOYUNCA PLANLI KES\u0130NT\u0130 OLMAYACAK<\/strong><\/p>\n<p>Sakarya Elektrik Da\u011f\u0131t\u0131m A.\u015e. (SEDA\u015e), rutin uygulaman\u0131n d\u0131\u015f\u0131na \u00e7\u0131karak t\u00fcketicilerinin kesintisiz ve kaliteli enerji ak\u0131\u015f\u0131 sa\u011flamak i\u00e7in y\u00fcr\u00fctt\u00fc\u011f\u00fc yat\u0131r\u0131m \u00e7al\u0131\u015fmalar\u0131na Ramazan Bayram\u0131 boyunca ara verme karar\u0131 ald\u0131. Bu \u00e7al\u0131\u015fmalar i\u00e7in yap\u0131lacak kesintiler ileriki tarihlere al\u0131nd\u0131. SEDA\u015e saha ekipleri, 4 g\u00fcnl\u00fck bayram s\u00fcresince 7\/24 hizmet vermeye devam edecek. Do\u011fu Marmara B\u00f6lgesinde yakla\u015f\u0131k, 20.000 km\u00b2 alanda, 3,4 milyon n\u00fcfusa, 9,5 milyar kWh elektrik da\u011f\u0131t\u0131m\u0131 yapan ve T\u00fcrkiye\u2019nin say\u0131l\u0131 elektrik da\u011f\u0131t\u0131m \u015firketlerinden biri olan SEDA\u015e, 474 ara\u00e7 1700 \u00e7al\u0131\u015fan\u0131 ile hizmet veriyor. SEDA\u015e 4 \u0130l 45 \u0130l\u00e7e ve 1441 k\u00f6y\u00fcn elektrik da\u011f\u0131t\u0131m \u015febeke hizmetlerini 7\/24 \u00e7al\u0131\u015fma prensibine g\u00f6re s\u00fcrd\u00fcr\u00fcyor.<\/p>\n<p><strong>YATIRIM VE BAKIM \u00c7ALI\u015eMALARI KAL\u0130TEL\u0130 ELEKTR\u0130K \u0130\u00c7\u0130N <\/strong><\/p>\n<p>SEDA\u015e 2016-2020 y\u0131llar\u0131nda toplamda 508 Milyon TL yat\u0131r\u0131m yapacak olup, \u015febeke yenileme ve kapasite art\u0131\u015f\u0131 sa\u011flarken, b\u00f6lgesindeki kay\u0131p ka\u00e7ak m\u00fccadelesini de t\u00fcm h\u0131z\u0131yla s\u00fcrd\u00fcrecek. Yat\u0131r\u0131m ve Bak\u0131m \u00e7al\u0131\u015fmalar\u0131n\u0131 \u015febekede planl\u0131 kesintilerle s\u00fcrd\u00fcren SEDA\u015e Bayram sonras\u0131 bu \u00e7al\u0131\u015fmalar\u0131na a\u011f\u0131rl\u0131k verecek. Bak\u0131m \u00e7al\u0131\u015fmalar\u0131 s\u0131ras\u0131nda yap\u0131lacak elektrik kesintilerini; bedas.com.tr sayfas\u0131nda da duyuran SEDA\u015e,\u00a0 \u00f6nleyici bak\u0131m \u00e7al\u0131\u015fmalar\u0131 kapsam\u0131nda trafo binalar\u0131n\u0131n temizli\u011fi, pano bak\u0131mlar\u0131, enerji nakil hatt\u0131 sehimlerinin al\u0131nmas\u0131, a\u011fa\u00e7 budanmas\u0131 \u00e7al\u0131\u015fmalar\u0131 yan\u0131nda,\u00a0 trafo merkezleri ve enerji hatlar\u0131nda termal kameralar ile rutin taramalar yapacak. SEDA\u015e bug\u00fcne kadar yapt\u0131\u011f\u0131 \u00e7al\u0131\u015fmalar sonucu, elektrik ar\u0131zalar\u0131n\u0131n %30 oran\u0131nda azalmas\u0131n\u0131 sa\u011flarken, ar\u0131zalar\u0131n yo\u011funla\u015ft\u0131\u011f\u0131 b\u00f6lgelerde bak\u0131m \u00e7al\u0131\u015fmalar\u0131na a\u011f\u0131rl\u0131k veren SEDA\u015e yat\u0131r\u0131mlar\u0131n\u0131 da buna g\u00f6re planlama yoluna\u00a0gitmektedir.<\/p>","protected":false},"excerpt":{"rendered":"<p>Sorry, this entry is only available in Turkish. For the sake of viewer convenience, the content is shown below in the alternative language. You may click the link to switch the active language.SEDA\u015e (Sakarya Elektrik Da\u011f\u0131t\u0131m A.\u015e.), t\u00fcm planl\u0131 bak\u0131m, onar\u0131m ve yat\u0131r\u0131m \u00e7al\u0131\u015fmalar\u0131n\u0131, Ramazan Bayram\u0131 boyunca iptal ederek bayramla ilgili gerekli olan \u00f6nlemleri de\u00a0ger\u00e7ekle\u015ftirdi. [&hellip;]<\/p>\n","protected":false},"author":1,"featured_media":54909,"comment_status":"open","ping_status":"open","sticky":false,"template":"","format":"standard","meta":[],"categories":[51,53],"tags":[30483,68,61,19638,2873,63,67,1009,2698,165,2444],"views":725,"_links":{"self":[{"href":"https:\/\/www.enerjigazetesi.ist\/en\/wp-json\/wp\/v2\/posts\/54908"}],"collection":[{"href":"https:\/\/www.enerjigazetesi.ist\/en\/wp-json\/wp\/v2\/posts"}],"about":[{"href":"https:\/\/www.enerjigazetesi.ist\/en\/wp-json\/wp\/v2\/types\/post"}],"author":[{"embeddable":true,"href":"https:\/\/www.enerjigazetesi.ist\/en\/wp-json\/wp\/v2\/users\/1"}],"replies":[{"embeddable":true,"href":"https:\/\/www.enerjigazetesi.ist\/en\/wp-json\/wp\/v2\/comments?post=54908"}],"version-history":[{"count":3,"href":"https:\/\/www.enerjigazetesi.ist\/en\/wp-json\/wp\/v2\/posts\/54908\/revisions"}],"predecessor-version":[{"id":54912,"href":"https:\/\/www.enerjigazetesi.ist\/en\/wp-json\/wp\/v2\/posts\/54908\/revisions\/54912"}],"wp:featuredmedia":[{"embeddable":true,"href":"https:\/\/www.enerjigazetesi.ist\/en\/wp-json\/wp\/v2\/media\/54909"}],"wp:attachment":[{"href":"https:\/\/www.enerjigazetesi.ist\/en\/wp-json\/wp\/v2\/media?parent=54908"}],"wp:term":[{"taxonomy":"category","embeddable":true,"href":"https:\/\/www.enerjigazetesi.ist\/en\/wp-json\/wp\/v2\/categories?post=54908"},{"taxonomy":"post_tag","embeddable":true,"href":"https:\/\/www.enerjigazetesi.ist\/en\/wp-json\/wp\/v2\/tags?post=54908"}],"curies":[{"name":"wp","href":"https:\/\/api.w.org\/{rel}","templated":true}]}}