{"id":5490,"date":"2013-01-22T15:23:54","date_gmt":"2013-01-22T12:23:54","guid":{"rendered":"https:\/\/www.enerjigazetesi.ist\/?p=5490"},"modified":"2013-01-22T15:23:54","modified_gmt":"2013-01-22T12:23:54","slug":"2012-son-130-yilin-en-sicak-ilk-10-yili-arasinda-cozum-enerji-verimliligi","status":"publish","type":"post","link":"https:\/\/www.enerjigazetesi.ist\/en\/2012-son-130-yilin-en-sicak-ilk-10-yili-arasinda-cozum-enerji-verimliligi\/","title":{"rendered":"(Turkish) 2012 Son 130 Y\u0131l\u0131n En S\u0131cak \u0130lk 10 Y\u0131l\u0131 Aras\u0131nda \u00c7\u00f6z\u00fcm Enerji Verimlili\u011fi"},"content":{"rendered":"<p class=\"qtranxs-available-languages-message qtranxs-available-languages-message-en\">Sorry, this entry is only available in <a href=\"https:\/\/www.enerjigazetesi.ist\/tr\/wp-json\/wp\/v2\/posts\/5490\" class=\"qtranxs-available-language-link qtranxs-available-language-link-tr\" title=\"Turkish\">Turkish<\/a>. For the sake of viewer convenience, the content is shown below in the alternative language. You may click the link to switch the active language.<\/p><p><strong>Amerikal\u0131 bilim adamlar\u0131, 2012&#8217;nin, 1880 y\u0131l\u0131ndan bu yana d\u00fcnyada ya\u015fanan en\u00a0 s\u0131cak 10 y\u0131ldan biri oldu\u011funu tespit etti.<\/strong><\/p>\n<p>Amerikan Ulusal Havac\u0131l\u0131k ve Uzay Dairesi&#8217;nden (NASA) bilim adamlar\u0131 2012&#8217;nin\u00a0 en s\u0131cak 9. y\u0131l oldu\u011funu belirtirken, bir ba\u015fka Amerikan kurulu\u015fu ise ge\u00e7en\u00a0 y\u0131l\u0131n, 1880&#8217;den bu yana en s\u0131cak 10. y\u0131l oldu\u011funu s\u00f6yledi.<\/p>\n<p><img loading=\"lazy\" class=\"alignleft size-medium wp-image-5491\" title=\"nasa-en-sicak-yil-cozum-enerji-verimliligi\" src=\"https:\/\/www.enerjigazetesi.ist\/wp-content\/uploads\/2013\/01\/nasa-en-sicak-yil-cozum-enerji-verimliligi-300x163.jpg\" alt=\"\" width=\"300\" height=\"163\" srcset=\"https:\/\/www.enerjigazetesi.ist\/wp-content\/uploads\/2013\/01\/nasa-en-sicak-yil-cozum-enerji-verimliligi-300x163.jpg 300w, https:\/\/www.enerjigazetesi.ist\/wp-content\/uploads\/2013\/01\/nasa-en-sicak-yil-cozum-enerji-verimliligi-80x43.jpg 80w, https:\/\/www.enerjigazetesi.ist\/wp-content\/uploads\/2013\/01\/nasa-en-sicak-yil-cozum-enerji-verimliligi.jpg 460w\" sizes=\"(max-width: 300px) 100vw, 300px\" \/>Her iki ara\u015ft\u0131rma ekibi de, ge\u00e7en y\u0131l baz\u0131 b\u00f6lgelerdeki s\u0131cakl\u0131\u011f\u0131n d\u00fc\u015fmesine\u00a0 yol a\u00e7an La Nina hava hareketleri olmasa daha y\u00fcksek olaca\u011f\u0131 tespitinde\u00a0 bulunuyor. Ad\u0131 ge\u00e7en kurulu\u015flar, son <span style=\"color: #ff6600;\"><strong>50<\/strong><\/span> y\u0131ldaki <span style=\"color: #ff6600;\">s\u0131cakl\u0131k art\u0131\u015f\u0131n\u0131n<\/span> belirleyici\u00a0 fakt\u00f6r\u00fcn\u00fcn, <span style=\"color: #ff6600;\"><strong>karbon dioksit sal\u0131m\u0131<\/strong><\/span> oldu\u011funu belirtiyor. Ulusal Okyanus ve\u00a0 Atmosfer \u0130daresi (NOAA) 2012 y\u0131l\u0131nda ortalama s\u0131cakl\u0131\u011f\u0131n 0,57 santigrat\u00a0 oldu\u011funu, bunun da 20. y\u00fczy\u0131l ortalamas\u0131n\u0131n \u00fczerinde oldu\u011funu a\u00e7\u0131klad\u0131. Kurulu\u015f, 21. y\u00fczy\u0131l\u0131n ilk 12 y\u0131l\u0131n\u0131n kay\u0131tlar\u0131n tutulmaya ba\u015flad\u0131\u011f\u0131 son 133 y\u0131ll\u0131k\u00a0 d\u00f6nemin en s\u0131cak 14 y\u0131l\u0131 aras\u0131nda oldu\u011funu belirtiyor.<\/p>\n<p>NOAA yetkililerinden Thomas Karl, ge\u00e7en y\u0131l, ABD&#8217;nin aksine d\u00fcnyan\u0131n geri\u00a0 kalan\u0131nda rekor bir s\u0131cakl\u0131\u011f\u0131n tespit edilmedi\u011fini, ancak s\u0131cakl\u0131\u011f\u0131n genel\u00a0 olarak y\u00fcksek oldu\u011funu kaydetti.<\/p>\n<p>Karl, &#8220;S\u0131cakl\u0131\u011f\u0131n 1976 y\u0131l\u0131ndan bu yana her y\u0131l ortalaman\u0131n \u00fczerinde\u00a0 seyretti\u011fini&#8221; de belirtti. Ayn\u0131 veriler \u00fczerinden k\u0131smen farkl\u0131 bir analiz yapan\u00a0 NASA ise, 2012&#8217;nin y\u00fczy\u0131l\u0131n ortalamas\u0131n\u0131n 0,6 santigrat derece daha y\u00fcksek\u00a0 oldu\u011fu tespitini yapt\u0131.<\/p>\n<div>Ara\u015ft\u0131rmalarda ayr\u0131ca, G\u00fcney Kutbu&#8217;ndaki buzlar\u0131n 2012 y\u0131l\u0131nda rekor\u00a0 d\u00fczeyde eridi\u011fini de ortaya koydu.<\/div>\n<div><\/div>\n<div>Kaynak: <a href=\"http:\/\/www.yesilekonomi.com\/surdurulebilirlik\/2012-son-130-yilin-en-sicak-ilk-10-yili-arasinda\" target=\"_blank\">Ye\u015fil Ekonomi<\/a><\/div>\n<p><\/p>","protected":false},"excerpt":{"rendered":"<p>Sorry, this entry is only available in Turkish. For the sake of viewer convenience, the content is shown below in the alternative language. You may click the link to switch the active language.Amerikal\u0131 bilim adamlar\u0131, 2012&#8217;nin, 1880 y\u0131l\u0131ndan bu yana d\u00fcnyada ya\u015fanan en\u00a0 s\u0131cak 10 y\u0131ldan biri oldu\u011funu tespit etti. Amerikan Ulusal Havac\u0131l\u0131k ve Uzay [&hellip;]<\/p>\n","protected":false},"author":1,"featured_media":5491,"comment_status":"open","ping_status":"open","sticky":false,"template":"","format":"standard","meta":[],"categories":[53,52],"tags":[67,12,1942,1944,1943,133],"views":758,"_links":{"self":[{"href":"https:\/\/www.enerjigazetesi.ist\/en\/wp-json\/wp\/v2\/posts\/5490"}],"collection":[{"href":"https:\/\/www.enerjigazetesi.ist\/en\/wp-json\/wp\/v2\/posts"}],"about":[{"href":"https:\/\/www.enerjigazetesi.ist\/en\/wp-json\/wp\/v2\/types\/post"}],"author":[{"embeddable":true,"href":"https:\/\/www.enerjigazetesi.ist\/en\/wp-json\/wp\/v2\/users\/1"}],"replies":[{"embeddable":true,"href":"https:\/\/www.enerjigazetesi.ist\/en\/wp-json\/wp\/v2\/comments?post=5490"}],"version-history":[{"count":2,"href":"https:\/\/www.enerjigazetesi.ist\/en\/wp-json\/wp\/v2\/posts\/5490\/revisions"}],"predecessor-version":[{"id":5493,"href":"https:\/\/www.enerjigazetesi.ist\/en\/wp-json\/wp\/v2\/posts\/5490\/revisions\/5493"}],"wp:featuredmedia":[{"embeddable":true,"href":"https:\/\/www.enerjigazetesi.ist\/en\/wp-json\/wp\/v2\/media\/5491"}],"wp:attachment":[{"href":"https:\/\/www.enerjigazetesi.ist\/en\/wp-json\/wp\/v2\/media?parent=5490"}],"wp:term":[{"taxonomy":"category","embeddable":true,"href":"https:\/\/www.enerjigazetesi.ist\/en\/wp-json\/wp\/v2\/categories?post=5490"},{"taxonomy":"post_tag","embeddable":true,"href":"https:\/\/www.enerjigazetesi.ist\/en\/wp-json\/wp\/v2\/tags?post=5490"}],"curies":[{"name":"wp","href":"https:\/\/api.w.org\/{rel}","templated":true}]}}