{"id":54885,"date":"2016-07-02T17:04:49","date_gmt":"2016-07-02T14:04:49","guid":{"rendered":"https:\/\/www.enerjigazetesi.ist\/?p=54885"},"modified":"2016-07-02T17:05:25","modified_gmt":"2016-07-02T14:05:25","slug":"albayrak-enerji-projeleri-istikrarin-citasini-yukseltmemiz-icin-bir-firsattir","status":"publish","type":"post","link":"https:\/\/www.enerjigazetesi.ist\/en\/albayrak-enerji-projeleri-istikrarin-citasini-yukseltmemiz-icin-bir-firsattir\/","title":{"rendered":"(Turkish) Albayrak: \u201cEnerji Projeleri \u0130stikrar\u0131n \u00c7\u0131tas\u0131n\u0131 Y\u00fckseltmek \u0130\u00e7in F\u0131rsatt\u0131r&#8230;\u201d"},"content":{"rendered":"<p class=\"qtranxs-available-languages-message qtranxs-available-languages-message-en\">Sorry, this entry is only available in <a href=\"https:\/\/www.enerjigazetesi.ist\/tr\/wp-json\/wp\/v2\/posts\/54885\" class=\"qtranxs-available-language-link qtranxs-available-language-link-tr\" title=\"Turkish\">Turkish<\/a>. For the sake of viewer convenience, the content is shown below in the alternative language. You may click the link to switch the active language.<\/p><p><\/p>\n<p class=\"selectionShareable\" style=\"color: #0a0a0a;\"><strong>Enerji ve Tabii Kaynaklar Bakan\u0131 Berat Albayrak, enerji sorunlar\u0131na \u00e7\u00f6z\u00fcm ararken, bu \u00e7\u00f6z\u00fcmlerin b\u00f6lgesel ya da k\u00fcresel istikrara, bar\u0131\u015fa, huzura olan katk\u0131s\u0131n\u0131n \u00f6ncelik olarak belirlenmesinin gerekti\u011fini\u00a0ifade etti.<\/strong><span id=\"more-82145\"><\/span><\/p>\n<p class=\"selectionShareable\" style=\"color: #0a0a0a;\">\u00c7in\u2019in ba\u015fkenti Pekin\u2019de d\u00fczenlenen G20 Enerji Bakanlar\u0131 Toplant\u0131s\u0131 \u00e7er\u00e7evesinde \u201cUluslararas\u0131 Enerji Geli\u015fimi i\u00e7in Tahminler, F\u0131rsatlar ve Tehditler\u201d oturumunda kendisine moderat\u00f6rl\u00fck f\u0131rsat\u0131n\u0131n verilmesinden dolay\u0131 memnuniyetini ifade eden Bakan Albayrak, enerji piyasalar\u0131n\u0131n h\u0131zla k\u00fcreselle\u015fti\u011fi, f\u0131rsat ve risklerin ayn\u0131 \u015fekilde art\u0131\u015f g\u00f6sterdi\u011fi bir d\u00f6nemde bu konunun ele al\u0131nmas\u0131n<a href=\"https:\/\/www.enerjigazetesi.ist\/wp-content\/uploads\/2015\/12\/berat-albayrak-2398323-696x385.jpg\"><img loading=\"lazy\" class=\"alignright size-medium wp-image-48038\" src=\"https:\/\/www.enerjigazetesi.ist\/wp-content\/uploads\/2015\/12\/berat-albayrak-2398323-696x385-300x165.jpg\" alt=\"berat-albayrak-2398323-696x385\" width=\"300\" height=\"165\" srcset=\"https:\/\/www.enerjigazetesi.ist\/wp-content\/uploads\/2015\/12\/berat-albayrak-2398323-696x385-300x165.jpg 300w, https:\/\/www.enerjigazetesi.ist\/wp-content\/uploads\/2015\/12\/berat-albayrak-2398323-696x385-500x276.jpg 500w, https:\/\/www.enerjigazetesi.ist\/wp-content\/uploads\/2015\/12\/berat-albayrak-2398323-696x385-80x44.jpg 80w, https:\/\/www.enerjigazetesi.ist\/wp-content\/uploads\/2015\/12\/berat-albayrak-2398323-696x385.jpg 696w\" sizes=\"(max-width: 300px) 100vw, 300px\" \/><\/a>\u0131n son derece do\u011fru oldu\u011funa i\u015faret etti.<\/p>\n<p class=\"selectionShareable\" style=\"color: #0a0a0a;\">Enerji konusunun son y\u0131llarda d\u00fcnya g\u00fcndeminin en \u00fcst s\u0131ralar\u0131nda yer ald\u0131\u011f\u0131na dikkati \u00e7eken Albayrak, bir tarafta \u00fcretici ve t\u00fcketici \u00fclkelere olan etkileriyle de\u011fi\u015fken petrol fiyatlar\u0131, di\u011fer tarafta enerji arz g\u00fcvenli\u011fi endi\u015feleri ve kaynaklar a\u00e7\u0131s\u0131ndan zengin \u00fclkelerde devam eden siyasi istikrars\u0131zl\u0131k ve \u00e7at\u0131\u015fmalar bulundu\u011funu s\u00f6yledi.<\/p>\n<p class=\"selectionShareable\" style=\"color: #0a0a0a;\">\u201cSiyasi olarak istikrars\u0131z hangi co\u011frafyaya baksak, enerji kaynaklar\u0131n\u0131n bu b\u00f6lgelerde yo\u011funla\u015ft\u0131\u011f\u0131n\u0131 g\u00f6rmekteyiz. Bu durum akla \u015fu soruyu getiriyor: T\u00fcm bu \u00e7at\u0131\u015fma ve istikrars\u0131zl\u0131klar\u0131n engellemesinde enerji kaynaklar\u0131n\u0131n rol\u00fc yads\u0131nabilir mi?\u201d ifadesini kullanan Albayrak, ya\u015fanan s\u00fcre\u00e7lerin di\u0307kkate al\u0131nd\u0131\u011f\u0131nda art\u0131k enerji\u0307 kaynaklar\u0131n\u0131n payla\u015f\u0131m\u0131 ya da d\u00fcnyan\u0131n arz g\u00fcvenli\u0307\u011fi\u0307nin farkl\u0131 bi\u0307r konsept ile ele al\u0131nmas\u0131 gereklili\u011finin ortaya \u00e7\u0131kt\u0131\u011f\u0131n\u0131 kaydetti.<\/p>\n<p class=\"selectionShareable\" style=\"color: #0a0a0a;\">\u201cEnerji sorunlar\u0131na ya da enerji temelli sorunlara \u00e7\u00f6z\u00fcm ararken, bu \u00e7\u00f6z\u00fcmlerin b\u00f6lgesel ya da k\u00fcresel istikrara, bar\u0131\u015fa, huzura olan katk\u0131s\u0131n\u0131 \u00f6ncelik olarak belirlememiz gerekir.\u201d diyen Albayrak, her krizin geli\u015fme i\u00e7in f\u0131rsatlar sundu\u011funa inand\u0131\u011f\u0131n\u0131 ifade etti.<\/p>\n<p class=\"selectionShareable\" style=\"color: #0a0a0a;\">\u201cBug\u00fcn enerji kaynaklar\u0131 ve enerji g\u00fczergahlar\u0131 ne kadar m\u00fccadeleni\u0307n kayna\u011f\u0131 i\u0307se bi\u0307r o kadar da i\u0307\u015f bi\u0307rli\u0307\u011fi\u0307ni\u0307n, i\u0307sti\u0307krar\u0131n ve i\u0307tti\u0307faklar\u0131n kayna\u011f\u0131 olabi\u0307lece\u011fi\u0307ne de i\u0307nan\u0131yoruz. G\u00fcn\u00fcm\u00fczde, \u00fclkeler aras\u0131nda i\u0307\u015f bi\u0307rli\u0307\u011fi\u0307 ve dayan\u0131\u015fma olmadan, hi\u0307\u00e7bi\u0307r \u00fclkeni\u0307n enerji\u0307 arz g\u00fcvenli\u0307\u011fi\u0307ni\u0307 tek ba\u015f\u0131na sa\u011flamas\u0131n\u0131n m\u00fcmk\u00fcn olmayaca\u011f\u0131n\u0131 d\u00fc\u015f\u00fcn\u00fcyoruz. B\u00f6lgesel i\u0307sti\u0307krar ve huzuru \u00f6nceli\u0307k olarak beni\u0307msemeyen hi\u0307\u00e7bi\u0307r i\u0307\u015f bi\u0307rli\u0307\u011fi\u0307 ve ti\u0307careti\u0307n de kal\u0131c\u0131 olmayaca\u011f\u0131na i\u0307nan\u0131yoruz.\u201d \u015feklinde konu\u015fan Enerji Bakan\u0131, T\u00fcrkiye\u2019nin t\u00fcm politikalar\u0131ndaki temel kayg\u0131s\u0131n\u0131n b\u00f6lgesel ve k\u00fcresel bar\u0131\u015f ve istikrar\u0131n sa\u011flanmas\u0131 oldu\u011funu vurgulad\u0131.<\/p>\n<p class=\"selectionShareable\" style=\"color: #0a0a0a;\">\u201c\u00dcst\u00fcm\u00fcze d\u00fc\u015fen her sorumlulu\u011fu al\u0131r\u0131z ve risk almaktan \u00e7ekinmeyiz. 3 milyon m\u00fclteciye kap\u0131m\u0131z\u0131 a\u00e7t\u0131k. S\u0131n\u0131r, inan\u00e7 veya etnik k\u00f6ken tan\u0131mayan ter\u00f6rizme kar\u015f\u0131 sava\u015f\u0131m\u0131za devam edece\u011fiz. Her zaman bar\u0131\u015f ve ho\u015fg\u00f6r\u00fcy\u00fc temel alan yap\u0131c\u0131 bir yakla\u015f\u0131m\u0131 savunuyoruz.\u201d ifadesini kullanan Albayrak, T\u00fcrkiye\u2019nin politikalar\u0131n\u0131 olu\u015ftururken enerjiyi yap\u0131c\u0131 ve tamir edici bir enstr\u00fcman olarak kulland\u0131\u011f\u0131na dikkati \u00e7ekti.<\/p>\n<p class=\"selectionShareable\" style=\"color: #0a0a0a;\">Albayrak, \u201cTaraflar\u0131n ekonomilerine katk\u0131 sa\u011flayan uluslararas\u0131 enerji projelerinin, b\u00f6lgesel huzur ve istikrar \u00e7\u0131tas\u0131n\u0131 da y\u00fckseltmek i\u00e7in bir f\u0131rsat olaca\u011f\u0131na inan\u0131yorum. Bu \u00f6neri ulusal \u00e7\u0131karlar\u0131n \u00f6tesine gitmektedir.\u201d de\u011ferlendirmesinde bulundu ve s\u00f6z konusu \u00f6nerinin sorumlu bir yakla\u015f\u0131m gerektirdi\u011fini, T\u00fcrkiye\u2019nin bu \u00f6nemli sorumluluk i\u00e7in g\u00fc\u00e7l\u00fc bir \u015fekilde \u00e7al\u0131\u015ft\u0131\u011f\u0131n\u0131 kaydetti.<\/p>\n<p class=\"selectionShareable\" style=\"color: #0a0a0a;\">Trans Anadolu Ham Petrol Boru Hatt\u0131 Projesinin (TANAP) burada bahsedilebilecek en uygun proje oldu\u011funa inand\u0131\u011f\u0131n\u0131 ifade eden Enerji Bakan\u0131, T\u00fcrkiye\u2019nin TANAP ile ili\u015fkilerini ve i\u015f birli\u011fini g\u00fc\u00e7lendirdi\u011finin alt\u0131n\u0131 \u00e7izdi.<\/p>\n<p class=\"selectionShareable\" style=\"color: #0a0a0a;\">\u201cTANAP ve G\u00fcney Gaz Koridoru T\u00fcrk ve Avrupa\u2019n\u0131n arz g\u00fcvenli\u011fine olan etkileri ile bir model olarak al\u0131nabilecek prototip enerji projesi niteli\u011findedir. Ge\u00e7ti\u011fimiz ay temel atma t\u00f6renine kat\u0131ld\u0131\u011f\u0131m\u0131z Trans-Adriyatik Boru Hatt\u0131 Projesi (TAP) bahsedilebilecek di\u011fer bir \u00f6nemli projedir.\u201d ifadelerine yer veren Albayrak, T\u00fcrkiye\u2019nin muhtemel bir Avrupa Birli\u011fi (AB) \u00fcyesi olarak AB\u2019nin i\u00e7 enerji piyasas\u0131 ve arz g\u00fcvenli\u011fine \u00e7ok \u00f6nemli bir katk\u0131s\u0131 olacak TAP\u2019\u0131 destekledi\u011fini\u00a0belirtti.<\/p>\n<p class=\"selectionShareable\" style=\"color: #0a0a0a;\">Kaynak: Enerji Enstit\u00fcs\u00fc<\/p>\n<p><\/p>","protected":false},"excerpt":{"rendered":"<p>Sorry, this entry is only available in Turkish. For the sake of viewer convenience, the content is shown below in the alternative language. You may click the link to switch the active language. Enerji ve Tabii Kaynaklar Bakan\u0131 Berat Albayrak, enerji sorunlar\u0131na \u00e7\u00f6z\u00fcm ararken, bu \u00e7\u00f6z\u00fcmlerin b\u00f6lgesel ya da k\u00fcresel istikrara, bar\u0131\u015fa, huzura olan katk\u0131s\u0131n\u0131n [&hellip;]<\/p>\n","protected":false},"author":1,"featured_media":48038,"comment_status":"open","ping_status":"open","sticky":false,"template":"","format":"standard","meta":[],"categories":[46,53,44],"tags":[27051,63,67,1009,1475,4567,2698,1306,165,30479,117,20533,8686,9994,2297,3309,9529,30480],"views":653,"_links":{"self":[{"href":"https:\/\/www.enerjigazetesi.ist\/en\/wp-json\/wp\/v2\/posts\/54885"}],"collection":[{"href":"https:\/\/www.enerjigazetesi.ist\/en\/wp-json\/wp\/v2\/posts"}],"about":[{"href":"https:\/\/www.enerjigazetesi.ist\/en\/wp-json\/wp\/v2\/types\/post"}],"author":[{"embeddable":true,"href":"https:\/\/www.enerjigazetesi.ist\/en\/wp-json\/wp\/v2\/users\/1"}],"replies":[{"embeddable":true,"href":"https:\/\/www.enerjigazetesi.ist\/en\/wp-json\/wp\/v2\/comments?post=54885"}],"version-history":[{"count":3,"href":"https:\/\/www.enerjigazetesi.ist\/en\/wp-json\/wp\/v2\/posts\/54885\/revisions"}],"predecessor-version":[{"id":54888,"href":"https:\/\/www.enerjigazetesi.ist\/en\/wp-json\/wp\/v2\/posts\/54885\/revisions\/54888"}],"wp:featuredmedia":[{"embeddable":true,"href":"https:\/\/www.enerjigazetesi.ist\/en\/wp-json\/wp\/v2\/media\/48038"}],"wp:attachment":[{"href":"https:\/\/www.enerjigazetesi.ist\/en\/wp-json\/wp\/v2\/media?parent=54885"}],"wp:term":[{"taxonomy":"category","embeddable":true,"href":"https:\/\/www.enerjigazetesi.ist\/en\/wp-json\/wp\/v2\/categories?post=54885"},{"taxonomy":"post_tag","embeddable":true,"href":"https:\/\/www.enerjigazetesi.ist\/en\/wp-json\/wp\/v2\/tags?post=54885"}],"curies":[{"name":"wp","href":"https:\/\/api.w.org\/{rel}","templated":true}]}}