{"id":54818,"date":"2016-06-30T12:53:46","date_gmt":"2016-06-30T09:53:46","guid":{"rendered":"https:\/\/www.enerjigazetesi.ist\/?p=54818"},"modified":"2016-06-30T12:58:10","modified_gmt":"2016-06-30T09:58:10","slug":"enerji-gazetesi-turek-2016-ruzgar-enerjisi-kongresinin-medya-sponsoru-oldu","status":"publish","type":"post","link":"https:\/\/www.enerjigazetesi.ist\/en\/enerji-gazetesi-turek-2016-ruzgar-enerjisi-kongresinin-medya-sponsoru-oldu\/","title":{"rendered":"(Turkish) Enerji Gazetesi T\u00dcREK 2016 R\u00fczgar Enerjisi Kongresi&#8217;nin Medya Sponsoru!"},"content":{"rendered":"<p class=\"qtranxs-available-languages-message qtranxs-available-languages-message-en\">Sorry, this entry is only available in <a href=\"https:\/\/www.enerjigazetesi.ist\/tr\/wp-json\/wp\/v2\/posts\/54818\" class=\"qtranxs-available-language-link qtranxs-available-language-link-tr\" title=\"Turkish\">Turkish<\/a>. For the sake of viewer convenience, the content is shown below in the alternative language. You may click the link to switch the active language.<\/p><p><strong>T\u00fcrkiye R\u00fczgar Enerjisi Birli\u011fi taraf\u0131ndan d\u00fczenlenen &#8221;T\u00fcrkiye R\u00fczgar Enerjisi Kongresi&#8217;nin be\u015fincisi bu y\u0131l\u00a02-3 Kas\u0131m 2016 tarihlerinde Ankara JW Marriott Hotel&#8217;de d\u00fczenlenecek kongrede Enerji Gazetesi ailesi de medya sponsoru olarak yerini ald\u0131.<\/strong><\/p>\n<p><strong>EPDK Ba\u015fkan\u0131: &#8221;Ekim 2016&#8217;da Rekor Ba\u015fvuru Bekliyoruz&#8221;<\/strong><\/p>\n<p>Ge\u00e7ti\u011fimiz sene d\u00fczenlenen kongrede\u00a0EPDK Ba\u015fkan\u0131 Mustafa Y\u0131lmaz, son on \u00fc\u00e7 y\u0131lda ya\u015fanan b\u00fcy\u00fck geli\u015fmel<a href=\"https:\/\/www.enerjigazetesi.ist\/wp-content\/uploads\/2016\/06\/turkiye-ruzgar-enerjisi-kongresi-turek.jpg\"><img loading=\"lazy\" class=\"alignright size-medium wp-image-54819\" src=\"https:\/\/www.enerjigazetesi.ist\/wp-content\/uploads\/2016\/06\/turkiye-ruzgar-enerjisi-kongresi-turek-300x204.jpg\" alt=\"turkiye-ruzgar-enerjisi-kongresi-turek\" width=\"300\" height=\"204\" srcset=\"https:\/\/www.enerjigazetesi.ist\/wp-content\/uploads\/2016\/06\/turkiye-ruzgar-enerjisi-kongresi-turek-300x204.jpg 300w, https:\/\/www.enerjigazetesi.ist\/wp-content\/uploads\/2016\/06\/turkiye-ruzgar-enerjisi-kongresi-turek-500x340.jpg 500w, https:\/\/www.enerjigazetesi.ist\/wp-content\/uploads\/2016\/06\/turkiye-ruzgar-enerjisi-kongresi-turek-73x50.jpg 73w, https:\/\/www.enerjigazetesi.ist\/wp-content\/uploads\/2016\/06\/turkiye-ruzgar-enerjisi-kongresi-turek.jpg 531w\" sizes=\"(max-width: 300px) 100vw, 300px\" \/><\/a>erin siyasi istikrar\u0131n bir sonucu oldu\u011funu s\u00f6yleyerek, yerli ve yabanc\u0131 yat\u0131r\u0131mc\u0131n\u0131n g\u00fcvenli bir liman olarak g\u00f6rd\u00fckleri\u00a0\u00fclkemize ilgi g\u00f6sterdiklerini belirtip,\u00a0son be\u015f aydaki k\u0131smi belirsizli\u011fin ortadan kalkmas\u0131yla enerji sekt\u00f6r\u00fcn\u00fcn yeniden at\u0131l\u0131ma ge\u00e7ece\u011fini s\u00f6yleyen Y\u0131lmaz, \u00f6zel sekt\u00f6r\u00fcn g\u00f6sterdi\u011fi ilginin kendilerini cesaretlendirdi\u011fini ifade etmi\u015fti. Nisan ay\u0131nda g\u00f6rd\u00fckleri ola\u011fan\u00fcst\u00fc talebi 2016 ekim ay\u0131nda da rekor d\u00fczeyde beklediklerini dile getiren Y\u0131lmaz, 1 kas\u0131m 2007 \u00f6ncesi lisans alm\u0131\u015f projelerden 850 MW\u2019l\u0131k g\u00fc\u00e7 art\u0131\u015f\u0131 talebi geldi\u011fini, bunlardan 360 MW\u2019\u0131n\u0131n i\u015flemlerini tamamlad\u0131klar\u0131n\u0131 s\u00f6ylemi\u015fti.<\/p>\n<p><strong>Ba\u015fbakanl\u0131k Yat\u0131r\u0131m Destek ve Tan\u0131t\u0131m Ajans\u0131 Ba\u015fkan\u0131 Ermut: &#8221;T\u00fcrkiye r\u00fczgar yat\u0131r\u0131mlar\u0131n\u0131n yan\u0131s\u0131ra t\u00fcrbin \u00fcretiminde de iddias\u0131 olacak \u00fclkelerden biri olacak.&#8221;<\/strong><\/p>\n<p>Ge\u00e7ti\u011fimiz sene d\u00fczenlenen\u00a0kongrede \u201cB\u00f6lgesinde istikrar adas\u0131 haline gelen \u00fclkemiz, yabanc\u0131 yat\u0131r\u0131mc\u0131lar i\u00e7in e\u015fsiz firsatlar bar\u0131nd\u0131rd\u0131\u011f\u0131n\u0131, Mevzuatlarda iyile\u015ftirmeler yap\u0131ld\u0131\u011f\u0131n\u0131,\u00a0\u00d6zel sekt\u00f6r\u00fcn piyasa pay\u0131 y\u00fczde 15\u2019lerden y\u00fczde 55\u2019lere \u00e7\u0131kt\u0131\u011f\u0131n\u0131, 2002 y\u0131l\u0131nda 1 milyar dolar olan yat\u0131r\u0131m y\u0131lda 12 milyar dolara kadar artt\u0131\u011f\u0131n\u0131 ve\u00a0bunun 1.3 milyar dolar\u0131n\u0131 enerji yat\u0131r\u0131mlar\u0131 olu\u015fturdu\u011funu,\u00a0T\u00fcrkiye r\u00fczgar yat\u0131r\u0131mlar\u0131n\u0131n yan\u0131s\u0131ra t\u00fcrbin \u00fcretiminde de iddias\u0131 olacak \u00fclkelerden biri haline geldi\u011fini, bu anlamda b\u00f6lgesel merkez olma potansiyelini de\u011ferlendirmek zorunda oldu\u011funu\u201d\u00a0belirtmi\u015flerdi.<\/p>\n<p>2012&#8217;den\u00a0g\u00fcn\u00fcm\u00fcze kadar s\u00fcrekli olarak ger\u00e7ekle\u015ftirilen,<strong>\u00a0gelece\u011fimize\u00a0daha temiz bir d\u00fcnya b\u0131rakabilmek<\/strong> i\u00e7in r\u00fczgar enerjisinin \u00f6nemini, \u00fclkemize olan faydalar\u0131n\u0131n anlat\u0131lmaya devam edilece\u011fi\u00a0<strong>T\u00fcrkiye Enerji Kongresi 2016<\/strong> i\u00e7in t\u00fcm \u00e7al\u0131\u015fmalar ve haz\u0131rl\u0131klar devam etmektedir. Enerji Gazetesi ailesi de <strong>Temiz Enerjiye<\/strong> verdi\u011fi deste\u011fi <strong>kongre \u00f6ncesi ve sonras\u0131nda<\/strong> da kesintisiz haber deste\u011fi ve tan\u0131t\u0131mlar ile\u00a0s\u00fcrd\u00fcrecektir.<\/p>\n<p><strong>Detayl\u0131 Bilgi \u0130\u00e7in:<\/strong>\u00a0<strong><a href=\"http:\/\/www.tureb.com.tr\/turek2016\" target=\"_blank\">www.tureb.com.tr\/turek2016<\/a><\/strong> ve <a href=\"http:\/\/www.tureb.com.tr\" target=\"_blank\"><strong>www.tureb.com.tr<\/strong><\/a> web adreslerini ziyaret edebilirsiniz.<\/p>","protected":false},"excerpt":{"rendered":"<p>Sorry, this entry is only available in Turkish. For the sake of viewer convenience, the content is shown below in the alternative language. You may click the link to switch the active language.T\u00fcrkiye R\u00fczgar Enerjisi Birli\u011fi taraf\u0131ndan d\u00fczenlenen &#8221;T\u00fcrkiye R\u00fczgar Enerjisi Kongresi&#8217;nin be\u015fincisi bu y\u0131l\u00a02-3 Kas\u0131m 2016 tarihlerinde Ankara JW Marriott Hotel&#8217;de d\u00fczenlenecek kongrede Enerji [&hellip;]<\/p>\n","protected":false},"author":1,"featured_media":54819,"comment_status":"open","ping_status":"open","sticky":false,"template":"","format":"standard","meta":[],"categories":[53,50],"tags":[63,67,1009,2698,165,69,16,26715,23318,22615,4784,1682,6645,30450,6644],"views":1078,"_links":{"self":[{"href":"https:\/\/www.enerjigazetesi.ist\/en\/wp-json\/wp\/v2\/posts\/54818"}],"collection":[{"href":"https:\/\/www.enerjigazetesi.ist\/en\/wp-json\/wp\/v2\/posts"}],"about":[{"href":"https:\/\/www.enerjigazetesi.ist\/en\/wp-json\/wp\/v2\/types\/post"}],"author":[{"embeddable":true,"href":"https:\/\/www.enerjigazetesi.ist\/en\/wp-json\/wp\/v2\/users\/1"}],"replies":[{"embeddable":true,"href":"https:\/\/www.enerjigazetesi.ist\/en\/wp-json\/wp\/v2\/comments?post=54818"}],"version-history":[{"count":6,"href":"https:\/\/www.enerjigazetesi.ist\/en\/wp-json\/wp\/v2\/posts\/54818\/revisions"}],"predecessor-version":[{"id":54825,"href":"https:\/\/www.enerjigazetesi.ist\/en\/wp-json\/wp\/v2\/posts\/54818\/revisions\/54825"}],"wp:featuredmedia":[{"embeddable":true,"href":"https:\/\/www.enerjigazetesi.ist\/en\/wp-json\/wp\/v2\/media\/54819"}],"wp:attachment":[{"href":"https:\/\/www.enerjigazetesi.ist\/en\/wp-json\/wp\/v2\/media?parent=54818"}],"wp:term":[{"taxonomy":"category","embeddable":true,"href":"https:\/\/www.enerjigazetesi.ist\/en\/wp-json\/wp\/v2\/categories?post=54818"},{"taxonomy":"post_tag","embeddable":true,"href":"https:\/\/www.enerjigazetesi.ist\/en\/wp-json\/wp\/v2\/tags?post=54818"}],"curies":[{"name":"wp","href":"https:\/\/api.w.org\/{rel}","templated":true}]}}