{"id":5471,"date":"2013-01-22T10:28:11","date_gmt":"2013-01-22T07:28:11","guid":{"rendered":"https:\/\/www.enerjigazetesi.ist\/?p=5471"},"modified":"2013-01-22T15:25:29","modified_gmt":"2013-01-22T12:25:29","slug":"yilda-15-milyar-dolarlik-tasarruf","status":"publish","type":"post","link":"https:\/\/www.enerjigazetesi.ist\/en\/yilda-15-milyar-dolarlik-tasarruf\/","title":{"rendered":"(Turkish) Y\u0131lda 15 Milyar Dolarl\u0131k Tasarruf"},"content":{"rendered":"<p class=\"qtranxs-available-languages-message qtranxs-available-languages-message-en\">Sorry, this entry is only available in <a href=\"https:\/\/www.enerjigazetesi.ist\/tr\/wp-json\/wp\/v2\/posts\/5471\" class=\"qtranxs-available-language-link qtranxs-available-language-link-tr\" title=\"Turkish\">Turkish<\/a>. For the sake of viewer convenience, the content is shown below in the alternative language. You may click the link to switch the active language.<\/p><p><strong>2013 y\u0131l\u0131nda enerjiyi verimli kullanma konusunu hemen her platformda g\u00fcndeme getirece\u011fini dile getiren Enerji ve Tabii Kaynaklar Bakan\u0131 Taner Y\u0131ld\u0131z, \u015funlar\u0131 s\u00f6yledi: \u201cSanayici, t\u00fcccar, tar\u0131m sekt\u00f6r\u00fcndeki b\u00fct\u00fcn \u00e7al\u0131\u015fanlar, yol ayd\u0131nlatmalar\u0131, kamu binalar\u0131 ve \u00f6zel sekt\u00f6r\u00fcn yapaca\u011f\u0131 toplam tasarruf miktar\u0131 y\u0131ll\u0131k 15 milyar lira civar\u0131nda.\u201d<\/strong><\/p>\n<p><img loading=\"lazy\" class=\"alignleft size-medium wp-image-5472\" title=\"yilda-15-milyar-dolarlik-tasarruf\" src=\"https:\/\/www.enerjigazetesi.ist\/wp-content\/uploads\/2013\/01\/yilda-15-milyar-dolarlik-tasarruf-300x199.jpg\" alt=\"\" width=\"300\" height=\"199\" srcset=\"https:\/\/www.enerjigazetesi.ist\/wp-content\/uploads\/2013\/01\/yilda-15-milyar-dolarlik-tasarruf-300x199.jpg 300w, https:\/\/www.enerjigazetesi.ist\/wp-content\/uploads\/2013\/01\/yilda-15-milyar-dolarlik-tasarruf-500x332.jpg 500w, https:\/\/www.enerjigazetesi.ist\/wp-content\/uploads\/2013\/01\/yilda-15-milyar-dolarlik-tasarruf-75x50.jpg 75w, https:\/\/www.enerjigazetesi.ist\/wp-content\/uploads\/2013\/01\/yilda-15-milyar-dolarlik-tasarruf.jpg 505w\" sizes=\"(max-width: 300px) 100vw, 300px\" \/>Enerji ve Tabii Kaynaklar Bakanl\u0131\u011f\u0131, Aile ve Sosyal Politikalar Bakanl\u0131\u011f\u0131 ile Enerji Verimlili\u011fi Derne\u011fi\u2019nin (ENVER) birlikte y\u00fcr\u00fctt\u00fc\u011f\u00fc \u201cEnerji Han\u0131m\u201d projesinin tan\u0131t\u0131m\u0131 yap\u0131ld\u0131. Bakan Y\u0131ld\u0131z, Kayseri \u0130l K\u00fclt\u00fcr ve Turizm M\u00fcd\u00fcrl\u00fc\u011f\u00fc Konferans Salonu\u2019nda ger\u00e7ekle\u015ftirilen tan\u0131t\u0131m program\u0131na kat\u0131ld\u0131.<\/p>\n<p>21 ilde e\u011fitim programlar\u0131n\u0131n ger\u00e7ekle\u015ftirilece\u011fini, enerji tasarrufunun \u00e7ok \u00f6nemli oldu\u011funu belirten Bakan Y\u0131ld\u0131z, T\u00fcrkiye\u2019nin gerek petrol gerekse do\u011fal gazla ilgili enerji tedariki nedeniyle son bir hafta i\u00e7inde 4 \u00fclkeye gitmek durumunda kald\u0131\u011f\u0131n\u0131 s\u00f6yledi. Bakan Y\u0131ld\u0131z, \u201cEnerji tasarrufu verimlili\u011fi asl\u0131nda 6. b\u00fcy\u00fck kaynak olarak g\u00f6sterilirken T\u00fcrkiye\u2019de birinci s\u0131radad\u0131r. \u00c7\u00fcnk\u00fc tasarruf, su, r\u00fczgar, k\u00f6m\u00fcr, do\u011fal gaz ve bir\u00e7ok kaynaktan \u00fcretti\u011fimiz elektri\u011fin asl\u0131nda s\u00fcz\u00fclm\u00fc\u015f halidir ve yerli kaynak haline gelmi\u015ftir. O y\u00fczden bizim bu yerli kayna\u011f\u0131m\u0131z\u0131 mutlaka \u00e7ok iyi kullanmam\u0131z gerekir. Sizin i\u00e7in k\u00fc\u00e7\u00fck ad\u0131mlar olabilir ama T\u00fcrkiye i\u00e7in b\u00fcy\u00fck bir ad\u0131m haline geliyor. Y\u0131ll\u0131k 4 milyar lira demek, bizim bir y\u0131ldaki b\u00fcy\u00fcmemize, yaln\u0131zca \u00fcretim tesisleri i\u00e7in harcad\u0131\u011f\u0131m\u0131z paran\u0131n yar\u0131s\u0131 demek. O y\u00fczden \u00e7ok ciddi bir miktar.<\/p>\n<p>Evlerde han\u0131mlar\u0131m\u0131z\u0131n tasarruf edece\u011fi miktar bu kadarken, sanayici, t\u00fcccar, tar\u0131m sekt\u00f6r\u00fcndeki b\u00fct\u00fcn \u00e7al\u0131\u015fanlar, yol ayd\u0131nlatmalar\u0131, kamu binalar\u0131 ve \u00f6zel sekt\u00f6r\u00fcn yapaca\u011f\u0131 toplam tasarruf miktar\u0131 y\u0131ll\u0131k 15 milyar lira civar\u0131nda. Elektrikte y\u0131ll\u0131k 60 milyar lira faturadan bahsedersek 15 milyar liral\u0131k tasarruf bunun d\u00f6rtte birine tekab\u00fcl ediyor. B\u00fct\u00fcn sekt\u00f6rleri dahil edersek T\u00fcrkiye 2023 y\u0131l\u0131na kadar elektrikte y\u00fczde 20\u2032ler civar\u0131nda tasarruf yapabilecek durumda.\u201d<\/p>\n<p>Bakan Y\u0131ld\u0131z, T\u00fcrkiye\u2019de 2011 ve 2012 y\u0131llar\u0131ndaki tasarruflu buzdolab\u0131 sat\u0131\u015flar\u0131 hakk\u0131nda, \u201c2011 y\u0131l\u0131nda 800 bin adet, 2012 y\u0131l\u0131nda da 1 milyon 100 bin adet yaln\u0131zca tasarruflu buzdolab\u0131 sat\u0131ld\u0131. 16-17 milyon haneden bahsedersek bu \u00e7ok ciddi bir rakam\u201d diye konu\u015ftu. 2012\u2032nin Temmuz ay\u0131ndan sonra tasarrufa d\u00f6n\u00fck olmayan bir buzdolab\u0131 ve di\u011fer beyaz e\u015fya \u00fcretiminin yasakland\u0131\u011f\u0131n\u0131 s\u00f6yleyen Y\u0131ld\u0131z, 3 y\u0131l \u00f6ncesinden T\u00fcrkiye genelindeki imalat\u00e7\u0131lar\u0131 bu konuda uyard\u0131klar\u0131n\u0131 an\u0131msatt\u0131.<\/p>\n<p>D\u00fcnyada 1,4 milyar insan\u0131n hala elektrikle tan\u0131\u015famad\u0131\u011f\u0131n\u0131 hat\u0131rlatan Y\u0131ld\u0131z, \u015funlar\u0131 kaydetti: \u201cAfrika\u2019da Ekvator\u2019un alt\u0131n\u0131, G\u00fcney Afrika\u2019y\u0131 hari\u00e7 tutarsak 890 milyon insan ya\u015f\u0131yor ve 890 milyon insan\u0131n kulland\u0131\u011f\u0131 elektri\u011fin miktar\u0131 19,5 milyon n\u00fcfuslu New York\u2019un kulland\u0131\u011f\u0131 elektri\u011fe denk. Bu \u00e7ok ciddi bir dengesizlik. O y\u00fczden bizlerin edece\u011fi tasarruflar\u0131n mutlaka fayda olarak b\u00fct\u00fcn insanl\u0131\u011fa d\u00f6nece\u011fini, \u00f6ncelikle \u00fclkemizde daha do\u011fru enerji \u00fcretimi ve t\u00fcketiminin ayn\u0131 anda ya\u015fanabilece\u011fini g\u00f6steriyor. O y\u00fczden bu e\u011fitimi annelerimizden, han\u0131m karde\u015flerimizden ba\u015flatt\u0131k. Refah seviyemiz artt\u0131k\u00e7a, teknoloji ilerledik\u00e7e doyumsuzluk ve tatminsizlik diye bir nokta da ayn\u0131 \u015fekilde beliriyor ve geli\u015fiyor. \u2018Nas\u0131l olsa param\u0131z var\u2019 diyen \u00e7ocuk, televizyonu a\u00e7\u0131k b\u0131rakabiliyor.\u201d<\/p>\n<p>Kaynak: <a href=\"http:\/\/enerjienstitusu.com\/2013\/01\/21\/yilda\/\" target=\"_blank\">Enerji Enstit\u00fcs\u00fc<\/a><\/p>","protected":false},"excerpt":{"rendered":"<p>Sorry, this entry is only available in Turkish. For the sake of viewer convenience, the content is shown below in the alternative language. You may click the link to switch the active language.2013 y\u0131l\u0131nda enerjiyi verimli kullanma konusunu hemen her platformda g\u00fcndeme getirece\u011fini dile getiren Enerji ve Tabii Kaynaklar Bakan\u0131 Taner Y\u0131ld\u0131z, \u015funlar\u0131 s\u00f6yledi: \u201cSanayici, [&hellip;]<\/p>\n","protected":false},"author":1,"featured_media":5472,"comment_status":"open","ping_status":"open","sticky":false,"template":"","format":"standard","meta":[],"categories":[53,52],"tags":[67,103,12,1526,133],"views":520,"_links":{"self":[{"href":"https:\/\/www.enerjigazetesi.ist\/en\/wp-json\/wp\/v2\/posts\/5471"}],"collection":[{"href":"https:\/\/www.enerjigazetesi.ist\/en\/wp-json\/wp\/v2\/posts"}],"about":[{"href":"https:\/\/www.enerjigazetesi.ist\/en\/wp-json\/wp\/v2\/types\/post"}],"author":[{"embeddable":true,"href":"https:\/\/www.enerjigazetesi.ist\/en\/wp-json\/wp\/v2\/users\/1"}],"replies":[{"embeddable":true,"href":"https:\/\/www.enerjigazetesi.ist\/en\/wp-json\/wp\/v2\/comments?post=5471"}],"version-history":[{"count":3,"href":"https:\/\/www.enerjigazetesi.ist\/en\/wp-json\/wp\/v2\/posts\/5471\/revisions"}],"predecessor-version":[{"id":5474,"href":"https:\/\/www.enerjigazetesi.ist\/en\/wp-json\/wp\/v2\/posts\/5471\/revisions\/5474"}],"wp:featuredmedia":[{"embeddable":true,"href":"https:\/\/www.enerjigazetesi.ist\/en\/wp-json\/wp\/v2\/media\/5472"}],"wp:attachment":[{"href":"https:\/\/www.enerjigazetesi.ist\/en\/wp-json\/wp\/v2\/media?parent=5471"}],"wp:term":[{"taxonomy":"category","embeddable":true,"href":"https:\/\/www.enerjigazetesi.ist\/en\/wp-json\/wp\/v2\/categories?post=5471"},{"taxonomy":"post_tag","embeddable":true,"href":"https:\/\/www.enerjigazetesi.ist\/en\/wp-json\/wp\/v2\/tags?post=5471"}],"curies":[{"name":"wp","href":"https:\/\/api.w.org\/{rel}","templated":true}]}}