{"id":54695,"date":"2017-01-12T14:12:56","date_gmt":"2017-01-12T11:12:56","guid":{"rendered":"https:\/\/www.enerjigazetesi.ist\/?p=54695"},"modified":"2017-01-12T14:19:22","modified_gmt":"2017-01-12T11:19:22","slug":"hava-kirliligi-olum-saciyor-cozum-enerji-verimliligi-ve-temiz-enerji","status":"publish","type":"post","link":"https:\/\/www.enerjigazetesi.ist\/en\/hava-kirliligi-olum-saciyor-cozum-enerji-verimliligi-ve-temiz-enerji\/","title":{"rendered":"(Turkish) Hava Kirlili\u011fi \u00d6l\u00fcm Sa\u00e7\u0131yor! \u00c7\u00f6z\u00fcm Enerji Verimlili\u011fi ve Temiz Enerji&#8230;"},"content":{"rendered":"<p class=\"qtranxs-available-languages-message qtranxs-available-languages-message-en\">Sorry, this entry is only available in <a href=\"https:\/\/www.enerjigazetesi.ist\/tr\/wp-json\/wp\/v2\/posts\/54695\" class=\"qtranxs-available-language-link qtranxs-available-language-link-tr\" title=\"Turkish\">Turkish<\/a>. For the sake of viewer convenience, the content is shown below in the alternative language. You may click the link to switch the active language.<\/p><p><strong>Uluslararas\u0131 Enerji Ajans\u0131&#8217;n\u0131n yay\u0131mlad\u0131\u011f\u0131 g\u00fcncel\u00a0raporda hava kirlili\u011finin, tansiyon, k\u00f6t\u00fc beslenme ve sigaran\u0131n ard\u0131ndan insan sa\u011fl\u0131\u011f\u0131 i\u00e7in d\u00f6rd\u00fcnc\u00fc b\u00fcy\u00fck tehdit olarak ortaya \u00e7\u0131kt\u0131\u011f\u0131 belirtildi. Hava kirlili\u011fine ba\u011fl\u0131 hastal\u0131klardan dolay\u0131 her y\u0131l 6,5 milyon insan\u0131n hayat\u0131n\u0131 kaybetti\u011fi vurgulanan\u00a0raporda, gerekli \u00f6nlemlerin al\u0131n\u0131p gereken ad\u0131mlar\u0131n at\u0131lmad\u0131\u011f\u0131 takdirde ise bu say\u0131n\u0131n katlanarak artaca\u011f\u0131 dile getirildi.<\/strong><\/p>\n<p><strong>T\u00fcrkiye\u2019de Hava Kirlili\u011fi \u0130se&#8230;<\/strong><\/p>\n<p><strong>Enerji santralleri, fabrikalar ve otomobiller hava kirlili\u011fine<\/strong> neden olan ba\u015fl\u0131ca unsurlar olarak g\u00f6sterilirken, kapal\u0131 alanlardaki kirlili\u011fe ise \u00f6zellikle <strong>geri kalm\u0131\u015f \u00fclkelerdeki<\/strong> yemek pi\u015firmeye yarayan <strong>ilkel ve sta<a href=\"https:\/\/www.enerjigazetesi.ist\/wp-content\/uploads\/2012\/07\/hava-kirliligi.jpg\"><img loading=\"lazy\" class=\"alignright  wp-image-830\" src=\"https:\/\/www.enerjigazetesi.ist\/wp-content\/uploads\/2012\/07\/hava-kirliligi.jpg\" alt=\"hava-kirliligi\" width=\"300\" height=\"196\" \/><\/a>ndart d\u0131\u015f\u0131 ocaklar\u0131n<\/strong> yol a\u00e7t\u0131\u011f\u0131 kaydedildi. T\u00fcrkiye\u2019deki <strong>hava kirlili\u011fi raporunda<\/strong> ise durum a\u00e7\u0131k\u00e7a\u00a0<strong>hi\u00e7 i\u00e7 a\u00e7\u0131c\u0131 ve parlak<\/strong> g\u00f6r\u00fcnmemektedir.<\/p>\n<p><strong>D\u00fcnya Sa\u011fl\u0131k \u00d6rg\u00fct\u00fc\u2019n\u00fcn<\/strong> hava kalite limiti dikkate al\u0131nd\u0131\u011f\u0131nda, T\u00fcrkiye\u2019de <strong>81 ilin 41\u2019inde<\/strong> bu limitin a\u015f\u0131ld\u0131\u011f\u0131 g\u00f6r\u00fcl\u00fcyor. Her y\u0131l milyonlarca insan\u0131n \u00f6l\u00fcm\u00fcne yol a\u00e7an <strong>hava kirlili\u011finin<\/strong> medyada ise ne kadar ger\u00e7ek\u00e7i ve do\u011fru yer ald\u0131\u011f\u0131 ise merak konusu&#8230;<\/p>\n<p>Medyada yap\u0131lan\u00a0incelemelere g\u00f6re hava kirlili\u011fi haberleri medyada geni\u015f yer bulmaktad\u0131r. Ciddi yans\u0131ma bulan hava kirlili\u011fi konusunda, en b\u00fcy\u00fck tehdidi <strong>geri kalm\u0131\u015f<\/strong> ve <strong>b\u00fcy\u00fck kentlerde<\/strong> ya\u015fayan insanlar\u00a0almaktad\u0131r.<\/p>\n<p>Hi\u00e7 ku\u015fkusuz enerji \u00fcretimi i\u00e7in\u00a0<strong>Yerli K\u00f6m\u00fcr \/ Linyit Kullan\u0131m\u0131 ile kurulacak santralleri,\u00a0<\/strong>yasalarla ve te\u015fviklerle desteklemeyip enerji sekt\u00f6r\u00fcnde\u00a0<strong>temiz &amp; yenilenebilir enerji bilinciyle yap\u0131lacak<\/strong>\u00a0do\u011fru yat\u0131r\u0131mlar\u0131n yan\u0131s\u0131ra\u00a0<strong>sanayi kurulu\u015flar\u0131nda ve binalarda enerji verimlili\u011fi <\/strong>\u00e7al\u0131\u015fmalar\u0131 da b\u00fcy\u00fck \u00f6nem ta\u015f\u0131maktad\u0131r.<\/p>\n<p>Konusunda <em>uzman, gerek referanslar\u0131 ve gerekse profesyonel \u00e7al\u0131\u015fmalar\u0131yla <\/em>hizmet veren\u00a0<strong>Enerji Verimlili\u011fi\u00a0<\/strong>Dan\u0131\u015fmanl\u0131\u011f\u0131 firmalar\u0131 ile birlikte\u00a0<strong>verimli enerji kullan\u0131m\u0131na<\/strong> y\u00f6nelik yap\u0131lacak <em>detayl\u0131 <strong>enerji et\u00fcd\u00fc\u00a0<\/strong><\/em>sonras\u0131 ger\u00e7ekle\u015ftirilecek\u00a0<strong><em>enerji verimlili\u011fi uygulamalar\u0131<\/em><\/strong> ile <strong>\u00e7ok daha az enerji harcay\u0131p enerji maliyetlerini d\u00fc\u015f\u00fcrerek,\u00a0<\/strong>\u00fcretimde <strong>ayn\u0131 ve\/veya \u00fcst\u00fcnde<\/strong> sa\u011flanan bir\u00a0<strong>verim ile<\/strong>\u00a0\u00e7evremize <strong>az karbon sal\u0131n\u0131m\u0131 de\u011ferleri yarataraktan <\/strong>temiz bir \u00e7evre ile<strong>\u00a0<\/strong>\u00a0<em>hava kirlili\u011finin<\/em> neden oldu\u011fu \u00f6l\u00fcmlerin de \u00e7ok ciddi\u00a0<strong>oranlarda azalaca\u011f\u0131\u00a0<\/strong>g\u00fcn\u00fcm\u00fcz\u00fcn vazge\u00e7ilmez bir ger\u00e7e\u011fidir&#8230;<\/p>\n<p>Sarp ALTINEL \/ Enerji Gazetesi Genel Yay\u0131n Y\u00f6netmeni<\/p>\n<p>Kaynak\u00e7a: Ajans Press<\/p>","protected":false},"excerpt":{"rendered":"<p>Sorry, this entry is only available in Turkish. For the sake of viewer convenience, the content is shown below in the alternative language. You may click the link to switch the active language.Uluslararas\u0131 Enerji Ajans\u0131&#8217;n\u0131n yay\u0131mlad\u0131\u011f\u0131 g\u00fcncel\u00a0raporda hava kirlili\u011finin, tansiyon, k\u00f6t\u00fc beslenme ve sigaran\u0131n ard\u0131ndan insan sa\u011fl\u0131\u011f\u0131 i\u00e7in d\u00f6rd\u00fcnc\u00fc b\u00fcy\u00fck tehdit olarak ortaya \u00e7\u0131kt\u0131\u011f\u0131 belirtildi. [&hellip;]<\/p>\n","protected":false},"author":1,"featured_media":830,"comment_status":"open","ping_status":"open","sticky":false,"template":"","format":"standard","meta":[],"categories":[53,52,49,50],"tags":[63,626,67,1009,2698,165,486,982,2291,6101,842,1022,105],"views":2646,"_links":{"self":[{"href":"https:\/\/www.enerjigazetesi.ist\/en\/wp-json\/wp\/v2\/posts\/54695"}],"collection":[{"href":"https:\/\/www.enerjigazetesi.ist\/en\/wp-json\/wp\/v2\/posts"}],"about":[{"href":"https:\/\/www.enerjigazetesi.ist\/en\/wp-json\/wp\/v2\/types\/post"}],"author":[{"embeddable":true,"href":"https:\/\/www.enerjigazetesi.ist\/en\/wp-json\/wp\/v2\/users\/1"}],"replies":[{"embeddable":true,"href":"https:\/\/www.enerjigazetesi.ist\/en\/wp-json\/wp\/v2\/comments?post=54695"}],"version-history":[{"count":30,"href":"https:\/\/www.enerjigazetesi.ist\/en\/wp-json\/wp\/v2\/posts\/54695\/revisions"}],"predecessor-version":[{"id":60879,"href":"https:\/\/www.enerjigazetesi.ist\/en\/wp-json\/wp\/v2\/posts\/54695\/revisions\/60879"}],"wp:featuredmedia":[{"embeddable":true,"href":"https:\/\/www.enerjigazetesi.ist\/en\/wp-json\/wp\/v2\/media\/830"}],"wp:attachment":[{"href":"https:\/\/www.enerjigazetesi.ist\/en\/wp-json\/wp\/v2\/media?parent=54695"}],"wp:term":[{"taxonomy":"category","embeddable":true,"href":"https:\/\/www.enerjigazetesi.ist\/en\/wp-json\/wp\/v2\/categories?post=54695"},{"taxonomy":"post_tag","embeddable":true,"href":"https:\/\/www.enerjigazetesi.ist\/en\/wp-json\/wp\/v2\/tags?post=54695"}],"curies":[{"name":"wp","href":"https:\/\/api.w.org\/{rel}","templated":true}]}}