{"id":54681,"date":"2016-06-27T23:48:28","date_gmt":"2016-06-27T20:48:28","guid":{"rendered":"https:\/\/www.enerjigazetesi.ist\/?p=54681"},"modified":"2016-06-27T23:56:03","modified_gmt":"2016-06-27T20:56:03","slug":"donmez-gunes-panelinin-turkiyede-uretilmesini-sart-kosacagiz","status":"publish","type":"post","link":"https:\/\/www.enerjigazetesi.ist\/en\/donmez-gunes-panelinin-turkiyede-uretilmesini-sart-kosacagiz\/","title":{"rendered":"(Turkish) D\u00f6nmez: \u2018G\u00fcne\u015f Panelinin T\u00fcrkiye\u2019de \u00dcretilmesini \u015eart Ko\u015faca\u011f\u0131z&#8230;\u2019"},"content":{"rendered":"<p class=\"qtranxs-available-languages-message qtranxs-available-languages-message-en\">Sorry, this entry is only available in <a href=\"https:\/\/www.enerjigazetesi.ist\/tr\/wp-json\/wp\/v2\/posts\/54681\" class=\"qtranxs-available-language-link qtranxs-available-language-link-tr\" title=\"Turkish\">Turkish<\/a>. For the sake of viewer convenience, the content is shown below in the alternative language. You may click the link to switch the active language.<\/p><p><\/p>\n<p class=\"selectionShareable\" style=\"color: #0a0a0a;\"><strong>Enerji ve Tabii Kaynaklar Bakanl\u0131\u011f\u0131 M\u00fcste\u015far\u0131 Fatih D\u00f6nmez, bir dizi ziyaretlerde bulunmak i\u00e7in memleketi olan Bilecik\u2019e gitti.<\/strong><\/p>\n<p class=\"selectionShareable\" style=\"color: #0a0a0a;\">A\u00e7\u0131klamalarda bulunan D\u00f6nmez,\u00a0yeni tespit edilen sahalarda k\u00f6m\u00fcre dayal\u0131 elektrik \u00fcretim tesislerini hayata ge\u00e7ireceklerini belirterek, \u201c12 bin <a href=\"https:\/\/www.enerjigazetesi.ist\/wp-content\/uploads\/2016\/06\/donmez-gunes-panelinin-turkiyede-uretilmesini-sart-kosacagiz.jpg\"><img loading=\"lazy\" class=\"alignleft size-medium wp-image-54682\" src=\"https:\/\/www.enerjigazetesi.ist\/wp-content\/uploads\/2016\/06\/donmez-gunes-panelinin-turkiyede-uretilmesini-sart-kosacagiz-300x147.jpg\" alt=\"donmez-gunes-panelinin-turkiyede-uretilmesini-sart-kosacagiz\" width=\"300\" height=\"147\" srcset=\"https:\/\/www.enerjigazetesi.ist\/wp-content\/uploads\/2016\/06\/donmez-gunes-panelinin-turkiyede-uretilmesini-sart-kosacagiz-300x147.jpg 300w, https:\/\/www.enerjigazetesi.ist\/wp-content\/uploads\/2016\/06\/donmez-gunes-panelinin-turkiyede-uretilmesini-sart-kosacagiz-500x245.jpg 500w, https:\/\/www.enerjigazetesi.ist\/wp-content\/uploads\/2016\/06\/donmez-gunes-panelinin-turkiyede-uretilmesini-sart-kosacagiz-80x39.jpg 80w, https:\/\/www.enerjigazetesi.ist\/wp-content\/uploads\/2016\/06\/donmez-gunes-panelinin-turkiyede-uretilmesini-sart-kosacagiz.jpg 696w\" sizes=\"(max-width: 300px) 100vw, 300px\" \/><\/a>megavat k\u00f6m\u00fcre dayal\u0131 elektrik \u00fcretti\u011fimiz takdirde y\u0131lda yakla\u015f\u0131k 4 milyar dolarl\u0131k do\u011falgaz\u0131 daha az ithal etmi\u015f olaca\u011f\u0131z.\u201d dedi.<\/p>\n<p class=\"selectionShareable\" style=\"color: #0a0a0a;\">Yerli \u00fcretime dayal\u0131 yenilenebilir elektrik santrallerine tam destek verilece\u011fini\u00a0dile getiren D\u00f6nmez, \u00f6n\u00fcm\u00fczdeki d\u00f6nemde g\u00fcne\u015f santralleri kurma \u015fart\u0131 olarak g\u00fcne\u015f panellerinin T\u00fcrkiye\u2019de \u00fcretilmesinin \u015fart ko\u015fulaca\u011f\u0131n\u0131 s\u00f6yledi.<span id=\"more-82036\"><\/span><\/p>\n<p class=\"selectionShareable\" style=\"color: #0a0a0a;\">T\u00fcrkiye\u2019de 15 milyon tonluk\u00a0k\u00f6m\u00fcr\u00a0rezervi bulundu\u011funu kaydeden D\u00f6nmez, bu y\u0131l i\u00e7erisinde birka\u00e7 santralin ihalesini tamamlamak istediklerini\u00a0s\u00f6zlerine ekledi.<\/p>\n<p class=\"selectionShareable\" style=\"color: #0a0a0a;\">Kaynak: Enerji Enstit\u00fcs\u00fc<\/p>\n<p><\/p>","protected":false},"excerpt":{"rendered":"<p>Sorry, this entry is only available in Turkish. For the sake of viewer convenience, the content is shown below in the alternative language. You may click the link to switch the active language. Enerji ve Tabii Kaynaklar Bakanl\u0131\u011f\u0131 M\u00fcste\u015far\u0131 Fatih D\u00f6nmez, bir dizi ziyaretlerde bulunmak i\u00e7in memleketi olan Bilecik\u2019e gitti. A\u00e7\u0131klamalarda bulunan D\u00f6nmez,\u00a0yeni tespit edilen [&hellip;]<\/p>\n","protected":false},"author":1,"featured_media":54682,"comment_status":"open","ping_status":"open","sticky":false,"template":"","format":"standard","meta":[],"categories":[53,49],"tags":[63,67,1009,2698,165,227,13,30395,23133,22975,4269,30396,30399,30398],"views":977,"_links":{"self":[{"href":"https:\/\/www.enerjigazetesi.ist\/en\/wp-json\/wp\/v2\/posts\/54681"}],"collection":[{"href":"https:\/\/www.enerjigazetesi.ist\/en\/wp-json\/wp\/v2\/posts"}],"about":[{"href":"https:\/\/www.enerjigazetesi.ist\/en\/wp-json\/wp\/v2\/types\/post"}],"author":[{"embeddable":true,"href":"https:\/\/www.enerjigazetesi.ist\/en\/wp-json\/wp\/v2\/users\/1"}],"replies":[{"embeddable":true,"href":"https:\/\/www.enerjigazetesi.ist\/en\/wp-json\/wp\/v2\/comments?post=54681"}],"version-history":[{"count":1,"href":"https:\/\/www.enerjigazetesi.ist\/en\/wp-json\/wp\/v2\/posts\/54681\/revisions"}],"predecessor-version":[{"id":54683,"href":"https:\/\/www.enerjigazetesi.ist\/en\/wp-json\/wp\/v2\/posts\/54681\/revisions\/54683"}],"wp:featuredmedia":[{"embeddable":true,"href":"https:\/\/www.enerjigazetesi.ist\/en\/wp-json\/wp\/v2\/media\/54682"}],"wp:attachment":[{"href":"https:\/\/www.enerjigazetesi.ist\/en\/wp-json\/wp\/v2\/media?parent=54681"}],"wp:term":[{"taxonomy":"category","embeddable":true,"href":"https:\/\/www.enerjigazetesi.ist\/en\/wp-json\/wp\/v2\/categories?post=54681"},{"taxonomy":"post_tag","embeddable":true,"href":"https:\/\/www.enerjigazetesi.ist\/en\/wp-json\/wp\/v2\/tags?post=54681"}],"curies":[{"name":"wp","href":"https:\/\/api.w.org\/{rel}","templated":true}]}}