{"id":54657,"date":"2016-06-27T14:26:11","date_gmt":"2016-06-27T11:26:11","guid":{"rendered":"https:\/\/www.enerjigazetesi.ist\/?p=54657"},"modified":"2016-06-27T14:26:11","modified_gmt":"2016-06-27T11:26:11","slug":"elektrikte-tuketiminde-rekor-kirildi","status":"publish","type":"post","link":"https:\/\/www.enerjigazetesi.ist\/en\/elektrikte-tuketiminde-rekor-kirildi\/","title":{"rendered":"(Turkish) Elektrikte T\u00fcketiminde Rekor K\u0131r\u0131ld\u0131!"},"content":{"rendered":"<p class=\"qtranxs-available-languages-message qtranxs-available-languages-message-en\">Sorry, this entry is only available in <a href=\"https:\/\/www.enerjigazetesi.ist\/tr\/wp-json\/wp\/v2\/posts\/54657\" class=\"qtranxs-available-language-link qtranxs-available-language-link-tr\" title=\"Turkish\">Turkish<\/a>. For the sake of viewer convenience, the content is shown below in the alternative language. You may click the link to switch the active language.<\/p><p><\/p>\n<p class=\"selectionShareable\" style=\"color: #0a0a0a;\"><strong>Elektrikte, tarihi bir d\u00f6nemden ge\u00e7iliyor. Ankara\u2019da enerji y\u00f6netimi, klimalar\u0131n devreye girmesiyle birlikte h\u0131zla artan taleple ilgili s\u00fcreci yak\u0131ndan takip ediyor. Klimalar\u0131n devreye girmesiyle birlikte elektrikte her g\u00fcn yeni bir rekor k\u0131r\u0131l\u0131yor.<\/strong><\/p>\n<p class=\"selectionShareable\" style=\"color: #0a0a0a;\">H\u0131zla artan t\u00fcketim, per\u015fembe g\u00fcn\u00fc 876 milyon kilovatsaate, cuma g\u00fcn\u00fc de 878 milyon kilovatsaate \u00e7\u0131karak tarihi rekor k\u0131rd\u0131. \u00d6nceki t\u00fcketim rekoru<a href=\"https:\/\/www.enerjigazetesi.ist\/wp-content\/uploads\/2015\/09\/agustos-ayinda-elektrik-tuketimi-rekoru-kirildi.jpg\"><img loading=\"lazy\" class=\"alignleft size-medium wp-image-43864\" src=\"https:\/\/www.enerjigazetesi.ist\/wp-content\/uploads\/2015\/09\/agustos-ayinda-elektrik-tuketimi-rekoru-kirildi-300x165.jpg\" alt=\"elektrik-tuketimi-rekoru-kirildi\" width=\"300\" height=\"165\" srcset=\"https:\/\/www.enerjigazetesi.ist\/wp-content\/uploads\/2015\/09\/agustos-ayinda-elektrik-tuketimi-rekoru-kirildi-300x165.jpg 300w, https:\/\/www.enerjigazetesi.ist\/wp-content\/uploads\/2015\/09\/agustos-ayinda-elektrik-tuketimi-rekoru-kirildi-500x276.jpg 500w, https:\/\/www.enerjigazetesi.ist\/wp-content\/uploads\/2015\/09\/agustos-ayinda-elektrik-tuketimi-rekoru-kirildi-80x44.jpg 80w, https:\/\/www.enerjigazetesi.ist\/wp-content\/uploads\/2015\/09\/agustos-ayinda-elektrik-tuketimi-rekoru-kirildi.jpg 696w\" sizes=\"(max-width: 300px) 100vw, 300px\" \/><\/a> 867 milyon kilovatsaatle 30 Temmuz 2015\u2019te k\u0131r\u0131lm\u0131\u015ft\u0131. Enerji sekt\u00f6r\u00fc uzmanlar\u0131, t\u00fcketimin genelde temmuzda rekor k\u0131rd\u0131\u011f\u0131n\u0131 belirterek, \u201cBu y\u0131l haziranda rekor k\u0131r\u0131ld\u0131. Bu gidi\u015fle g\u00fcnl\u00fck t\u00fcketim 900 milyon kilovatsaate kadar \u00e7\u0131kar\u201d dedi. Sekt\u00f6r temsilcileri, kurulu g\u00fc\u00e7 dikkate al\u0131nd\u0131\u011f\u0131nda ne kadar artarsa arts\u0131n t\u00fcketimin kar\u015f\u0131lanabilece\u011fini belirtiyor.<\/p>\n<p class=\"selectionShareable\" style=\"color: #0a0a0a;\"><strong>3 AY ZAM YOK<\/strong><\/p>\n<p class=\"selectionShareable\" style=\"color: #0a0a0a;\"><strong>Habert\u00fcrk\u2019\u00fcn haberine g\u00f6re;<\/strong>\u00a0EPDK, 1 Temmuz\u2019dan ge\u00e7erli olacak ve 3 ay uygulanacak elektrik fiyatlar\u0131yla ilgili hesaplamalar\u0131 da tamamlad\u0131. 1 Temmuz\u2019da elektri\u011fe zam yap\u0131lmayacak. Do\u011falgazda da zam ya da indirim s\u00f6z konusu de\u011fil. Do\u011falgazda beklenen indirim eyl\u00fcl ya da ekimde yap\u0131lacak.<\/p>\n<p class=\"selectionShareable\" style=\"color: #0a0a0a;\"><strong>\u0130CRALIK OLAN ABONEYE \u2018G\u00dcVENCE\u2019L\u0130 \u00c7\u00d6Z\u00dcM<\/strong><\/p>\n<p class=\"selectionShareable\" style=\"color: #0a0a0a;\">Enerji y\u00f6netiminin di\u011fer bir G\u00fcndem maddesi de elektrik borcu nedeniyle icral\u0131k olan abonelerle ilgili d\u00fczenleme. \u00c7ok say\u0131da abone, elektrik faturas\u0131n\u0131 zaman\u0131nda \u00f6demedi\u011fi i\u00e7in icral\u0131k oldu. EPDK\u2019n\u0131n \u00e7\u00f6z\u00fcm\u00fcne g\u00f6re bu durumdaki abonenin borcu, da\u011f\u0131t\u0131m \u015firketine ilk abonelik s\u0131ras\u0131nda \u201cg\u00fcvence bedeli\u201d ad\u0131yla yat\u0131r\u0131lan paradan tahsil edilecek. B\u00f6ylece, abone icraya verilmeyecek. Bor\u00e7, bu bedeli a\u015fm\u0131\u015fsa hukuki takip yap\u0131lacak.<\/p>\n<p class=\"selectionShareable\" style=\"color: #0a0a0a;\">Kaynak: Enerji Enstit\u00fcs\u00fc<\/p>\n<p><\/p>","protected":false},"excerpt":{"rendered":"<p>Sorry, this entry is only available in Turkish. For the sake of viewer convenience, the content is shown below in the alternative language. You may click the link to switch the active language. Elektrikte, tarihi bir d\u00f6nemden ge\u00e7iliyor. Ankara\u2019da enerji y\u00f6netimi, klimalar\u0131n devreye girmesiyle birlikte h\u0131zla artan taleple ilgili s\u00fcreci yak\u0131ndan takip ediyor. Klimalar\u0131n devreye [&hellip;]<\/p>\n","protected":false},"author":1,"featured_media":43864,"comment_status":"open","ping_status":"open","sticky":false,"template":"","format":"standard","meta":[],"categories":[51,53],"tags":[1363,68,61,343,130,30379,63,67,1009,2698,165,750],"views":805,"_links":{"self":[{"href":"https:\/\/www.enerjigazetesi.ist\/en\/wp-json\/wp\/v2\/posts\/54657"}],"collection":[{"href":"https:\/\/www.enerjigazetesi.ist\/en\/wp-json\/wp\/v2\/posts"}],"about":[{"href":"https:\/\/www.enerjigazetesi.ist\/en\/wp-json\/wp\/v2\/types\/post"}],"author":[{"embeddable":true,"href":"https:\/\/www.enerjigazetesi.ist\/en\/wp-json\/wp\/v2\/users\/1"}],"replies":[{"embeddable":true,"href":"https:\/\/www.enerjigazetesi.ist\/en\/wp-json\/wp\/v2\/comments?post=54657"}],"version-history":[{"count":1,"href":"https:\/\/www.enerjigazetesi.ist\/en\/wp-json\/wp\/v2\/posts\/54657\/revisions"}],"predecessor-version":[{"id":54658,"href":"https:\/\/www.enerjigazetesi.ist\/en\/wp-json\/wp\/v2\/posts\/54657\/revisions\/54658"}],"wp:featuredmedia":[{"embeddable":true,"href":"https:\/\/www.enerjigazetesi.ist\/en\/wp-json\/wp\/v2\/media\/43864"}],"wp:attachment":[{"href":"https:\/\/www.enerjigazetesi.ist\/en\/wp-json\/wp\/v2\/media?parent=54657"}],"wp:term":[{"taxonomy":"category","embeddable":true,"href":"https:\/\/www.enerjigazetesi.ist\/en\/wp-json\/wp\/v2\/categories?post=54657"},{"taxonomy":"post_tag","embeddable":true,"href":"https:\/\/www.enerjigazetesi.ist\/en\/wp-json\/wp\/v2\/tags?post=54657"}],"curies":[{"name":"wp","href":"https:\/\/api.w.org\/{rel}","templated":true}]}}