{"id":54646,"date":"2016-06-27T00:18:47","date_gmt":"2016-06-26T21:18:47","guid":{"rendered":"https:\/\/www.enerjigazetesi.ist\/?p=54646"},"modified":"2016-06-27T00:19:21","modified_gmt":"2016-06-26T21:19:21","slug":"gunes-enerjisi-ile-calisan-solar-impulse-2-atlantiginide-asti","status":"publish","type":"post","link":"https:\/\/www.enerjigazetesi.ist\/en\/gunes-enerjisi-ile-calisan-solar-impulse-2-atlantiginide-asti\/","title":{"rendered":"(Turkish) G\u00fcne\u015f Enerjisi \u0130le \u00c7al\u0131\u015fan Solar Impulse 2 Atlanti\u011fi&#8217;de A\u015ft\u0131&#8230;"},"content":{"rendered":"<p class=\"qtranxs-available-languages-message qtranxs-available-languages-message-en\">Sorry, this entry is only available in <a href=\"https:\/\/www.enerjigazetesi.ist\/tr\/wp-json\/wp\/v2\/posts\/54646\" class=\"qtranxs-available-language-link qtranxs-available-language-link-tr\" title=\"Turkish\">Turkish<\/a>. For the sake of viewer convenience, the content is shown below in the alternative language. You may click the link to switch the active language.<\/p><p><\/p>\n<p style=\"color: #222222;\"><strong>G\u00fcne\u015f enerjisi ile \u00e7al\u0131\u015fan Solar Impulse \u2013 2 Atlantik okyanusunu ge\u00e7erek \u0130spanya\u2019n\u0131n Seville kentine ini\u015f yapt\u0131.<\/strong><\/p>\n<p style=\"color: #222222;\">Bertrand Piccard y\u00f6netimindeki u\u00e7ak 20 Haziran g\u00fcn\u00fc New York\u2019tan kalk\u0131\u015f yapm\u0131\u015ft\u0131.<\/p>\n<p style=\"color: #222222;\"><a href=\"https:\/\/www.enerjigazetesi.ist\/wp-content\/uploads\/2016\/06\/solar-impulse-2-atlantiginide-asti.jpg\"><img loading=\"lazy\" class=\"alignright size-medium wp-image-54647\" src=\"https:\/\/www.enerjigazetesi.ist\/wp-content\/uploads\/2016\/06\/solar-impulse-2-atlantiginide-asti-300x150.jpg\" alt=\"solar-impulse-2-atlantiginide-asti\" width=\"300\" height=\"150\" srcset=\"https:\/\/www.enerjigazetesi.ist\/wp-content\/uploads\/2016\/06\/solar-impulse-2-atlantiginide-asti-300x150.jpg 300w, https:\/\/www.enerjigazetesi.ist\/wp-content\/uploads\/2016\/06\/solar-impulse-2-atlantiginide-asti-500x250.jpg 500w, https:\/\/www.enerjigazetesi.ist\/wp-content\/uploads\/2016\/06\/solar-impulse-2-atlantiginide-asti-80x40.jpg 80w, https:\/\/www.enerjigazetesi.ist\/wp-content\/uploads\/2016\/06\/solar-impulse-2-atlantiginide-asti.jpg 640w\" sizes=\"(max-width: 300px) 100vw, 300px\" \/><\/a>U\u00e7a\u011f\u0131n Atlantik okyanusu \u00fczerindeki 6 bin 765 kilometrelik yolculu\u011fu 71 saat 8 dakika s\u00fcrd\u00fc, ortalama h\u0131z\u0131 saatte 95,1 km oldu.<\/p>\n<p style=\"color: #222222;\">Tamamen g\u00fcne\u015f enerjisi ile \u00e7al\u0131\u015fan u\u00e7a\u011f\u0131n bundan sonraki rotas\u0131 ise yolculu\u011funa ba\u015flad\u0131\u011f\u0131 Abu Dabi kenti olacak. U\u00e7ak 5 Mart 2015 tarihinde ba\u015flad\u0131\u011f\u0131 bu yolculukta \u015fimdiye kadar 15 etapta 30 bin kilometrenin \u00fczerinde yol kat etti.<\/p>\n<p style=\"color: #222222;\">72 metrelik kanat uzunlu\u011funa sahip, 2,3 ton a\u011f\u0131rl\u0131\u011f\u0131ndaki u\u00e7akta 17 bin 248 g\u00fcne\u015f h\u00fccresi bulunuyor. Enerjisini yaln\u0131zca g\u00fcne\u015ften sa\u011flayan u\u00e7ak g\u00fcnd\u00fczleri lityum-iyon pillerinde depolayabildi\u011fi bu enerji ile geceleri de u\u00e7maya devam edebiliyor.<\/p>\n<p style=\"color: #222222;\">U\u00e7a\u011f\u0131n Abu Dabi\u2019ye ini\u015f yapmas\u0131 temiz enerji kaynaklar\u0131 ve g\u00fcne\u015f enerjisi ad\u0131na simgesel olarak \u00f6nemi olacak.<\/p>\n<p style=\"color: #222222;\">Kaynak: Solar.ist<\/p>\n<p><\/p>","protected":false},"excerpt":{"rendered":"<p>Sorry, this entry is only available in Turkish. For the sake of viewer convenience, the content is shown below in the alternative language. You may click the link to switch the active language. G\u00fcne\u015f enerjisi ile \u00e7al\u0131\u015fan Solar Impulse \u2013 2 Atlantik okyanusunu ge\u00e7erek \u0130spanya\u2019n\u0131n Seville kentine ini\u015f yapt\u0131. Bertrand Piccard y\u00f6netimindeki u\u00e7ak 20 Haziran [&hellip;]<\/p>\n","protected":false},"author":1,"featured_media":54647,"comment_status":"open","ping_status":"open","sticky":false,"template":"","format":"standard","meta":[],"categories":[53,49],"tags":[18249,63,67,1009,2698,165,227,13,30378,23133,22975,4269,1627,14228],"views":831,"_links":{"self":[{"href":"https:\/\/www.enerjigazetesi.ist\/en\/wp-json\/wp\/v2\/posts\/54646"}],"collection":[{"href":"https:\/\/www.enerjigazetesi.ist\/en\/wp-json\/wp\/v2\/posts"}],"about":[{"href":"https:\/\/www.enerjigazetesi.ist\/en\/wp-json\/wp\/v2\/types\/post"}],"author":[{"embeddable":true,"href":"https:\/\/www.enerjigazetesi.ist\/en\/wp-json\/wp\/v2\/users\/1"}],"replies":[{"embeddable":true,"href":"https:\/\/www.enerjigazetesi.ist\/en\/wp-json\/wp\/v2\/comments?post=54646"}],"version-history":[{"count":2,"href":"https:\/\/www.enerjigazetesi.ist\/en\/wp-json\/wp\/v2\/posts\/54646\/revisions"}],"predecessor-version":[{"id":54649,"href":"https:\/\/www.enerjigazetesi.ist\/en\/wp-json\/wp\/v2\/posts\/54646\/revisions\/54649"}],"wp:featuredmedia":[{"embeddable":true,"href":"https:\/\/www.enerjigazetesi.ist\/en\/wp-json\/wp\/v2\/media\/54647"}],"wp:attachment":[{"href":"https:\/\/www.enerjigazetesi.ist\/en\/wp-json\/wp\/v2\/media?parent=54646"}],"wp:term":[{"taxonomy":"category","embeddable":true,"href":"https:\/\/www.enerjigazetesi.ist\/en\/wp-json\/wp\/v2\/categories?post=54646"},{"taxonomy":"post_tag","embeddable":true,"href":"https:\/\/www.enerjigazetesi.ist\/en\/wp-json\/wp\/v2\/tags?post=54646"}],"curies":[{"name":"wp","href":"https:\/\/api.w.org\/{rel}","templated":true}]}}