{"id":54620,"date":"2016-06-26T13:41:48","date_gmt":"2016-06-26T10:41:48","guid":{"rendered":"https:\/\/www.enerjigazetesi.ist\/?p=54620"},"modified":"2016-06-26T13:41:48","modified_gmt":"2016-06-26T10:41:48","slug":"ewe-grubunda-ust-duzey-atamalar-yapildi","status":"publish","type":"post","link":"https:\/\/www.enerjigazetesi.ist\/en\/ewe-grubunda-ust-duzey-atamalar-yapildi\/","title":{"rendered":"(Turkish) EWE Grubu&#8217;nda \u00dcst D\u00fczey Atamalar Yap\u0131ld\u0131&#8230;"},"content":{"rendered":"<p class=\"qtranxs-available-languages-message qtranxs-available-languages-message-en\">Sorry, this entry is only available in <a href=\"https:\/\/www.enerjigazetesi.ist\/tr\/wp-json\/wp\/v2\/posts\/54620\" class=\"qtranxs-available-language-link qtranxs-available-language-link-tr\" title=\"Turkish\">Turkish<\/a>. For the sake of viewer convenience, the content is shown below in the alternative language. You may click the link to switch the active language.<\/p><p><\/p>\n<p style=\"text-align: left;\" align=\"center\"><strong>Enerji piyasas\u0131n\u0131n en b\u00fcy\u00fck uluslararas\u0131 yat\u0131r\u0131mc\u0131lar\u0131ndan EWE Grubu\u2019nda yeniden yap\u0131lanma kapsam\u0131nda \u00fcst d\u00fczey atamalar ger\u00e7ekle\u015ftirildi.\u00a0<\/strong><strong>Bursagaz\u2019\u0131n yeni Genel M\u00fcd\u00fcr\u00fc Dr. Markus Rapp olurken, EWE Enerji\u2019nin Genel M\u00fcd\u00fcrl\u00fc\u011f\u00fc\u2019ne \u00d6zkan Aky\u0131ld\u0131z atand\u0131.<\/strong><\/p>\n<p style=\"text-align: left;\" align=\"center\"><strong>EWE\u2019de bir \u00fcst d\u00fczey atama da enerji alan\u0131ndaki ticari etkinliklerini elinde tutan EWE Trading GMBH \u015firketinde yap\u0131ld\u0131. EWE AG\u2019ye ba\u011fl\u0131 EWE Trading GMBH\u2019un yeni CEO\u2019su Dr. Michael Redanz oldu.<\/strong><\/p>\n<p style=\"text-align: left;\"><b>Bursagaz\u2019\u0131n Yeni Genel M\u00fcd\u00fcr\u00fc Dr. Markus Rapp Oldu<\/b><\/p>\n<p>EWE AG Y\u00f6netim Kurulu, T\u00fcrkiye\u2019deki b\u00fcy\u00fcme ve kapsaml\u0131 yeniden yap\u0131lanma s\u00fcre\u00e7lerini destek<a href=\"https:\/\/www.enerjigazetesi.ist\/wp-content\/uploads\/2016\/06\/ewede-ust-duzey-atamalar-yapildi.jpg\"><img loading=\"lazy\" class=\"alignright  wp-image-54621\" src=\"https:\/\/www.enerjigazetesi.ist\/wp-content\/uploads\/2016\/06\/ewede-ust-duzey-atamalar-yapildi-300x249.jpg\" alt=\"ewede-ust-duzey-atamalar-yapildi\" width=\"316\" height=\"220\" \/><\/a>lemek \u00fczere Almanya\u2019dan \u00fcst d\u00fczey bir atama yapma karar\u0131 ald\u0131. 2009 y\u0131l\u0131ndan bu yana EWE\u2019nin Polonya faaliyetlerini ba\u015far\u0131yla y\u00f6neten ve \u00f6ncesinde de<a href=\"https:\/\/www.enerjigazetesi.ist\/wp-content\/uploads\/2016\/06\/ewede-ust-duzey-atamalar-yapildi.jpg\"><br \/>\n<\/a>\u00f6nemli uluslararas\u0131 g\u00f6revlerde bulunmu\u015f olan Dr. Markus Rapp, grubun en b\u00fcy\u00fck do\u011falgaz da\u011f\u0131t\u0131m \u015firketi Bursagaz\u2019\u0131n yeni Genel M\u00fcd\u00fcr\u00fc oldu. Dr. Rapp, g\u00f6revi \u015fimdiki Genel M\u00fcd\u00fcr Ahmet Hakan Tola\u2019dan Eyl\u00fcl 2016\u2019da devralacak.<\/p>\n<p>\u0130\u015f hayat\u0131na Berlin \u00dcniversitesi\u2019nde ara\u015ft\u0131rma g\u00f6revlisi olarak ba\u015flayan Dr. Rapp, 1997 y\u0131l\u0131nda Berlin \u00dcniversitesi\u2019nden ayr\u0131larak \u00f6zel sekt\u00f6re y\u00f6neldi. 2005 y\u0131l\u0131na kadar, petrol ve gaz sekt\u00f6r\u00fcnde Almanya, Venezuela, Avusturya ve Romanya\u2019da olmak \u00fczere, \u00e7e\u015fitli y\u00f6neticilik pozisyonlar\u0131nda \u00e7al\u0131\u015ft\u0131. 2005\u2019te EWE b\u00fcnyesine kat\u0131lan Dr. Rapp, 2009 y\u0131l\u0131na kadar Kurumsal Geli\u015ftirme Departman M\u00fcd\u00fcr\u00fc olarak \u00e7al\u0131\u015ft\u0131ktan sonra ayn\u0131 y\u0131l EWE Polonya\u2019ya Genel M\u00fcd\u00fcr olarak atand\u0131.<\/p>\n<p>Kayserigaz ve Bursagaz\u2019da uzun ve ba\u015far\u0131l\u0131 bir y\u00f6neticilik kariyeri ge\u00e7iren Ahmet Hakan Tola ise Eyl\u00fcl 2016 sonras\u0131nda EWE Turkey Holding b\u00fcnyesinde stratejik \u00f6nemdeki projeleri takip edecek.<\/p>\n<p><strong>\u00d6zkan Aky\u0131ld\u0131z EWE Enerji Genel M\u00fcd\u00fcr\u00fc Olarak Atand\u0131<\/strong><\/p>\n<p>T\u00fcrkiye\u2019de faaliyete ge\u00e7ti\u011fi 2009 y\u0131l\u0131ndan bu yana g\u00fcvenilir ve vazge\u00e7ilmez bir enerji partneri haline gelen EWE Enerji\u2019nin Genel M\u00fcd\u00fcrl\u00fck g\u00f6revine \u00d6zkan Aky\u0131ld\u0131z atand\u0131. Aky\u0131ld\u0131z, yeni d\u00f6nemde EWE Enerji\u2019nin do\u011falgaz alan\u0131ndaki ba\u015far\u0131 hik\u00e2yesini elektrik ticareti ve perakende sat\u0131\u015f alanlar\u0131nda da s\u00fcrd\u00fcrmeyi hedefliyor. 16 y\u0131ll\u0131k kariyeri boyunca Almanya\u2019da ve T\u00fcrkiye\u2019de teknoloji sekt\u00f6r\u00fcnde \u00f6nemli pozisyonlarda g\u00f6rev alan Aky\u0131ld\u0131z, 2013 senesinden bu yana EWE Enerji\u2019de Sat\u0131\u015f ve Operasyon Direkt\u00f6rl\u00fc\u011f\u00fc g\u00f6revini ba\u015far\u0131yla y\u00fcr\u00fct\u00fcyordu. Aky\u0131ld\u0131z, var olan operasyonlar\u0131n y\u00fcr\u00fct\u00fclmesi, s\u00fcre\u00e7 ve bilgi teknolojileri altyap\u0131s\u0131n\u0131n olgunla\u015ft\u0131r\u0131lmas\u0131 ve yeni i\u015f f\u0131rsatlar\u0131n\u0131n geli\u015ftirilmesi gibi \u00f6nemli ba\u015fl\u0131klardan sorumluydu.<\/p>\n<p>\u015eirketin kurulu\u015fundan bu yana genel m\u00fcd\u00fcrl\u00fc\u011f\u00fcn\u00fc y\u00fcr\u00fcten Bekir Sami Acar, Y\u00f6netim Kurulu Ba\u015fkan\u0131 olurken; EWE Trading\u2019in yeni CEO\u2019su Dr. Michael Redanz, Y\u00f6netim Kurulu Ba\u015fkan Yard\u0131mc\u0131l\u0131\u011f\u0131\u2019na getirildi.<\/p>\n<p><b>EWE Trading GMBH\u2019a Tecr\u00fcbeli Y\u00f6netici: Dr. Michael Redanz<\/b><\/p>\n<p>EWE Grubu\u2019nun enerji ticaret faaliyetlerini Almanya\u2019da merkezi \u015fekilde y\u00fcr\u00fcten EWE Trading GMBH\u2019\u0131n yeni CEO\u2019su Dr. Michael Redanz oldu. Jeofizik doktoru olan Dr. Michael Redanz, 1 Ocak 2016 tarihinden itibaren EWE Trading GmbH \u015firketine kat\u0131larak piyasa birimlerinden sorumlu olmaya ba\u015flad\u0131. 32 y\u0131ll\u0131k mesleki kariyerinde, enerji alan\u0131nda sekt\u00f6r\u00fcn en \u00f6nemli \u015firketlerinde g\u00f6rev alan Dr. Michael Redanz ayn\u0131 zamanda Avrupa Enerji Borsas\u0131 Konseyi (EEX) Denetim Kurulu \u00dcyesi.<\/p>\n<p>EWE Enerji\u2019nin Y\u00f6netim Kurulu Ba\u015fkan Yard\u0131mc\u0131s\u0131 da olan Dr. Redanz, yeni g\u00f6reviyle ilgili olarak \u201cEWE, T\u00fcrkiye\u2019deki yat\u0131r\u0131mlar\u0131 ve geli\u015fimi ile heyecan verici bir pazar. Bu vesile ile T\u00fcrk ve Alman meslekta\u015flar\u0131mla beraber s\u00fcregelen ba\u015far\u0131lar\u0131na katk\u0131da bulunabilmek i\u00e7in sab\u0131rs\u0131zlan\u0131yorum.\u201d dedi.<\/p>\n<p>T\u00fcrkiye\u2019deki b\u00fcy\u00fcme hedefleri do\u011frultusunda yeniden yap\u0131lanmaya gittiklerini ifade eden EWE Turkey Holding Genel M\u00fcd\u00fcrleri Bekir Sami Acar ve Dr. Frank Quante atamalar ve g\u00f6rev de\u011fi\u015fiklikleriyle ilgili \u015fu a\u00e7\u0131klamay\u0131 yapt\u0131: \u201cEnerji piyasalar\u0131 arz ve talep y\u00f6n\u00fcnde b\u00fcy\u00fck bir de\u011fi\u015fim bask\u0131s\u0131 ya\u015f\u0131yor. Yeniden tan\u0131mlanan de\u011fer zincirindeki konumumuzu sa\u011flamla\u015ft\u0131rmak ve b\u00fcy\u00fcme projelerimizin altyap\u0131s\u0131 olu\u015fturmak i\u00e7in kapsaml\u0131 bir yeniden yap\u0131land\u0131rma s\u00fcreci y\u00fcr\u00fct\u00fcyoruz. G\u00fc\u00e7lendirdi\u011fimiz y\u00f6netim kadrolar\u0131m\u0131zla beraber piyasadaki mevcut konumumuzu daha da ileri noktalara ta\u015f\u0131yacak, sekt\u00f6rlerinde fark yaratan bir oyuncu olmaya devam edece\u011fiz.\u201d<\/p>","protected":false},"excerpt":{"rendered":"<p>Sorry, this entry is only available in Turkish. For the sake of viewer convenience, the content is shown below in the alternative language. You may click the link to switch the active language. Enerji piyasas\u0131n\u0131n en b\u00fcy\u00fck uluslararas\u0131 yat\u0131r\u0131mc\u0131lar\u0131ndan EWE Grubu\u2019nda yeniden yap\u0131lanma kapsam\u0131nda \u00fcst d\u00fczey atamalar ger\u00e7ekle\u015ftirildi.\u00a0Bursagaz\u2019\u0131n yeni Genel M\u00fcd\u00fcr\u00fc Dr. Markus Rapp olurken, [&hellip;]<\/p>\n","protected":false},"author":1,"featured_media":54621,"comment_status":"open","ping_status":"open","sticky":false,"template":"","format":"standard","meta":[],"categories":[53],"tags":[30326,63,67,1009,2698,165,30368,23531],"views":1382,"_links":{"self":[{"href":"https:\/\/www.enerjigazetesi.ist\/en\/wp-json\/wp\/v2\/posts\/54620"}],"collection":[{"href":"https:\/\/www.enerjigazetesi.ist\/en\/wp-json\/wp\/v2\/posts"}],"about":[{"href":"https:\/\/www.enerjigazetesi.ist\/en\/wp-json\/wp\/v2\/types\/post"}],"author":[{"embeddable":true,"href":"https:\/\/www.enerjigazetesi.ist\/en\/wp-json\/wp\/v2\/users\/1"}],"replies":[{"embeddable":true,"href":"https:\/\/www.enerjigazetesi.ist\/en\/wp-json\/wp\/v2\/comments?post=54620"}],"version-history":[{"count":1,"href":"https:\/\/www.enerjigazetesi.ist\/en\/wp-json\/wp\/v2\/posts\/54620\/revisions"}],"predecessor-version":[{"id":54622,"href":"https:\/\/www.enerjigazetesi.ist\/en\/wp-json\/wp\/v2\/posts\/54620\/revisions\/54622"}],"wp:featuredmedia":[{"embeddable":true,"href":"https:\/\/www.enerjigazetesi.ist\/en\/wp-json\/wp\/v2\/media\/54621"}],"wp:attachment":[{"href":"https:\/\/www.enerjigazetesi.ist\/en\/wp-json\/wp\/v2\/media?parent=54620"}],"wp:term":[{"taxonomy":"category","embeddable":true,"href":"https:\/\/www.enerjigazetesi.ist\/en\/wp-json\/wp\/v2\/categories?post=54620"},{"taxonomy":"post_tag","embeddable":true,"href":"https:\/\/www.enerjigazetesi.ist\/en\/wp-json\/wp\/v2\/tags?post=54620"}],"curies":[{"name":"wp","href":"https:\/\/api.w.org\/{rel}","templated":true}]}}