{"id":546,"date":"2012-06-18T09:25:33","date_gmt":"2012-06-18T06:25:33","guid":{"rendered":"https:\/\/www.enerjigazetesi.ist\/?p=546"},"modified":"2012-06-18T09:25:33","modified_gmt":"2012-06-18T06:25:33","slug":"turkiye-ruzgar-enerjisinde-3-siraya-yerlesecek","status":"publish","type":"post","link":"https:\/\/www.enerjigazetesi.ist\/en\/turkiye-ruzgar-enerjisinde-3-siraya-yerlesecek\/","title":{"rendered":"(Turkish) T\u00fcrkiye R\u00fczgar Enerjisinde 3. S\u0131raya Yerle\u015fecek"},"content":{"rendered":"<p class=\"qtranxs-available-languages-message qtranxs-available-languages-message-en\">Sorry, this entry is only available in <a href=\"https:\/\/www.enerjigazetesi.ist\/tr\/wp-json\/wp\/v2\/posts\/546\" class=\"qtranxs-available-language-link qtranxs-available-language-link-tr\" title=\"Turkish\">Turkish<\/a>. For the sake of viewer convenience, the content is shown below in the alternative language. You may click the link to switch the active language.<\/p><p><strong>Enerji ve Tabii Kaynaklar Bakan\u0131 Taner Y\u0131ld\u0131z, T\u00fcrkiye&#8217;de yakla\u015f\u0131k 2 bin MW g\u00fcc\u00fcnde i\u015fletmede olan r\u00fczgar enerjisi tesisinin bulundu\u011funu s\u00f6yledi.<\/strong><\/p>\n<div>Y\u0131ld\u0131z, T\u00fcrkiye R\u00fczgar Enerjisi Birli\u011fi (T\u00dcREB) taraf\u0131ndan D\u00fcnya R\u00fczgar G\u00fcn\u00fc kapsam\u0131nda Enerji Piyasas\u0131 D\u00fczenleme Kurumu<img loading=\"lazy\" class=\"alignright size-full wp-image-547\" title=\"ruzgar enerjisi\" src=\"https:\/\/www.enerjigazetesi.ist\/wp-content\/uploads\/2012\/06\/1423.jpg\" alt=\"\" width=\"300\" height=\"300\" srcset=\"https:\/\/www.enerjigazetesi.ist\/wp-content\/uploads\/2012\/06\/1423.jpg 300w, https:\/\/www.enerjigazetesi.ist\/wp-content\/uploads\/2012\/06\/1423-150x150.jpg 150w, https:\/\/www.enerjigazetesi.ist\/wp-content\/uploads\/2012\/06\/1423-50x50.jpg 50w\" sizes=\"(max-width: 300px) 100vw, 300px\" \/> (EPDK) sergi salonunda d\u00fczenlenen &#8221;T\u00fcrkiye&#8217;de R\u00fczgar&#8221; konulu foto\u011fraf yar\u0131\u015fmas\u0131 \u00f6d\u00fcl t\u00f6renine kat\u0131ld\u0131.\u00a0<\/div>\n<div>Bakan Y\u0131ld\u0131z, burada yapt\u0131\u011f\u0131 konu\u015fmada, r\u00fczgar bilinci ve k\u00fclt\u00fcr\u00fcn\u00fcn yerle\u015fmesi a\u00e7\u0131s\u0131ndan bu t\u00fcr etkinliklerin \u00f6nemini vurgulad\u0131.\u00a0<\/div>\n<div>\u00a0 \u00a0<br \/>\n\u00a0Bug\u00fcn toplam 86 \u00fclkede 240 bin MW g\u00fcc\u00fcnde r\u00fczgar enerjisi tesisi bulundu\u011funu ifade eden Y\u0131ld\u0131z,<br \/>\n&#8221;T\u00fcrkiye, de\u011fi\u015fen y\u00fcz\u00fcyle, geli\u015fen y\u00fcz\u00fcyle, ilerleyen y\u00fcz\u00fcyle beraber r\u00fczgar enerjisini 12 bin MW d\u00fczeyinde lisanslad\u0131. T\u00fcrkiye&#8217;de yakla\u015f\u0131k 2 bin MW g\u00fcc\u00fcnde i\u015fletmede olan r\u00fczgar enerjisi tesisi bulunuyor. 10 y\u0131l \u00f6nce bu rakam\u0131 telaffuz edemiyorduk&#8221; dedi.\u00a0<\/div>\n<div>\u00a0\u00a0\u00a0<br \/>\nEPDK Ba\u015fkan\u0131 Hasan K\u00f6kta\u015f da enerji camias\u0131 olarak \u00e7ok \u00e7al\u0131\u015ft\u0131klar\u0131n\u0131 belirterek, bug\u00fcn itibariyle yakla\u015f\u0131k 2 bin MW&#8217;nin \u00fczerinde halen in\u015faat\u0131 devam eden r\u00fczgar enerjisi tesisi bulundu\u011funu, toplamda verdikleri lisans\u0131n ise \u00e7al\u0131\u015fmakta olanlar dahil 12 bin MW&#8217;nin \u00fczerine \u00e7\u0131kt\u0131\u011f\u0131n\u0131 kaydetti.\u00a0<\/div>\n<div>\u00a0 \u00a0 \u00a0<br \/>\nK\u00f6kta\u015f, &#8221;Bu \u015fu anlama geliyor, T\u00fcrkiye, k\u0131sa bir s\u00fcre sonra r\u00fczgar\u0131 enerjiye d\u00f6n\u00fc\u015ft\u00fcren \u00fclke olarak Avrupa Birli\u011fi (AB) \u00fclkeleri aras\u0131nda 3. s\u0131raya yerle\u015fmi\u015f olacak&#8221; diye konu\u015ftu.\u00a0<\/div>\n<div>\u00a0 \u00a0 \u00a0<br \/>\nT\u00dcREB Ba\u015fkan\u0131 Mustafa Serdar Ataseven ise ama\u00e7lar\u0131n\u0131n T\u00fcrkiye&#8217;deki r\u00fczgar potansiyelini ekonomiye kazand\u0131rmak oldu\u011funu ifade ederek, ayn\u0131 zamanda r\u00fczgar bilincini halka yaymak istediklerini s\u00f6yledi.\u00a0<\/div>\n<div>\u00a0 \u00a0<br \/>\nT\u00fcrkiye&#8217;nin son d\u00f6nemde r\u00fczgar enerjisinde yakalad\u0131\u011f\u0131 iyi performans\u0131n Avrupa&#8217;n\u0131n da dikkatini \u00e7ekti\u011fini anlatan Ataseven, Nisan ay\u0131nda yap\u0131lan Avrupa R\u00fczgar Enerjisi Birli\u011fi Konferans\u0131&#8217;nda, T\u00fcrkiye&#8217;nin, Romanya ve Polonya ile birlikte g\u00f6zde \u00fclkeler aras\u0131nda yer ald\u0131\u011f\u0131n\u0131 kaydetti.\u00a0<\/div>\n<div>\u00a0 \u00a0 \u00a0<br \/>\nHalk\u0131n dikkatini r\u00fczgar enerjisine \u00e7ekmek ve bu temiz enerjinin faydalar\u0131n\u0131 anlatmak \u00fczere \u00e7e\u015fitli etkinlikler yapt\u0131klar\u0131n\u0131 anlatan Ataseven, foto\u011fraf yar\u0131\u015fmas\u0131n\u0131n da bu kapsamda d\u00fczenlendi\u011fini belirtti.\u00a0<\/div>\n<div>\u00a0\u00a0\u00a0<br \/>\nAtaseven, foto\u011fraf yar\u0131\u015fmas\u0131na 250 ki\u015finin 862 foto\u011frafla kat\u0131ld\u0131\u011f\u0131n\u0131, de\u011ferlendirme sonucunda 50 foto\u011fraf\u0131n sergilenmesine karar verildi\u011fini s\u00f6yledi.\u00a0<\/div>\n<div>\u00a0 \u00a0 \u00a0<br \/>\nKonu\u015fmalar\u0131n ard\u0131ndan Bakan Y\u0131ld\u0131z, EPDK Ba\u015fkan\u0131 K\u00f6kta\u015f ve T\u00dcREB Ba\u015fkan\u0131 Ataseven, yar\u0131\u015fmada dereceye giren foto\u011fraf\u00e7\u0131lara plaketlerini verdiler.\u00a0<\/div>\n<div>\u00a0<\/div>\n<div>Kaynak: \u00a0<a href=\"http:\/\/www.hakimiyet.com\/ekonomi\/turkiye-ruzgar-enerjisinde-3-siraya-yerlesecek-h23554.html\" target=\"_blank\">Hakimiyet.com <\/a><\/div>\n<p><\/p>","protected":false},"excerpt":{"rendered":"<p>Sorry, this entry is only available in Turkish. For the sake of viewer convenience, the content is shown below in the alternative language. You may click the link to switch the active language.Enerji ve Tabii Kaynaklar Bakan\u0131 Taner Y\u0131ld\u0131z, T\u00fcrkiye&#8217;de yakla\u015f\u0131k 2 bin MW g\u00fcc\u00fcnde i\u015fletmede olan r\u00fczgar enerjisi tesisinin bulundu\u011funu s\u00f6yledi. Y\u0131ld\u0131z, T\u00fcrkiye R\u00fczgar [&hellip;]<\/p>\n","protected":false},"author":1,"featured_media":547,"comment_status":"open","ping_status":"open","sticky":false,"template":"","format":"standard","meta":[],"categories":[53,52,50],"tags":[12,69,16],"views":831,"_links":{"self":[{"href":"https:\/\/www.enerjigazetesi.ist\/en\/wp-json\/wp\/v2\/posts\/546"}],"collection":[{"href":"https:\/\/www.enerjigazetesi.ist\/en\/wp-json\/wp\/v2\/posts"}],"about":[{"href":"https:\/\/www.enerjigazetesi.ist\/en\/wp-json\/wp\/v2\/types\/post"}],"author":[{"embeddable":true,"href":"https:\/\/www.enerjigazetesi.ist\/en\/wp-json\/wp\/v2\/users\/1"}],"replies":[{"embeddable":true,"href":"https:\/\/www.enerjigazetesi.ist\/en\/wp-json\/wp\/v2\/comments?post=546"}],"version-history":[{"count":2,"href":"https:\/\/www.enerjigazetesi.ist\/en\/wp-json\/wp\/v2\/posts\/546\/revisions"}],"predecessor-version":[{"id":549,"href":"https:\/\/www.enerjigazetesi.ist\/en\/wp-json\/wp\/v2\/posts\/546\/revisions\/549"}],"wp:featuredmedia":[{"embeddable":true,"href":"https:\/\/www.enerjigazetesi.ist\/en\/wp-json\/wp\/v2\/media\/547"}],"wp:attachment":[{"href":"https:\/\/www.enerjigazetesi.ist\/en\/wp-json\/wp\/v2\/media?parent=546"}],"wp:term":[{"taxonomy":"category","embeddable":true,"href":"https:\/\/www.enerjigazetesi.ist\/en\/wp-json\/wp\/v2\/categories?post=546"},{"taxonomy":"post_tag","embeddable":true,"href":"https:\/\/www.enerjigazetesi.ist\/en\/wp-json\/wp\/v2\/tags?post=546"}],"curies":[{"name":"wp","href":"https:\/\/api.w.org\/{rel}","templated":true}]}}