{"id":54580,"date":"2016-06-25T11:53:55","date_gmt":"2016-06-25T08:53:55","guid":{"rendered":"https:\/\/www.enerjigazetesi.ist\/?p=54580"},"modified":"2016-06-25T11:55:03","modified_gmt":"2016-06-25T08:55:03","slug":"ilk-milli-turbin-gelistirme-laboratuvari-miz-ankarada-faaliyete-gecti","status":"publish","type":"post","link":"https:\/\/www.enerjigazetesi.ist\/en\/ilk-milli-turbin-gelistirme-laboratuvari-miz-ankarada-faaliyete-gecti\/","title":{"rendered":"(Turkish) \u0130lk Milli T\u00fcrbin Geli\u015ftirme Laboratuvar\u0131 Ankara&#8217;da Faaliyete Ge\u00e7ti!"},"content":{"rendered":"<p class=\"qtranxs-available-languages-message qtranxs-available-languages-message-en\">Sorry, this entry is only available in <a href=\"https:\/\/www.enerjigazetesi.ist\/tr\/wp-json\/wp\/v2\/posts\/54580\" class=\"qtranxs-available-language-link qtranxs-available-language-link-tr\" title=\"Turkish\">Turkish<\/a>. For the sake of viewer convenience, the content is shown below in the alternative language. You may click the link to switch the active language.<\/p><p><\/p>\n<p class=\"selectionShareable\" style=\"color: #0a0a0a;\"><strong>T\u00fcrkiye\u2019nin ilk milli t\u00fcrbin geli\u015ftirme laboratuvar\u0131, T\u00fcrkiye Bilimsel ve Teknolojik Ara\u015ft\u0131rma Kurumu (T\u00dcB\u0130TAK) ve Ortado\u011fu Teknik \u00dcniversitesi (ODT\u00dc) i\u015fbirli\u011fiyle Ankara\u2019da a\u00e7\u0131ld\u0131.<\/strong><span id=\"more-81993\"><\/span><\/p>\n<p class=\"selectionShareable\" style=\"color: #0a0a0a;\">ODT\u00dc\u2019den yap\u0131lan yaz\u0131l\u0131 a\u00e7\u0131klamaya g\u00f6re, ilk milli t\u00fcrbin teknolojisinin malzemelerinin geli\u015ftirilece\u011fi ara\u015ft\u0131rma ve geli\u015ftirme (Ar-Ge) laboratuvar\u0131 ODT\u00dc kamp\u00fc<a href=\"https:\/\/www.enerjigazetesi.ist\/wp-content\/uploads\/2016\/06\/turkiyenin-ilk-milli-turbin-gelistirme-laboratuvari-acildi.jpg\"><img loading=\"lazy\" class=\"alignleft size-medium wp-image-54581\" src=\"https:\/\/www.enerjigazetesi.ist\/wp-content\/uploads\/2016\/06\/turkiyenin-ilk-milli-turbin-gelistirme-laboratuvari-acildi-300x216.jpg\" alt=\"turkiyenin-ilk-milli-turbin-gelistirme-laboratuvari-acildi\" width=\"300\" height=\"216\" srcset=\"https:\/\/www.enerjigazetesi.ist\/wp-content\/uploads\/2016\/06\/turkiyenin-ilk-milli-turbin-gelistirme-laboratuvari-acildi-300x216.jpg 300w, https:\/\/www.enerjigazetesi.ist\/wp-content\/uploads\/2016\/06\/turkiyenin-ilk-milli-turbin-gelistirme-laboratuvari-acildi-500x361.jpg 500w, https:\/\/www.enerjigazetesi.ist\/wp-content\/uploads\/2016\/06\/turkiyenin-ilk-milli-turbin-gelistirme-laboratuvari-acildi-69x50.jpg 69w, https:\/\/www.enerjigazetesi.ist\/wp-content\/uploads\/2016\/06\/turkiyenin-ilk-milli-turbin-gelistirme-laboratuvari-acildi.jpg 696w\" sizes=\"(max-width: 300px) 100vw, 300px\" \/><\/a>s\u00fc i\u00e7erisinde hizmete girdi. T\u00dcB\u0130TAK ve ODT\u00dc\u2019n\u00fcn kendi \u00f6z sermayeleriyle iki y\u0131ll\u0131k \u00f6n \u00e7al\u0131\u015fma sonras\u0131 kurulan \u2018\u0130nce Film ve Kaplama Ara\u015ft\u0131rmalar\u0131 Laboratuvar\u0131n\u0131n toplam 3 milyon liraya mal oldu\u011fu bildirildi.<\/p>\n<p class=\"selectionShareable\" style=\"color: #0a0a0a;\">T\u00fcrkiye\u2019nin milli u\u00e7ak motoru ve milli jet motoru teknolojisinin geli\u015ftirebilmesi i\u00e7in gerekli malzemelerin \u00fcretilmesi y\u00f6n\u00fcnde ara\u015ft\u0131rmalar\u0131n yap\u0131labilece\u011fi laboratuvarda, enerji, savunma, ileti\u015fim, elektronik-optik ve uzay teknolojilerinde de kullan\u0131labilecek katman malzemelerin geli\u015ftirilebilece\u011fi ifade edildi.<\/p>\n<p class=\"selectionShareable\" style=\"color: #0a0a0a;\">Laboratuvarda \u0130stanbul-Ambarl\u0131 do\u011falgaz enerji santralinin t\u00fcrbin motorlar\u0131 i\u00e7in malzeme geli\u015ftirilece\u011fi vurgulanan a\u00e7\u0131klamada, T\u00fcrkiye\u2019nin di\u011fer b\u00fct\u00fcn do\u011falgaz enerji santrallerinin t\u00fcrbin motorlar\u0131 i\u00e7in de malzeme teknolojisi geli\u015ftirilebilece\u011fi kaydedildi.<\/p>\n<p class=\"selectionShareable\" style=\"color: #0a0a0a;\">Kaynak: Enerji Enstit\u00fcs\u00fc<\/p>\n<p><\/p>","protected":false},"excerpt":{"rendered":"<p>Sorry, this entry is only available in Turkish. For the sake of viewer convenience, the content is shown below in the alternative language. You may click the link to switch the active language. T\u00fcrkiye\u2019nin ilk milli t\u00fcrbin geli\u015ftirme laboratuvar\u0131, T\u00fcrkiye Bilimsel ve Teknolojik Ara\u015ft\u0131rma Kurumu (T\u00dcB\u0130TAK) ve Ortado\u011fu Teknik \u00dcniversitesi (ODT\u00dc) i\u015fbirli\u011fiyle Ankara\u2019da a\u00e7\u0131ld\u0131. ODT\u00dc\u2019den [&hellip;]<\/p>\n","protected":false},"author":1,"featured_media":54581,"comment_status":"open","ping_status":"open","sticky":false,"template":"","format":"standard","meta":[],"categories":[53,50],"tags":[2059,63,67,1009,2698,165,30361,30362,30360,985,69,16,23318,22615,4784,1971,30363],"views":1073,"_links":{"self":[{"href":"https:\/\/www.enerjigazetesi.ist\/en\/wp-json\/wp\/v2\/posts\/54580"}],"collection":[{"href":"https:\/\/www.enerjigazetesi.ist\/en\/wp-json\/wp\/v2\/posts"}],"about":[{"href":"https:\/\/www.enerjigazetesi.ist\/en\/wp-json\/wp\/v2\/types\/post"}],"author":[{"embeddable":true,"href":"https:\/\/www.enerjigazetesi.ist\/en\/wp-json\/wp\/v2\/users\/1"}],"replies":[{"embeddable":true,"href":"https:\/\/www.enerjigazetesi.ist\/en\/wp-json\/wp\/v2\/comments?post=54580"}],"version-history":[{"count":2,"href":"https:\/\/www.enerjigazetesi.ist\/en\/wp-json\/wp\/v2\/posts\/54580\/revisions"}],"predecessor-version":[{"id":54583,"href":"https:\/\/www.enerjigazetesi.ist\/en\/wp-json\/wp\/v2\/posts\/54580\/revisions\/54583"}],"wp:featuredmedia":[{"embeddable":true,"href":"https:\/\/www.enerjigazetesi.ist\/en\/wp-json\/wp\/v2\/media\/54581"}],"wp:attachment":[{"href":"https:\/\/www.enerjigazetesi.ist\/en\/wp-json\/wp\/v2\/media?parent=54580"}],"wp:term":[{"taxonomy":"category","embeddable":true,"href":"https:\/\/www.enerjigazetesi.ist\/en\/wp-json\/wp\/v2\/categories?post=54580"},{"taxonomy":"post_tag","embeddable":true,"href":"https:\/\/www.enerjigazetesi.ist\/en\/wp-json\/wp\/v2\/tags?post=54580"}],"curies":[{"name":"wp","href":"https:\/\/api.w.org\/{rel}","templated":true}]}}