{"id":54533,"date":"2016-06-24T12:10:18","date_gmt":"2016-06-24T09:10:18","guid":{"rendered":"https:\/\/www.enerjigazetesi.ist\/?p=54533"},"modified":"2016-06-24T12:21:50","modified_gmt":"2016-06-24T09:21:50","slug":"petkimin-ilk-ceyrek-kari-yuzde-235-artis-gostererek-149-milyon-lira-oldu","status":"publish","type":"post","link":"https:\/\/www.enerjigazetesi.ist\/en\/petkimin-ilk-ceyrek-kari-yuzde-235-artis-gostererek-149-milyon-lira-oldu\/","title":{"rendered":"(Turkish) Petkim\u2019in \u0130lk \u00c7eyrek Kar\u0131 Y\u00fczde 235 Art\u0131\u015f G\u00f6stererek 149 Milyon Lira Oldu&#8230;"},"content":{"rendered":"<p class=\"qtranxs-available-languages-message qtranxs-available-languages-message-en\">Sorry, this entry is only available in <a href=\"https:\/\/www.enerjigazetesi.ist\/tr\/wp-json\/wp\/v2\/posts\/54533\" class=\"qtranxs-available-language-link qtranxs-available-language-link-tr\" title=\"Turkish\">Turkish<\/a>. For the sake of viewer convenience, the content is shown below in the alternative language. You may click the link to switch the active language.<\/p><p><\/p>\n<p class=\"selectionShareable\" style=\"color: #0a0a0a;\"><strong>Petkim Genel M\u00fcd\u00fcr\u00fc Sadettin Korkut, \u015firketin, bu y\u0131l\u0131n ilk \u00e7eyrek net kar\u0131n\u0131n ge\u00e7en y\u0131l\u0131n ayn\u0131 d\u00f6nemine g\u00f6re, y\u00fczde 235 art\u0131\u015fla 149 milyon liraya y\u00fckseldi\u011fini, cironun da 1 milyar 108 milyon lira olarak ger\u00e7ekle\u015fti\u011fini belirtti.<\/strong><span id=\"more-81975\"><\/span><\/p>\n<p class=\"selectionShareable\" style=\"color: #0a0a0a;\">Korkut yapt\u0131\u011f\u0131 a\u00e7\u0131klamada, 2016 y\u0131l\u0131n\u0131n Petkim a\u00e7\u0131s\u0131ndan \u00f6nemli bir y\u0131l oldu\u011funu, kurumun de\u011ferine de\u011fer katacak 3 yat\u0131r\u0131m\u0131n sonu\u00e7lar\u0131n\u0131 y\u0131l sonu itibar\u0131yla almaya ba\u015flayacaklar\u0131n\u0131 ifade etti. Petkim Konteyner Liman\u0131<a href=\"https:\/\/www.enerjigazetesi.ist\/wp-content\/uploads\/2016\/06\/petkimin-ilk-ceyrek-kari-yuzde-235-artisla-149-milyon-liraya-yukseldi.jpg\"><img loading=\"lazy\" class=\"alignright size-medium wp-image-54534\" src=\"https:\/\/www.enerjigazetesi.ist\/wp-content\/uploads\/2016\/06\/petkimin-ilk-ceyrek-kari-yuzde-235-artisla-149-milyon-liraya-yukseldi-300x199.jpg\" alt=\"petkimin-ilk-ceyrek-kari-yuzde-235-artisla-149-milyon-liraya-yukseldi\" width=\"300\" height=\"199\" srcset=\"https:\/\/www.enerjigazetesi.ist\/wp-content\/uploads\/2016\/06\/petkimin-ilk-ceyrek-kari-yuzde-235-artisla-149-milyon-liraya-yukseldi-300x199.jpg 300w, https:\/\/www.enerjigazetesi.ist\/wp-content\/uploads\/2016\/06\/petkimin-ilk-ceyrek-kari-yuzde-235-artisla-149-milyon-liraya-yukseldi-500x332.jpg 500w, https:\/\/www.enerjigazetesi.ist\/wp-content\/uploads\/2016\/06\/petkimin-ilk-ceyrek-kari-yuzde-235-artisla-149-milyon-liraya-yukseldi-75x50.jpg 75w, https:\/\/www.enerjigazetesi.ist\/wp-content\/uploads\/2016\/06\/petkimin-ilk-ceyrek-kari-yuzde-235-artisla-149-milyon-liraya-yukseldi.jpg 696w\" sizes=\"(max-width: 300px) 100vw, 300px\" \/><\/a>, R\u00fczgar Enerji Santrali (RES) ve Petkim Specialities\u2019in kurumun verimlili\u011fini yukar\u0131 ta\u015f\u0131yaca\u011f\u0131na i\u015faret eden Korkut, 3 y\u0131la yak\u0131n s\u00fcre in\u015faat\u0131 s\u00fcren Petkim Konteyner Liman\u0131\u2019n\u0131 tamamlad\u0131klar\u0131n\u0131 ve ge\u00e7en y\u0131l Aral\u0131k ay\u0131nda i\u015fletmeci firmaya teslim ettiklerini bildirdi. Yakla\u015f\u0131k 400 milyon dolara mal olan bu yat\u0131r\u0131mla, Ege B\u00f6lgesi\u2019ne en b\u00fcy\u00fck konteyner liman\u0131n\u0131 kazand\u0131rd\u0131klar\u0131n\u0131, bunun ayn\u0131 zamanda T\u00fcrkiye\u2019nin \u00fc\u00e7\u00fcnc\u00fc en b\u00fcy\u00fck liman\u0131 oldu\u011funu vurgulayan Korkut, \u015funlar\u0131 kaydetti: \u201cLimanda i\u015fletmeci firma personel, e\u011fitim gibi prosed\u00fcrleri tamamlad\u0131ktan sonra yak\u0131n bir zamanda gemi kabul etmeye de ba\u015flayacak. Liman y\u00fcksek standartlarda kurulan altyap\u0131s\u0131, yeni nesil teknolojilerle hizmet verecek teknik ekipmanlar\u0131yla rekabette iddial\u0131 bir konumda olacak. Liman\u0131n resmi a\u00e7\u0131l\u0131\u015f\u0131n\u0131 ise y\u0131l\u0131n ikinci yar\u0131s\u0131nda T\u00fcrkiye ve Azerbaycan cumhurba\u015fkanlar\u0131m\u0131z\u0131n kat\u0131l\u0131mlar\u0131yla yapmay\u0131 hedefliyoruz.\u201d<\/p>\n<p class=\"selectionShareable\" style=\"color: #0a0a0a;\">Sadettin Korkut, Petkim\u2019in plastik sekt\u00f6r\u00fcndeki \u00f6nemine vurgu yaparak \u015funlar\u0131 kaydetti: \u201cPetkim, her y\u0131l kapasite maksimizasyonu, enerji verimlili\u011fi, maliyet d\u00fc\u015f\u00fcrme gibi ba\u015fl\u0131klarda en az 100 milyon dolar civar\u0131nda yat\u0131r\u0131mlar ger\u00e7ekle\u015ftirmektedir. 2015 y\u0131l\u0131nda yap\u0131lan yat\u0131r\u0131m miktar\u0131 yakla\u015f\u0131k 125 milyon dolar, 2016 y\u0131l\u0131 i\u00e7in planlanan toplam yat\u0131r\u0131m da yine 100 milyon dolar\u0131n \u00fczerinde olacak. Petkim\u2019in 2016 y\u0131l\u0131n\u0131n ilk \u00fc\u00e7 ay\u0131ndaki net kar\u0131 ge\u00e7en y\u0131l\u0131n ayn\u0131 d\u00f6nemine g\u00f6re y\u00fczde 235 art\u0131\u015fla 149 milyon TL\u2019ye y\u00fckselirken, ciro 1 milyar 108 milyon TL olarak ger\u00e7ekle\u015fti. 2016 y\u0131l\u0131 ilk \u00e7eyrek finansal sonu\u00e7lar\u0131 kapsam\u0131nda kapasite kullan\u0131m oran\u0131n\u0131 y\u00fczde 92,7 gibi bu sekt\u00f6r i\u00e7in \u00f6nemli bir de\u011fere ula\u015ft\u0131rd\u0131. 2015 y\u0131l\u0131 toplam net kar\u0131 \u015firket tarihinin en iyi sonu\u00e7lar\u0131ndan biri olarak 639 milyon TL oldu. 2015 y\u0131l\u0131nda, 50\u2019ye yak\u0131n \u00fclkeye 485 milyon dolar ihracat ger\u00e7ekle\u015ftiren Petkim, \u2018\u0130lk 1000 \u0130hracat\u00e7\u0131 Firma\u2019 s\u0131ralamas\u0131nda 19\u2019uncu s\u0131rada, Kimyevi Maddeler ve Mam\u00fclleri sekt\u00f6r\u00fc s\u0131ralamas\u0131nda ise 3\u2019\u00fcnc\u00fc s\u0131rada yer ald\u0131.\u201d<\/p>\n<p class=\"selectionShareable\" style=\"color: #0a0a0a;\">Kaynak: Enerji Enstit\u00fcs\u00fc<\/p>\n<p><\/p>","protected":false},"excerpt":{"rendered":"<p>Sorry, this entry is only available in Turkish. For the sake of viewer convenience, the content is shown below in the alternative language. You may click the link to switch the active language. Petkim Genel M\u00fcd\u00fcr\u00fc Sadettin Korkut, \u015firketin, bu y\u0131l\u0131n ilk \u00e7eyrek net kar\u0131n\u0131n ge\u00e7en y\u0131l\u0131n ayn\u0131 d\u00f6nemine g\u00f6re, y\u00fczde 235 art\u0131\u015fla 149 milyon [&hellip;]<\/p>\n","protected":false},"author":1,"featured_media":54534,"comment_status":"open","ping_status":"open","sticky":false,"template":"","format":"standard","meta":[],"categories":[53],"tags":[63,67,1009,2698,165,12,1568,30348,30349,59,30350,233,3249],"views":816,"_links":{"self":[{"href":"https:\/\/www.enerjigazetesi.ist\/en\/wp-json\/wp\/v2\/posts\/54533"}],"collection":[{"href":"https:\/\/www.enerjigazetesi.ist\/en\/wp-json\/wp\/v2\/posts"}],"about":[{"href":"https:\/\/www.enerjigazetesi.ist\/en\/wp-json\/wp\/v2\/types\/post"}],"author":[{"embeddable":true,"href":"https:\/\/www.enerjigazetesi.ist\/en\/wp-json\/wp\/v2\/users\/1"}],"replies":[{"embeddable":true,"href":"https:\/\/www.enerjigazetesi.ist\/en\/wp-json\/wp\/v2\/comments?post=54533"}],"version-history":[{"count":4,"href":"https:\/\/www.enerjigazetesi.ist\/en\/wp-json\/wp\/v2\/posts\/54533\/revisions"}],"predecessor-version":[{"id":54542,"href":"https:\/\/www.enerjigazetesi.ist\/en\/wp-json\/wp\/v2\/posts\/54533\/revisions\/54542"}],"wp:featuredmedia":[{"embeddable":true,"href":"https:\/\/www.enerjigazetesi.ist\/en\/wp-json\/wp\/v2\/media\/54534"}],"wp:attachment":[{"href":"https:\/\/www.enerjigazetesi.ist\/en\/wp-json\/wp\/v2\/media?parent=54533"}],"wp:term":[{"taxonomy":"category","embeddable":true,"href":"https:\/\/www.enerjigazetesi.ist\/en\/wp-json\/wp\/v2\/categories?post=54533"},{"taxonomy":"post_tag","embeddable":true,"href":"https:\/\/www.enerjigazetesi.ist\/en\/wp-json\/wp\/v2\/tags?post=54533"}],"curies":[{"name":"wp","href":"https:\/\/api.w.org\/{rel}","templated":true}]}}