{"id":54524,"date":"2016-06-24T11:41:39","date_gmt":"2016-06-24T08:41:39","guid":{"rendered":"https:\/\/www.enerjigazetesi.ist\/?p=54524"},"modified":"2016-06-24T11:41:39","modified_gmt":"2016-06-24T08:41:39","slug":"abu-dabi-yatirim-petrol-2017de-dengelenir","status":"publish","type":"post","link":"https:\/\/www.enerjigazetesi.ist\/en\/abu-dabi-yatirim-petrol-2017de-dengelenir\/","title":{"rendered":"(Turkish) Abu Dabi Yat\u0131r\u0131m: \u201cPetrol Fiyatlar\u0131 2017\u2019de Dengelenir!\u201d"},"content":{"rendered":"<p class=\"qtranxs-available-languages-message qtranxs-available-languages-message-en\">Sorry, this entry is only available in <a href=\"https:\/\/www.enerjigazetesi.ist\/tr\/wp-json\/wp\/v2\/posts\/54524\" class=\"qtranxs-available-language-link qtranxs-available-language-link-tr\" title=\"Turkish\">Turkish<\/a>. For the sake of viewer convenience, the content is shown below in the alternative language. You may click the link to switch the active language.<\/p><p><\/p>\n<p class=\"selectionShareable\" style=\"color: #0a0a0a;\"><strong>D\u00fcnyan\u0131n en fazla devlet fonuna sahip ikinci kurulu\u015fu Abu Dabi Yat\u0131r\u0131m Otoritesi, petroldeki arz-talep dengesinin 2017\u2019nin yaz aylar\u0131nda sa\u011flanaca\u011f\u0131n\u0131 a\u00e7\u0131klad\u0131.<\/strong><span id=\"more-81956\"><\/span><\/p>\n<p class=\"selectionShareable\" style=\"color: #0a0a0a;\">D\u00fcnyan\u0131n en fazla devlet fonuna sahip ikinci kurulu\u015fu Abu Dabi Yat\u0131r\u0131m Otoritesi, iki y\u0131lda y\u00fczde 50\u2019nin \u00fczerinde de\u011fer kaybeden petroldeki toparlanman\u0131n gelecek yaza kadar devam edece\u011fini s\u00f6yledi.<\/p>\n<p class=\"selectionShareable\" style=\"color: #0a0a0a;\"><a href=\"https:\/\/www.enerjigazetesi.ist\/wp-content\/uploads\/2016\/02\/rusya-ve-opec-uyeleri-petrol-fiyatlarini-gorusecek.jpg\"><img loading=\"lazy\" class=\"alignleft size-medium wp-image-50484\" src=\"https:\/\/www.enerjigazetesi.ist\/wp-content\/uploads\/2016\/02\/rusya-ve-opec-uyeleri-petrol-fiyatlarini-gorusecek-300x165.jpg\" alt=\"petrol-fiyatlari\" width=\"300\" height=\"165\" srcset=\"https:\/\/www.enerjigazetesi.ist\/wp-content\/uploads\/2016\/02\/rusya-ve-opec-uyeleri-petrol-fiyatlarini-gorusecek-300x165.jpg 300w, https:\/\/www.enerjigazetesi.ist\/wp-content\/uploads\/2016\/02\/rusya-ve-opec-uyeleri-petrol-fiyatlarini-gorusecek-500x276.jpg 500w, https:\/\/www.enerjigazetesi.ist\/wp-content\/uploads\/2016\/02\/rusya-ve-opec-uyeleri-petrol-fiyatlarini-gorusecek-80x44.jpg 80w, https:\/\/www.enerjigazetesi.ist\/wp-content\/uploads\/2016\/02\/rusya-ve-opec-uyeleri-petrol-fiyatlarini-gorusecek.jpg 696w\" sizes=\"(max-width: 300px) 100vw, 300px\" \/><\/a>Abu Dabi Yat\u0131r\u0131m Otoritesi\u2019nin K\u00fcresel Ara\u015ft\u0131rmalar M\u00fcd\u00fcr Christof Ruehl, Dubai\u2019de verdi\u011fi bir r\u00f6portajda petrol piyasas\u0131nda arz-talep dengesinin yeniden sa\u011flanmaya ba\u015flad\u0131\u011f\u0131n\u0131 ve \u00fcreticilerin y\u00fckselmeye ba\u015flayan fiyatlara nas\u0131l tepki verece\u011finin petrol\u00fcn y\u00f6n\u00fcn\u00fc belirleyece\u011fini s\u00f6yledi.<\/p>\n<p class=\"selectionShareable\" style=\"color: #0a0a0a;\">Arz-talep dengesini 2017 ortas\u0131nda g\u00f6rmeyi beklediklerini s\u00f6yleyn Ruehl, daha net bir \u00e7er\u00e7evenin k\u0131\u015f aylar\u0131nda olu\u015faca\u011f\u0131n\u0131 a\u00e7\u0131klad\u0131.<\/p>\n<p class=\"selectionShareable\" style=\"color: #0a0a0a;\">Haziran 2014\u2019te 100 dolar \u00fczerine \u00e7\u0131kan varil ba\u015f\u0131na petrol fiyatlar\u0131 2016 ba\u015f\u0131nda 30 dolar\u0131n alt\u0131na geriledi. ABD\u2019de baz\u0131 petrol rafinelerinin kapat\u0131lmas\u0131 ile Libya, Nijerya ve Kanada\u2019daki kesintiler, fiyatlar\u0131n tekrar 50 dolar seviyesini g\u00f6rmesine neden oldu.<\/p>\n<p class=\"selectionShareable\" style=\"color: #0a0a0a;\">Ge\u00e7en hafta bir a\u00e7\u0131klama yapan \u0130ngiliz petrol devi BP\u2019nin CEO\u2019su Bob Dudley, piyasas\u0131n\u0131n eski h\u00e2line d\u00f6nece\u011fi tarihi 2016 sonu verirken, Petrol \u0130hra\u00e7 Eden \u00dclkeler \u00d6rg\u00fct\u00fc (OPEC), ayl\u0131k raporunda piyasan\u0131n gelecek \u00e7eyrek d\u00f6nemlerde yumu\u015fama g\u00f6sterece\u011fini s\u00f6yledi.<\/p>\n<p class=\"selectionShareable\" style=\"color: #0a0a0a;\">Goldman Sachs analistlerine g\u00f6re ABD\u2019nin g\u00fcnl\u00fck petrol \u00fcretiminin 2016\u2019da 665 bin, 2017\u2019de 420 bin azalmas\u0131 bekleniyor.<\/p>\n<p class=\"selectionShareable\" style=\"color: #0a0a0a;\">Kaynak: Enerji Enstit\u00fcs\u00fc<\/p>\n<p><\/p>","protected":false},"excerpt":{"rendered":"<p>Sorry, this entry is only available in Turkish. For the sake of viewer convenience, the content is shown below in the alternative language. You may click the link to switch the active language. D\u00fcnyan\u0131n en fazla devlet fonuna sahip ikinci kurulu\u015fu Abu Dabi Yat\u0131r\u0131m Otoritesi, petroldeki arz-talep dengesinin 2017\u2019nin yaz aylar\u0131nda sa\u011flanaca\u011f\u0131n\u0131 a\u00e7\u0131klad\u0131. D\u00fcnyan\u0131n en [&hellip;]<\/p>\n","protected":false},"author":1,"featured_media":50484,"comment_status":"open","ping_status":"open","sticky":false,"template":"","format":"standard","meta":[],"categories":[53,44],"tags":[30340,63,67,1009,2698,165,1377,59,79,347,2388,6790,887,2522,1369,30341],"views":768,"_links":{"self":[{"href":"https:\/\/www.enerjigazetesi.ist\/en\/wp-json\/wp\/v2\/posts\/54524"}],"collection":[{"href":"https:\/\/www.enerjigazetesi.ist\/en\/wp-json\/wp\/v2\/posts"}],"about":[{"href":"https:\/\/www.enerjigazetesi.ist\/en\/wp-json\/wp\/v2\/types\/post"}],"author":[{"embeddable":true,"href":"https:\/\/www.enerjigazetesi.ist\/en\/wp-json\/wp\/v2\/users\/1"}],"replies":[{"embeddable":true,"href":"https:\/\/www.enerjigazetesi.ist\/en\/wp-json\/wp\/v2\/comments?post=54524"}],"version-history":[{"count":1,"href":"https:\/\/www.enerjigazetesi.ist\/en\/wp-json\/wp\/v2\/posts\/54524\/revisions"}],"predecessor-version":[{"id":54525,"href":"https:\/\/www.enerjigazetesi.ist\/en\/wp-json\/wp\/v2\/posts\/54524\/revisions\/54525"}],"wp:featuredmedia":[{"embeddable":true,"href":"https:\/\/www.enerjigazetesi.ist\/en\/wp-json\/wp\/v2\/media\/50484"}],"wp:attachment":[{"href":"https:\/\/www.enerjigazetesi.ist\/en\/wp-json\/wp\/v2\/media?parent=54524"}],"wp:term":[{"taxonomy":"category","embeddable":true,"href":"https:\/\/www.enerjigazetesi.ist\/en\/wp-json\/wp\/v2\/categories?post=54524"},{"taxonomy":"post_tag","embeddable":true,"href":"https:\/\/www.enerjigazetesi.ist\/en\/wp-json\/wp\/v2\/tags?post=54524"}],"curies":[{"name":"wp","href":"https:\/\/api.w.org\/{rel}","templated":true}]}}