{"id":54506,"date":"2016-06-23T15:19:42","date_gmt":"2016-06-23T12:19:42","guid":{"rendered":"https:\/\/www.enerjigazetesi.ist\/?p=54506"},"modified":"2016-06-23T15:19:42","modified_gmt":"2016-06-23T12:19:42","slug":"sicaklarla-birlikte-evlerde-elektrik-tuketimi-yuzde-22-artis-gosterecek","status":"publish","type":"post","link":"https:\/\/www.enerjigazetesi.ist\/en\/sicaklarla-birlikte-evlerde-elektrik-tuketimi-yuzde-22-artis-gosterecek\/","title":{"rendered":"(Turkish) S\u0131caklarla Birlikte Evlerde Elektrik T\u00fcketimi Y\u00fczde 22 Art\u0131\u015f G\u00f6sterecek!"},"content":{"rendered":"<p class=\"qtranxs-available-languages-message qtranxs-available-languages-message-en\">Sorry, this entry is only available in <a href=\"https:\/\/www.enerjigazetesi.ist\/tr\/wp-json\/wp\/v2\/posts\/54506\" class=\"qtranxs-available-language-link qtranxs-available-language-link-tr\" title=\"Turkish\">Turkish<\/a>. For the sake of viewer convenience, the content is shown below in the alternative language. You may click the link to switch the active language.<\/p><p><strong>Yaz aylar\u0131nda s\u0131cakl\u0131klar\u0131n y\u00fckselmesi ile birlikte artacak klima kullan\u0131m\u0131 elektrik t\u00fcketimini y\u00fczde 22 artt\u0131racak. Bunun sonucunda ortalama bir ailenin elektrik faturas\u0131 15 Haziran ila 15 Eyl\u00fcl tarihleri aras\u0131nda yakla\u015f\u0131k olarak 350 TL artacak.<sup>3<\/sup><\/strong><\/p>\n<p>\u00d6nceki y\u0131llara bak\u0131ld\u0131\u011f\u0131nda Temmuz ve A\u011fustos aylar\u0131ndaki elektrik t\u00fcketimi, ayn\u0131 y\u0131l\u0131n di\u011fer aylar\u0131na g\u00f6re y\u00fczde 22 oran\u0131nda daha y\u00fcksek oldu. Bu yaz s\u0131cakl\u0131klar\u0131n daha da y\u00fckselmesi beklendi\u011finden art\u0131\u015f g\u00f6sterecek klima kullan\u0131m\u0131, sor birka\u00e7 y\u0131ldan bile daha fazla elektrik t\u00fcketi<img loading=\"lazy\" class=\"alignleft size-medium wp-image-54507\" src=\"https:\/\/www.enerjigazetesi.ist\/wp-content\/uploads\/2016\/06\/sicaklarla-birlikte-evlerde-elektrik-tuketimi-yuzde-22-artis-gosterecek-300x199.jpg\" alt=\"Thermometer\" width=\"300\" height=\"199\" srcset=\"https:\/\/www.enerjigazetesi.ist\/wp-content\/uploads\/2016\/06\/sicaklarla-birlikte-evlerde-elektrik-tuketimi-yuzde-22-artis-gosterecek-300x199.jpg 300w, https:\/\/www.enerjigazetesi.ist\/wp-content\/uploads\/2016\/06\/sicaklarla-birlikte-evlerde-elektrik-tuketimi-yuzde-22-artis-gosterecek-1024x682.jpg 1024w, https:\/\/www.enerjigazetesi.ist\/wp-content\/uploads\/2016\/06\/sicaklarla-birlikte-evlerde-elektrik-tuketimi-yuzde-22-artis-gosterecek-500x333.jpg 500w, https:\/\/www.enerjigazetesi.ist\/wp-content\/uploads\/2016\/06\/sicaklarla-birlikte-evlerde-elektrik-tuketimi-yuzde-22-artis-gosterecek-75x50.jpg 75w, https:\/\/www.enerjigazetesi.ist\/wp-content\/uploads\/2016\/06\/sicaklarla-birlikte-evlerde-elektrik-tuketimi-yuzde-22-artis-gosterecek.jpg 1688w\" sizes=\"(max-width: 300px) 100vw, 300px\" \/>mi olaca\u011f\u0131n\u0131 g\u00f6steriyor.\u201d<\/p>\n<p><strong>Yaz mevsiminde elektrik faturas\u0131ndan tasarruf etme y\u00f6ntemleri<\/strong><\/p>\n<p>Bu durumda artan s\u0131cakl\u0131klar\u0131n sonucu olarak elektrik faturalar\u0131 da artarken\u00a0klima kullan\u0131m\u0131n\u0131n fatura \u00fczerindeki etkilerini azaltmak ve yaz aylar\u0131 s\u00fcresince evlerde konforu art\u0131rmak i\u00e7in bir dizi \u00f6neri sunuyor.<\/p>\n<p><strong>1. En uygun\u00a0cihaz\u0131 se\u00e7in<\/strong><\/p>\n<p>E\u011fer kliman\u0131z\u0131 hen\u00fcz sat\u0131n almad\u0131ysan\u0131z \u00f6nce evinizin havaland\u0131rma gereksinimini analiz edip ard\u0131ndan ona g\u00f6re en do\u011fru ekipman\u0131 se\u00e7meli ve do\u011fru yere kurmal\u0131s\u0131n\u0131z. Klima piyasas\u0131 geni\u015f bir \u00fcr\u00fcn yelpazesi sunuyor ama benzer \u00f6zelliklere sahip olmas\u0131na ra\u011fmen baz\u0131 cihazlar %60\u2019a kadar daha fazla enerji t\u00fcketiyor. Bu nedenle, cihaz se\u00e7meden \u00f6nce a\u015fa\u011f\u0131daki tavsiyelere uymal\u0131s\u0131n\u0131z:<\/p>\n<p><strong>&#8211; Farkl\u0131 modelleri tan\u0131y\u0131n:<\/strong> E\u011fer evinizde daha verimli bir merkezi havaland\u0131rma sistemi yoksa piyasada bulunan merkezi olmayan bireysel cihaz modelleri aras\u0131nda se\u00e7im yapman\u0131z gerekir. Bu modeller, split tipi klimalar, paket tip klimalar ve pencere tipi klimalar olarak adland\u0131r\u0131labilir. Ba\u011f\u0131ms\u0131z klimalar daha fazla alan gerektirir ancak e\u015fit d\u00fczeyde enerji kullanarak daha geni\u015f kapasite sunar. K\u00fc\u00e7\u00fck portatif modeller de vard\u0131r ancak bunlar di\u011ferlerine g\u00f6re daha d\u00fc\u015f\u00fck enerji verimlili\u011fi sunar.<\/p>\n<p><strong>&#8211; G\u00fcc\u00fc g\u00f6z \u00f6n\u00fcnde bulundurun:<\/strong> Havaland\u0131rma sisteminin g\u00fcc\u00fc so\u011futmak istedi\u011finiz ev ya da odaya ba\u011fl\u0131 olmal\u0131d\u0131r. \u00d6rne\u011fin 35-40 m<sup>2<\/sup> boyutlar\u0131nda bir alan i\u00e7in 3 kW g\u00fc\u00e7 yeterlidir.<\/p>\n<p><strong>&#8211; Enerji etiketini hesaba kat\u0131n:<\/strong> \u0130klimlendirme cihazlar\u0131nda enerji verimlili\u011fini g\u00f6steren s\u0131n\u0131f etiketleri vard\u0131r: En verimli olan cihazlar A ile etiketlendirilirken enerji verimlili\u011fi d\u00fc\u015ft\u00fck\u00e7e etiketleme G\u2019ye kadar uzanr. Sadece A s\u0131n\u0131f\u0131 yerine ve A++ s\u0131n\u0131f\u0131n\u0131 kullanarak y\u0131lda 56 TL tasarruf edebilirsiniz.<sup>4<\/sup><\/p>\n<p><strong>&#8211; Do\u011fru alanda kurun:<\/strong> Hem i\u00e7 hem de d\u0131\u015f \u00fcnitelerin \u0131s\u0131 yayan cihazlar\u0131n uza\u011f\u0131nda ve iyi hava sirk\u00fclasyonu olan, g\u00f6lgeli alanlarda yer almas\u0131 gerekir.<\/p>\n<p><strong>2. Klimay\u0131 verimli kullan\u0131n<\/strong><\/p>\n<p>Evinizin konforunu yeterli seviyede tutarken, kliman\u0131n neden oldu\u011fu elektrik t\u00fcketimini azaltmak i\u00e7in a\u015fa\u011f\u0131daki tavsiyeleri uygulaman\u0131z yeterli olacakt\u0131r:<\/p>\n<p><strong>&#8211; Kliman\u0131n yaratt\u0131\u011f\u0131 so\u011fuk havan\u0131n kayb\u0131n\u0131 \u00f6nlemek i\u00e7in kap\u0131lar\u0131 ve pencereleri kapat\u0131n:<\/strong> Evlerdeki \u0131s\u0131 kayb\u0131n\u0131n %20\u2019si \u0131s\u0131 veya so\u011fuk kayb\u0131 neticesinde meydana gelir. Bu nedenle yal\u0131t\u0131m band\u0131 kullan\u0131n veya pencerelerdeki olas\u0131 s\u0131z\u0131nt\u0131lar\u0131 kontrol edin. Bu \u015fekilde iklimlendirme ve \u0131s\u0131tmadan (k\u0131\u015f aylar\u0131ndaki \u0131s\u0131 kayb\u0131 da dahil edildi\u011finde) y\u0131lda 390 TL tasarruf sa\u011flayabilirsiniz.<sup>5<\/sup><\/p>\n<p><strong>&#8211; Is\u0131 cam veya \u00e7ift cam kullan\u0131n:<\/strong> Yaz mevsiminde so\u011fuk havan\u0131n (ve k\u0131\u015f mevsiminde s\u0131cak havan\u0131n) d\u0131\u015far\u0131 s\u0131zmas\u0131n\u0131 \u00f6nler ve t\u00fcketimden y\u0131ll\u0131k %10 oran\u0131nda tasarruf sa\u011flar.<sup>5<\/sup><\/p>\n<p><strong>&#8211; Evde do\u011fru s\u0131cakl\u0131\u011f\u0131 se\u00e7in:<\/strong> 24 ila 26 derece aras\u0131nda sabit bir s\u0131cakl\u0131k ayarlamaya \u00f6zen g\u00f6sterin. \u00d6te yandanevin i\u00e7erisindeki s\u0131cakl\u0131k ile d\u0131\u015far\u0131daki s\u0131cakl\u0131k aras\u0131nda 12 dereceden fazla bir fark olmamas\u0131na dikkat edin. S\u0131cakl\u0131kta her bir derecelik d\u00fc\u015f\u00fc\u015fte cihaz, yakla\u015f\u0131k %8 oran\u0131nda fazladan enerji t\u00fcketir.<sup>5<\/sup><\/p>\n<p><strong>&#8211; Cihaz\u0131n bak\u0131m\u0131n\u0131 ihmal etmeyin:<\/strong> Kirli hava filtreleri, \u00fcnitenin evi so\u011futmak i\u00e7in daha fazla enerji t\u00fcketmesine neden olur. T\u00fcketimi art\u0131rmamak i\u00e7in cihaz\u0131n temiz ve bak\u0131ml\u0131 tutulmas\u0131 \u00e7ok \u00f6nemlidir.<\/p>\n<p><strong>&#8211; Evden \u00e7\u0131kmadan \u00f6nce kapat\u0131n:<\/strong> Evden ayr\u0131lmadan yakla\u015f\u0131k 20 dakika \u00f6nce klimay\u0131 kapatt\u0131\u011f\u0131n\u0131zdan emin olun.<\/p>\n<p><strong>&#8211; G\u00f6lgelik kurun:<\/strong> G\u00fcne\u015f \u0131\u015f\u0131nlar\u0131n\u0131n daha fazla vurdu\u011fu pencerelere g\u00f6lgelik, panjur, veranda gibi g\u00f6lgelikler kurarak s\u0131cak havan\u0131n evin i\u00e7erisine girmesini \u00f6nlersiniz. Bu da %30\u2019un \u00fczerinde enerji tasarrufu sa\u011flar.<sup>5<\/sup><\/p>\n<p><strong>&#8211; Do\u011fal hava ak\u0131mlar\u0131ndan faydalan\u0131n:<\/strong> D\u0131\u015far\u0131daki hava daha serin oldu\u011funda (sabah\u0131n erken saatleri ve ak\u015fam saatleri) evi havaland\u0131rarak do\u011fal hava ak\u0131mlar\u0131ndan faydalan\u0131n.<\/p>\n<p><strong>&#8211; Uygun k\u0131yafetler giyin:<\/strong> Daha fazla oday\u0131 so\u011futmak zorunda kalmamak i\u00e7in evdeyken ince k\u0131yafetler giyin. M\u00fcmk\u00fcn oldu\u011funca pamuklu veya ferah tutan kuma\u015flar se\u00e7in.<\/p>\n<p><strong>&#8211; Uygun yemek yiyin:<\/strong> Bolca su ve ferahlat\u0131c\u0131 yaz yemeklerinin t\u00fcketilmesi, \u00f6zellikle \u00e7ocuklarda ve ya\u015fl\u0131larda olmak \u00fczere s\u0131cak \u00e7arpmas\u0131n\u0131 ve su kayb\u0131n\u0131 \u00f6nlemek i\u00e7in \u00f6nemlidir.<\/p>\n<p><strong>3. Kendinizi s\u0131caktan koruyun<\/strong><\/p>\n<p>Evin i\u00e7erisindeki s\u0131cakl\u0131\u011f\u0131 korumaya y\u00f6nelik baz\u0131 y\u00f6nergelere uyulmas\u0131, klima \u00fcnitelerinin daha az kullan\u0131larak elektrik faturalar\u0131ndan tasarruf etmemizi sa\u011flayacakt\u0131r.<\/p>\n<p>Kaynaklar:<\/p>\n<p>1 &#8211; Elektrik Piyasas\u0131 2014 Y\u0131l\u0131 Piyasa Geli\u015fim Raporu, EPDK<\/p>\n<p>2- \u00a02014 y\u0131l\u0131 verilerine g\u00f6re Temmuz ve A\u011fustos aylar\u0131ndaki elektrik t\u00fcketimi y\u0131ll\u0131k ortalamalara g\u00f6re toplamda 4815 GWh art\u0131\u015f g\u00f6stermi\u015ftir. T\u00dc\u0130K verilerine g\u00f6re ayn\u0131 y\u0131l toplam elektrik t\u00fcketiminin y\u00fczde 22,3\u2019\u00fc mesken grubunda ger\u00e7ekle\u015fmi\u015ftir. Bu oran ile ulusal elektrik tarifelerinin t\u00fcm vergiler dahil birim fiyatlar\u0131 ile EnCazip taraf\u0131ndan yap\u0131lan hesaplama sonucu bu rakam elde edilmi\u015ftir.<\/p>\n<p>3- 3000 kW g\u00fcce sahip ortalama bir kliman\u0131n 15 Haziran \u2013 15 Eyl\u00fcl tarihleri aras\u0131nda g\u00fcnl\u00fck 6 saatlik ortalama \u00e7al\u0131\u015fmas\u0131 ile olu\u015facak enerji t\u00fcketim tahmini.<\/p>\n<p>4- \u00a0T\u00fcketim ve iklim \u015fartlar\u0131 a\u00e7\u0131s\u0131ndan T\u00fcrkiye\u2019ye benzerlik g\u00f6steren \u0130spanya\u2019daki veriler kullan\u0131lm\u0131\u015ft\u0131r. Kaynak: <a href=\"http:\/\/www.elobservatoriocetelem.es\/observatorio\/Observatorio_Consumo_Espana_%202015.pdf\"><span style=\"color: #0976b4;\">http:\/\/www.elobservatoriocetelem.es\/observatorio\/Observatorio_Consumo_Espana_%202015.pdf<\/span><\/a><\/p>\n<p>5- T\u00fcketim ve iklim \u015fartlar\u0131 a\u00e7\u0131s\u0131ndan T\u00fcrkiye\u2019ye benzerlik g\u00f6steren \u0130spanya\u2019daki veriler kullan\u0131lm\u0131\u015ft\u0131r. Veriler g\u00fcncel TCMB kurlar\u0131 ve EPDK Ulusal Tarifeleri baz al\u0131narak T\u00fcrkiye piyasas\u0131na uyarlanm\u0131\u015ft\u0131r. Kaynak: \u0130spanya Enerji Tasarrufu Enstit\u00fcs\u00fc.<\/p>","protected":false},"excerpt":{"rendered":"<p>Sorry, this entry is only available in Turkish. For the sake of viewer convenience, the content is shown below in the alternative language. You may click the link to switch the active language.Yaz aylar\u0131nda s\u0131cakl\u0131klar\u0131n y\u00fckselmesi ile birlikte artacak klima kullan\u0131m\u0131 elektrik t\u00fcketimini y\u00fczde 22 artt\u0131racak. Bunun sonucunda ortalama bir ailenin elektrik faturas\u0131 15 Haziran [&hellip;]<\/p>\n","protected":false},"author":1,"featured_media":54507,"comment_status":"open","ping_status":"open","sticky":false,"template":"","format":"standard","meta":[],"categories":[51,53],"tags":[1229,130,63,67,1009,2698,165,103,14919,17355],"views":908,"_links":{"self":[{"href":"https:\/\/www.enerjigazetesi.ist\/en\/wp-json\/wp\/v2\/posts\/54506"}],"collection":[{"href":"https:\/\/www.enerjigazetesi.ist\/en\/wp-json\/wp\/v2\/posts"}],"about":[{"href":"https:\/\/www.enerjigazetesi.ist\/en\/wp-json\/wp\/v2\/types\/post"}],"author":[{"embeddable":true,"href":"https:\/\/www.enerjigazetesi.ist\/en\/wp-json\/wp\/v2\/users\/1"}],"replies":[{"embeddable":true,"href":"https:\/\/www.enerjigazetesi.ist\/en\/wp-json\/wp\/v2\/comments?post=54506"}],"version-history":[{"count":1,"href":"https:\/\/www.enerjigazetesi.ist\/en\/wp-json\/wp\/v2\/posts\/54506\/revisions"}],"predecessor-version":[{"id":54508,"href":"https:\/\/www.enerjigazetesi.ist\/en\/wp-json\/wp\/v2\/posts\/54506\/revisions\/54508"}],"wp:featuredmedia":[{"embeddable":true,"href":"https:\/\/www.enerjigazetesi.ist\/en\/wp-json\/wp\/v2\/media\/54507"}],"wp:attachment":[{"href":"https:\/\/www.enerjigazetesi.ist\/en\/wp-json\/wp\/v2\/media?parent=54506"}],"wp:term":[{"taxonomy":"category","embeddable":true,"href":"https:\/\/www.enerjigazetesi.ist\/en\/wp-json\/wp\/v2\/categories?post=54506"},{"taxonomy":"post_tag","embeddable":true,"href":"https:\/\/www.enerjigazetesi.ist\/en\/wp-json\/wp\/v2\/tags?post=54506"}],"curies":[{"name":"wp","href":"https:\/\/api.w.org\/{rel}","templated":true}]}}