{"id":54401,"date":"2016-06-21T12:33:40","date_gmt":"2016-06-21T09:33:40","guid":{"rendered":"https:\/\/www.enerjigazetesi.ist\/?p=54401"},"modified":"2016-06-21T13:31:33","modified_gmt":"2016-06-21T10:31:33","slug":"turkiye-israil-iliskileri-dogalgaz-ile-yoluna-girecek","status":"publish","type":"post","link":"https:\/\/www.enerjigazetesi.ist\/en\/turkiye-israil-iliskileri-dogalgaz-ile-yoluna-girecek\/","title":{"rendered":"(Turkish) T\u00fcrkiye-\u0130srail \u0130li\u015fkileri Do\u011falgaz \u0130le Yoluna Girecek&#8230;"},"content":{"rendered":"<p class=\"qtranxs-available-languages-message qtranxs-available-languages-message-en\">Sorry, this entry is only available in <a href=\"https:\/\/www.enerjigazetesi.ist\/tr\/wp-json\/wp\/v2\/posts\/54401\" class=\"qtranxs-available-language-link qtranxs-available-language-link-tr\" title=\"Turkish\">Turkish<\/a>. For the sake of viewer convenience, the content is shown below in the alternative language. You may click the link to switch the active language.<\/p><p><\/p>\n<p class=\"selectionShareable\" style=\"color: #0a0a0a;\"><strong>Mavi Marmara olaylar\u0131 ile aras\u0131 bozulan T\u00fcrkiye ve \u0130srail\u2019in do\u011falgaz rezevleri konusunda anla\u015fmaya varabilece\u011fi\u00a0s\u00f6ylendi.<\/strong><span id=\"more-81882\"><\/span><\/p>\n<p class=\"selectionShareable\" style=\"color: #0a0a0a;\">Cumhurba\u015fkan\u0131 Tayyip Erdo\u011fan&#8217;\u0131n Mart ay\u0131nda Washington\u2019da yap\u0131lan n\u00fckleer g\u00fcvenlik zirvesindeyken \u0130srail Enerji Bakan\u0131 Yuval Steinitz ile \u00f6zel bir g\u00f6r\u00fc\u015fme yapm\u0131\u015ft\u0131. G\u00f6r\u00fc\u015fme, iki \u00fclke aras\u0131ndaki ili\u015fkilerin 10 ki\u015finin \u0130srail g\u00fc\u00e7le<a href=\"https:\/\/www.enerjigazetesi.ist\/wp-content\/uploads\/2016\/03\/ucuz-petrol-dogalgaz-talebini-dusuruyor.jpg\"><img loading=\"lazy\" class=\"alignleft wp-image-51057 size-medium\" src=\"https:\/\/www.enerjigazetesi.ist\/wp-content\/uploads\/2016\/03\/ucuz-petrol-dogalgaz-talebini-dusuruyor-300x165.jpg\" alt=\"petrol-dogalgaz-talebi\" width=\"300\" height=\"165\" srcset=\"https:\/\/www.enerjigazetesi.ist\/wp-content\/uploads\/2016\/03\/ucuz-petrol-dogalgaz-talebini-dusuruyor-300x165.jpg 300w, https:\/\/www.enerjigazetesi.ist\/wp-content\/uploads\/2016\/03\/ucuz-petrol-dogalgaz-talebini-dusuruyor-500x276.jpg 500w, https:\/\/www.enerjigazetesi.ist\/wp-content\/uploads\/2016\/03\/ucuz-petrol-dogalgaz-talebini-dusuruyor-80x44.jpg 80w, https:\/\/www.enerjigazetesi.ist\/wp-content\/uploads\/2016\/03\/ucuz-petrol-dogalgaz-talebini-dusuruyor.jpg 696w\" sizes=\"(max-width: 300px) 100vw, 300px\" \/><\/a>rince \u00f6ld\u00fcr\u00fcld\u00fc\u011f\u00fc Mavi Marmara olay\u0131yla beraber kesilmesinden sonra\u00a0ger\u00e7ekle\u015fen en \u00fcst d\u00fczey temas\u00a0olmu\u015ftu.<\/p>\n<p class=\"selectionShareable\" style=\"color: #0a0a0a;\">Detaylar\u0131\u00a0hakk\u0131nda daha \u00f6nce bilgi verilmeyen 20-30 dakikal\u0131k g\u00f6r\u00fc\u015fmede\u00a0Suriye\u2019deki sava\u015f, \u0130ran\u2019\u0131n Suriye\u2019deki varl\u0131\u011f\u0131, ter\u00f6r ve do\u011falgaz konular\u0131 da konu\u015fuldu.<\/p>\n<p class=\"selectionShareable\" style=\"color: #0a0a0a;\">Eski m\u00fcttefik iki \u00fclke aras\u0131nda yak\u0131nla\u015fman\u0131n itici g\u00fcc\u00fcn\u00fc g\u00fcndemin son maddesi, yani do\u011falgaz ve enerji olu\u015fturuyor. \u0130srail ve K\u0131br\u0131s\u2019\u0131 \u00e7evreleyen denizde mali de\u011feri y\u00fcz milyarlarca dolar bulan kan\u0131tlanm\u0131\u015f do\u011falgaz rezervi bulunuyor. \u0130srail\u2019in do\u011falgazdan istifade edebilmesi i\u00e7in T\u00fcrkiye\u2019nin yard\u0131m\u0131 gerekiyor.<\/p>\n<p class=\"selectionShareable\" style=\"color: #0a0a0a;\">Kud\u00fcs kentinde makam\u0131nda Reuters\u2019\u0131n sorular\u0131n\u0131 yan\u0131tlayan Steinitz, Washington\u2019daki g\u00f6r\u00fc\u015fmeyi teyit ederek, \u201c\u00c7ok iyi bir atmosferde ger\u00e7ekle\u015fti. Daha fazlas\u0131n\u0131 s\u00f6ylemek istemiyorum\u2026 T\u00fcrkiye ile diplomatik ili\u015fkileri tekrar kurman\u0131n ba\u015fl\u0131ca savunucular\u0131ndan biriyim\u201d dedi.<\/p>\n<p class=\"selectionShareable\" style=\"color: #0a0a0a;\">Washington\u2019daki g\u00f6r\u00fc\u015fmeden bu yana T\u00fcrkiye ve \u0130srail\u2019den \u00fcst d\u00fczey yetkililer Cenevre ve Londra\u2019da yap\u0131lan toplant\u0131larda ili\u015fkilerin nas\u0131l d\u00fczelece\u011finin ayr\u0131nt\u0131lar\u0131n\u0131 m\u00fczakere etti.<\/p>\n<p class=\"selectionShareable\" style=\"color: #0a0a0a;\">M\u00fczakerelerin arada \u00e7\u0131kmaza girdi\u011fi de olmaktad\u0131r. \u0130srail T\u00fcrkiye\u2019nin topraklar\u0131nda bulunan Hamas yetkilileri ile irtibat\u0131 kesmelerini istiyorlar, Ankara ise birka\u00e7 di\u011fer ko\u015fulla birlikte\u00a0Gazze\u2019deki Filistinlilere yard\u0131m ula\u015ft\u0131r\u0131laca\u011f\u0131na dair taahh\u00fct istemekte&#8230;<\/p>\n<p class=\"selectionShareable\" style=\"color: #0a0a0a;\">\u00dcst d\u00fczey bir T\u00fcrk yetkili g\u00f6r\u00fc\u015fmeden haberi olmad\u0131\u011f\u0131n\u0131 belirterek, cumhurba\u015fkan\u0131 ile bakan aras\u0131ndaki g\u00f6r\u00fc\u015fmenin protokole uygun olamayaca\u011f\u0131n\u0131 s\u00f6yledi.<\/p>\n<p class=\"selectionShareable\" style=\"color: #0a0a0a;\">\u0130srailli yetkililer iki \u00fclkenin birka\u00e7 hafta i\u00e7erisinde\u00a0anla\u015fabileceklerine d\u00fc\u015f\u00fcnmekteler.<\/p>\n<p class=\"selectionShareable\" style=\"color: #0a0a0a;\">Steinitz, \u201cZor konular\u0131n, ayr\u0131l\u0131klar\u0131n y\u00fczde 80-90\u2019\u0131n\u0131 \u00e7\u00f6zd\u00fck, art\u0131k iki taraf\u0131n da biraz iyi niyet ve esneklik g\u00f6stermesiyle geri kalan konular\u0131n \u00fcstesinden gelebilece\u011finin\u00a0(\u0130li\u015fkilerin normalle\u015fmesine) \u00e7ok yakla\u015f\u0131ld\u0131\u011f\u0131n\u0131 d\u00fc\u015f\u00fcn\u00fcyorum\u201d\u00a0ifadelerinde bulundu.<\/p>\n<p class=\"selectionShareable\" style=\"color: #0a0a0a;\">T\u00fcrkiye taraf\u0131ndan da bunu destekleyen\u00a0a\u00e7\u0131klamalar ger\u00e7ekle\u015fti. D\u0131\u015fi\u015fleri Bakan\u0131 Mevl\u00fct \u00c7avu\u015fo\u011flu, Ankara\u2019n\u0131n \u0130srail ile ili\u015fkileri normalle\u015ftirmesi i\u00e7in \u201cbir-iki g\u00f6r\u00fc\u015fme\u201dnin kald\u0131\u011f\u0131n\u0131 belirtmi\u015fti\u00a0ancak bir takvim vermemi\u015fti.<\/p>\n<p><\/p>","protected":false},"excerpt":{"rendered":"<p>Sorry, this entry is only available in Turkish. For the sake of viewer convenience, the content is shown below in the alternative language. You may click the link to switch the active language. Mavi Marmara olaylar\u0131 ile aras\u0131 bozulan T\u00fcrkiye ve \u0130srail\u2019in do\u011falgaz rezevleri konusunda anla\u015fmaya varabilece\u011fi\u00a0s\u00f6ylendi. Cumhurba\u015fkan\u0131 Tayyip Erdo\u011fan&#8217;\u0131n Mart ay\u0131nda Washington\u2019da yap\u0131lan n\u00fckleer [&hellip;]<\/p>\n","protected":false},"author":1,"featured_media":51057,"comment_status":"open","ping_status":"open","sticky":false,"template":"","format":"standard","meta":[],"categories":[46,53],"tags":[92,226,19761,2092,2677,63,67,1009,2698,165,9236,30302,3883],"views":708,"_links":{"self":[{"href":"https:\/\/www.enerjigazetesi.ist\/en\/wp-json\/wp\/v2\/posts\/54401"}],"collection":[{"href":"https:\/\/www.enerjigazetesi.ist\/en\/wp-json\/wp\/v2\/posts"}],"about":[{"href":"https:\/\/www.enerjigazetesi.ist\/en\/wp-json\/wp\/v2\/types\/post"}],"author":[{"embeddable":true,"href":"https:\/\/www.enerjigazetesi.ist\/en\/wp-json\/wp\/v2\/users\/1"}],"replies":[{"embeddable":true,"href":"https:\/\/www.enerjigazetesi.ist\/en\/wp-json\/wp\/v2\/comments?post=54401"}],"version-history":[{"count":5,"href":"https:\/\/www.enerjigazetesi.ist\/en\/wp-json\/wp\/v2\/posts\/54401\/revisions"}],"predecessor-version":[{"id":54409,"href":"https:\/\/www.enerjigazetesi.ist\/en\/wp-json\/wp\/v2\/posts\/54401\/revisions\/54409"}],"wp:featuredmedia":[{"embeddable":true,"href":"https:\/\/www.enerjigazetesi.ist\/en\/wp-json\/wp\/v2\/media\/51057"}],"wp:attachment":[{"href":"https:\/\/www.enerjigazetesi.ist\/en\/wp-json\/wp\/v2\/media?parent=54401"}],"wp:term":[{"taxonomy":"category","embeddable":true,"href":"https:\/\/www.enerjigazetesi.ist\/en\/wp-json\/wp\/v2\/categories?post=54401"},{"taxonomy":"post_tag","embeddable":true,"href":"https:\/\/www.enerjigazetesi.ist\/en\/wp-json\/wp\/v2\/tags?post=54401"}],"curies":[{"name":"wp","href":"https:\/\/api.w.org\/{rel}","templated":true}]}}